{"id":19172,"date":"2025-08-01T11:33:05","date_gmt":"2025-08-01T14:33:05","guid":{"rendered":"https:\/\/grandepremio.com\/br\/noticias\/roman-stanek-domina-classificacao-conquista-pole-rodada-hungria-f2-leonardo-fornaroli-2o\/"},"modified":"2025-08-01T12:07:37","modified_gmt":"2025-08-01T15:07:37","slug":"roman-stanek-domina-classificacao-conquista-pole-rodada-hungria-f2-leonardo-fornaroli-2o","status":"publish","type":"post","link":"https:\/\/grandepremio.com\/br\/f2\/roman-stanek-domina-classificacao-conquista-pole-rodada-hungria-f2-leonardo-fornaroli-2o\/","title":{"rendered":"Stan\u011bk domina classifica\u00e7\u00e3o e conquista pole da rodada da Hungria da F2. Fornaroli \u00e9 2\u00ba"},"content":{"rendered":"\n<p class=\"wp-block-paragraph\"><strong>Roman Stan\u011bk<\/strong> comandou a classifica\u00e7\u00e3o da<strong> rodada da Hungria<\/strong> da <strong>F\u00f3rmula 2<\/strong> e assegurou a pole-position para a corrida de domingo. Na sess\u00e3o realizada nesta sexta-feira (1\u00ba), ele liderou boa parte da atividade e ficou com a posi\u00e7\u00e3o de honra ao virar 1min28s779, 0s1 mais r\u00e1pido que o companheiro de <strong>Invicta<\/strong>,<strong> Leonardo Fornaroli<\/strong>. <strong>Jak Crawford <\/strong>ficou em terceiro.<\/p>\n\n\n\n<p class=\"wp-block-paragraph\">Enquanto Stan\u011bk foi seguro desde o come\u00e7o, Fornaroli, precisou entender o tra\u00e7ado at\u00e9 ter uma volta r\u00e1pida validada. Para se ter uma ideia, era o \u00faltimo colocado j\u00e1 com metade da sess\u00e3o transcorrida, chegando a perder o giro mais r\u00e1pido por passar com as rodas fora da linha branca na curva 1.<\/p>\n\n\n\n<p class=\"wp-block-paragraph\">Mesmo assim, o italiano se coloca em \u00f3tima posi\u00e7\u00e3o para ampliar a vantagem na lideran\u00e7a, j\u00e1 que o vice-l\u00edder,<strong> Richard Verschoor<\/strong>, ficou somente em 11\u00ba. D\u00e9cimo colocado,<strong> Josep Mar\u00eda Mart\u00ed<\/strong> larga na pole na corrida sprint.<\/p>\n\n\n\n<p class=\"wp-block-paragraph\">A F\u00f3rmula 2 retorna neste s\u00e1bado (2), \u00e0s 9h15 (de Bras\u00edlia, GMT-3), com a largada da corrida sprint. O <strong>GRANDE PR\u00caMIO<\/strong> acompanha todas as atividades da temporada 2025.<\/p>\n\n\n\n<p class=\"wp-block-paragraph\"><strong>Rodada da&nbsp;Hungria da&nbsp;<a href=\"https:\/\/www.grandepremio.com\/br\/f2\/\" target=\"_blank\" rel=\"noreferrer noopener\">F2<\/a>: veja os hor\u00e1rios em Brasil, Cabo Verde,&nbsp;<a href=\"https:\/\/grandepremio.pt\/\" target=\"_blank\" rel=\"noreferrer noopener\">Portugal<\/a>, Angola e Mo\u00e7ambique<\/strong><\/p>\n\n\n\n<figure class=\"wp-block-table\"><table class=\"has-fixed-layout\"><tbody><tr><td><strong>Sess\u00e3o<\/strong><\/td><td><strong>BRA*<\/strong><\/td><td><strong>CBV<\/strong><\/td><td><strong>POR<\/strong><br><strong>ANG<\/strong><\/td><td><strong>MOZ<\/strong><\/td><\/tr><tr><td>Corrida sprint<\/td><td>09:15<\/td><td>11:15<\/td><td>13:15<\/td><td>14:15<\/td><\/tr><tr><td>Corrida<\/td><td>05:00<\/td><td>07:00<\/td><td>09:00<\/td><td>10:00<\/td><\/tr><\/tbody><\/table><\/figure>\n\n\n\n<p class=\"wp-block-paragraph\"><em>*Hor\u00e1rio de Bras\u00edlia<\/em><\/p>\n\n\n\n<p class=\"wp-block-paragraph\"><strong>\u25b6\ufe0f<\/strong> <strong>Inscreva-se nos dois canais do GRANDE PR\u00caMIO no YouTube:\u00a0<a href=\"https:\/\/www.youtube.com\/channel\/UC9OlHEgxoaY6QY6nWPoiqQg?sub_confirmation=1\" target=\"_blank\" rel=\"noreferrer noopener\">GP<\/a>\u00a0|\u00a0<a href=\"https:\/\/www.youtube.com\/channel\/UC9csiS6q_C3C0FYhyr1rnFA?sub_confirmation=1\" target=\"_blank\" rel=\"noreferrer noopener\">GP2<\/a><\/strong><br>\u25b6\ufe0f <strong>OU\u00c7A TAMB\u00c9M:\u00a0<a href=\"https:\/\/www.grandepremio.com\/br\/f1\/noticias\/por-que-gp-hungria-mais-decisivo-do-que-parece-formula-1-paddockast-198\/\">Por que GP da Hungria \u00e9 mais decisivo do que parece na F1 | Paddockast #198<\/a><\/strong><\/p>\n\n\n\n<figure class=\"wp-block-image size-large\"><img decoding=\"async\" src=\"https:\/\/www.grandepremio.com\/br\/wp-content\/uploads\/2025\/08\/F2-2025-classificacao-Hungria-1-1200x675.jpg\" alt=\"\" class=\"wp-image-998794\"\/><figcaption class=\"wp-element-caption\">Tr\u00e1fego intenso na classifica\u00e7\u00e3o da F2 na Hungria (Foto: Reprodu\u00e7\u00e3o\/F2)<\/figcaption><\/figure>\n\n\n\n<h2 class=\"wp-block-heading\" id=\"h-confira-como-foi-a-classificacao-da-f2-no-hungaroring\">Confira como foi a classifica\u00e7\u00e3o da F2 no Hungaroring:<\/h2>\n\n\n\n<p class=\"wp-block-paragraph\">A F2 pegou a pista da Hungria bem mais quente que a F3: 44,5\u00b0C de asfalto, com 27,4\u00b0C de temperatura ambiente e umidade relativa do ar em 37%. Era esperado, portanto, que os tempos melhorassem consideravelmente conforme o tempo avan\u00e7asse, da mesma forma como se viu na classifica\u00e7\u00e3o da categoria anterior.<\/p>\n\n\n\n<p class=\"wp-block-paragraph\">No come\u00e7o, portanto, coube a Stan\u011bk estabelecer a marca a ser batida, com 1min29s107, seguido por Goethe, a 0s185 de dist\u00e2ncia. Vice-l\u00edder do campeonato, Verschoor era o terceiro, enquanto Fornaroli era o \u00fanico ainda sem volta r\u00e1pida registrada, dois extremos curiosos da equipe Invicta at\u00e9 ent\u00e3o.<\/p>\n\n\n\n<p class=\"wp-block-paragraph\">S\u00f3 que o l\u00edder da F2 anotou 1min28s935 e pegou a ponta, por\u00e9m excedeu os limites de pista na curva 1 e teve o tempo deletado, voltando ao \u00faltimo posto. Ao ser informado, pediu desculpas ao time e emendou mais uma tentativa. Dessa vez, conseguiu manter os pneus dentro da linha branca e ao menos subiu para quarto, com 1min29s418.<\/p>\n\n\n\n<p class=\"wp-block-paragraph\">Com mais um jogo de pneus em a\u00e7\u00e3o, <strong>Arvid Lindblad<\/strong> veio com o setor 1 em roxo, por\u00e9m n\u00e3o conseguiu tirar Stan\u011bk da lideran\u00e7a, j\u00e1 que o tcheco tamb\u00e9m melhorou bastante a pr\u00f3pria marca ao virar 1min28s779, com trecho intermedi\u00e1rio em roxo. A dist\u00e2ncia ficou em 0s4, tanto que o brit\u00e2nico caiu para s\u00e9timo com as melhoras de Crawford,<strong> Luke Browning<\/strong>,<strong> Joshua D\u00fcrksen<\/strong>, <strong>Oliver Goethe <\/strong>e<strong> Victor Martins<\/strong>.<\/p>\n\n\n\n<p class=\"wp-block-paragraph\">At\u00e9 ent\u00e3o, Dunne era somente o oitavo colocado, atr\u00e1s de Lindblad. Para completar, ainda entrou na mira da dire\u00e7\u00e3o de prova por unsafe release com <strong>Ritomo Miyata <\/strong>nos boxes, em lance que ficou para ser investigado ap\u00f3s a sess\u00e3o. Na pista, o irland\u00eas n\u00e3o foi al\u00e9m do nono posto, mas se escapar de puni\u00e7\u00e3o, ter\u00e1 a chance de largar na primeira fila na sprint.<\/p>\n\n\n\n<p class=\"wp-block-paragraph\">Com o cron\u00f4metro perto de zerar, Fornaroli foi para mais uma tentativa para destronar o colega de equipe. At\u00e9 conseguiu melhorar, mas n\u00e3o o suficiente para pegar a pole, mas ao menos deixa a sexta-feira com bom saldo por ter vencido o duelo particular contra os rivais diretos na briga pelo t\u00edtulo.<\/p>\n\n\n\n<p class=\"wp-block-paragraph\"><strong>F\u00f3rmula 2 2025, rodada da Hungria, Hungaroring, classifica\u00e7\u00e3o:<\/strong><\/p>\n\n\n\n<figure class=\"wp-block-table\"><table class=\"has-fixed-layout\"><tbody><tr><td>1<\/td><td>R STAN\u011aK<\/td><td>Invicta<\/td><td>1:28.779<\/td><td>&nbsp;<\/td><td>&nbsp;<\/td><\/tr><tr><td>2<\/td><td>L FORNAROLI<\/td><td>Invicta<\/td><td>1:28.925<\/td><td>+0.146<\/td><td>&nbsp;<\/td><\/tr><tr><td>3<\/td><td>J CRAWFORD<\/td><td>DAMS<\/td><td>1:28.952<\/td><td>+0.173<\/td><td>&nbsp;<\/td><\/tr><tr><td>4<\/td><td>L BROWNING<\/td><td>Hitech<\/td><td>1:29.029<\/td><td>+0.250<\/td><td>&nbsp;<\/td><\/tr><tr><td>5<\/td><td>J D\u00dcRKSEN<\/td><td>AIX<\/td><td>1:29.092<\/td><td>+0.313<\/td><td>&nbsp;<\/td><\/tr><tr><td>6<\/td><td>O GOETHE<\/td><td>MP<\/td><td>1:29.137<\/td><td>+0.358<\/td><td>&nbsp;<\/td><\/tr><tr><td>7<\/td><td>V MARTINS<\/td><td>ART<\/td><td>1:29.153<\/td><td>+0.374<\/td><td>&nbsp;<\/td><\/tr><tr><td>8<\/td><td>A LINDBLAD<\/td><td>Campos<\/td><td>1:29.213<\/td><td>+0.434<\/td><td>&nbsp;<\/td><\/tr><tr><td>9<\/td><td>A DUNNE<\/td><td>Rodin<\/td><td>1:29.246<\/td><td>+0.467<\/td><td>&nbsp;<\/td><\/tr><tr><td>10<\/td><td>J M MART\u00cd<\/td><td>Campos<\/td><td>1:29.301<\/td><td>+0.522<\/td><td>&nbsp;<\/td><\/tr><tr><td>11<\/td><td>R VERSCHOOR<\/td><td>MP<\/td><td>1:29.357<\/td><td>+0.578<\/td><td>&nbsp;<\/td><\/tr><tr><td>12<\/td><td>G MIN\u00cc<\/td><td>Prema<\/td><td>1:29.404<\/td><td>+0.625<\/td><td>&nbsp;<\/td><\/tr><tr><td>13<\/td><td>A CORDEEL<\/td><td>Rodin<\/td><td>1:29.419<\/td><td>+0.640<\/td><td>&nbsp;<\/td><\/tr><tr><td>14<\/td><td>D BEGANOVIC<\/td><td>Hitech<\/td><td>1:29.508<\/td><td>+0.729<\/td><td>&nbsp;<\/td><\/tr><tr><td>15<\/td><td>J BENNETT<\/td><td>Van Amersfoort<\/td><td>1:29.603<\/td><td>+0.824<\/td><td>&nbsp;<\/td><\/tr><tr><td>16<\/td><td>R VILLAG\u00d3MEZ<\/td><td>Van Amersfoort<\/td><td>1:29.606<\/td><td>+0.827<\/td><td>&nbsp;<\/td><\/tr><tr><td>17<\/td><td>R MIYATA<\/td><td>ART<\/td><td>1:29.695<\/td><td>+0.916<\/td><td>&nbsp;<\/td><\/tr><tr><td>18<\/td><td>S MONTOYA<\/td><td>Prema<\/td><td>1:29.766<\/td><td>+0.987<\/td><td>&nbsp;<\/td><\/tr><tr><td>19<\/td><td>S MEGUETOUNIF<\/td><td>Trident<\/td><td>1:29.802<\/td><td>+1.023<\/td><td>&nbsp;<\/td><\/tr><tr><td>20<\/td><td>K MAINI<\/td><td>DAMS<\/td><td>1:29.926<\/td><td>+1.147<\/td><td>&nbsp;<\/td><\/tr><tr><td>21<\/td><td>M ESTERSON<\/td><td>Trident<\/td><td>1:29.971<\/td><td>+1.192<\/td><td>&nbsp;<\/td><\/tr><tr><td>22<\/td><td>C SHIELDS<\/td><td>AIX<\/td><td>1:30.734<\/td><td>+1.955<\/td><td>&nbsp;<\/td><\/tr><\/tbody><\/table><\/figure>\n","protected":false},"excerpt":{"rendered":"<p>Roman Stan\u011bk puxou o 1-2 da Invicta no grid da F2 na Hungria. Jak Crawford ficou em terceiro<\/p>\n","protected":false},"author":0,"featured_media":1000998563,"comment_status":"closed","ping_status":"closed","sticky":false,"template":"","format":"standard","meta":{"42wp_featured_image_caption":"","42wp_featured_image_credits":"","42wp_featured_video":"","42wp_featured_image_hidden":false,"42wp_authors_list":[],"footnotes":""},"categories":[9],"tags":[31510,29654,30246,111,41547,2208,41881,1491,28285,35029,4122,44315,32114,44314,32113,35154,35030,2261,35790,26543,41882],"42wp_author":[47147],"class_list":["post-19172","post","type-post","status-publish","format-standard","has-post-thumbnail","hentry","category-f2","tag-alexander-dunne","tag-calendario-f2","tag-classificacao-f2","tag-f2","tag-f2-2025","tag-formula-2","tag-formula-2-2025","tag-grande-premio","tag-grandepremio","tag-horarios-f2","tag-hungaroring","tag-hungaroring-2025","tag-hungaroring-f2","tag-hungria-2025","tag-hungria-f2","tag-leonardo-fornaroli","tag-onde-assistir-f2","tag-richard-verschoor","tag-rodada-da-hungria","tag-roman-stanek","tag-temporada-2025-f2","42wp_author-luana-marino"],"_links":{"self":[{"href":"https:\/\/grandepremio.com\/br\/wp-json\/wp\/v2\/posts\/19172","targetHints":{"allow":["GET"]}}],"collection":[{"href":"https:\/\/grandepremio.com\/br\/wp-json\/wp\/v2\/posts"}],"about":[{"href":"https:\/\/grandepremio.com\/br\/wp-json\/wp\/v2\/types\/post"}],"replies":[{"embeddable":true,"href":"https:\/\/grandepremio.com\/br\/wp-json\/wp\/v2\/comments?post=19172"}],"version-history":[{"count":0,"href":"https:\/\/grandepremio.com\/br\/wp-json\/wp\/v2\/posts\/19172\/revisions"}],"wp:featuredmedia":[{"embeddable":true,"href":"https:\/\/grandepremio.com\/br\/wp-json\/wp\/v2\/media\/1000998563"}],"wp:attachment":[{"href":"https:\/\/grandepremio.com\/br\/wp-json\/wp\/v2\/media?parent=19172"}],"wp:term":[{"taxonomy":"category","embeddable":true,"href":"https:\/\/grandepremio.com\/br\/wp-json\/wp\/v2\/categories?post=19172"},{"taxonomy":"post_tag","embeddable":true,"href":"https:\/\/grandepremio.com\/br\/wp-json\/wp\/v2\/tags?post=19172"},{"taxonomy":"42wp_author","embeddable":true,"href":"https:\/\/grandepremio.com\/br\/wp-json\/wp\/v2\/42wp_author?post=19172"}],"curies":[{"name":"wp","href":"https:\/\/api.w.org\/{rel}","templated":true}]}}