{"id":19254,"date":"2025-07-30T13:44:23","date_gmt":"2025-07-30T16:44:23","guid":{"rendered":"https:\/\/grandepremio.com\/br\/noticias\/formula-e-aprofunda-conversas-aproxima-retorno-sanya-temporada-2025-26\/"},"modified":"2025-07-30T15:10:59","modified_gmt":"2025-07-30T18:10:59","slug":"formula-e-aprofunda-conversas-aproxima-retorno-sanya-temporada-2025-26","status":"publish","type":"post","link":"https:\/\/grandepremio.com\/br\/formula-e\/formula-e-aprofunda-conversas-aproxima-retorno-sanya-temporada-2025-26\/","title":{"rendered":"F\u00f3rmula E aprofunda conversas e se aproxima de retorno a Sanya na temporada 2025\/26"},"content":{"rendered":"\n<p class=\"wp-block-paragraph\">A <strong>F\u00f3rmula E<\/strong> est\u00e1 muito pr\u00f3xima de acertar o retorno de <strong>Sanya<\/strong>, na <strong>China<\/strong>, ao calend\u00e1rio na temporada 2025\/26. O acordo <strong>est\u00e1 em fase final de negocia\u00e7\u00f5es<\/strong> e deve ser confirmado oficialmente durante a reuni\u00e3o do <strong>Conselho Mundial de Esporte a Motor<\/strong> da Federa\u00e7\u00e3o Internacional de Automobilismo (FIA) em outubro.<\/p>\n\n\n\n<p class=\"wp-block-paragraph\"><strong><a href=\"https:\/\/www.grandepremio.com\/br\/formula-e\/noticias\/abertura-sp-estreia-madri-formula-e-divulga-calendario-temporada-2025-26\/\">O calend\u00e1rio da categoria para 2025\/26 foi divulgado em junho com 18 corridas em 12 etapas<\/a><\/strong>, incluindo duas datas ainda sem local definido: <strong>30 de maio<\/strong> e <strong>20 de junho<\/strong>. Segundo o portal ingl\u00eas <em>The Race<\/em>, a expectativa \u00e9 que a primeira dessas vagas fique com Sanya, enquanto a outra seja preenchida por <strong>Jacarta<\/strong>.<\/p>\n\n\n\n<p class=\"wp-block-paragraph\"><strong>Jeff Dodds<\/strong>, CEO da F\u00f3rmula E, evitou revelar os nomes das cidades em tratativa, mas destacou que as conversas est\u00e3o avan\u00e7adas.<\/p>\n\n\n\n<p class=\"wp-block-paragraph\">&#8220;<strong>Uma das partes nos d\u00e1 muito mais confian\u00e7a agora<\/strong>, porque j\u00e1 estamos no fluxo do investimento financeiro&#8221;, disse ao <em>The Race<\/em>. &#8220;Mas n\u00e3o quero criar falsas expectativas. N\u00e3o existe nada pior que anunciar um evento no calend\u00e1rio e precisar cancelar. <strong>Em quatro semanas, todos saber\u00e3o<\/strong>&#8220;, emendou.<\/p>\n\n\n\n<figure class=\"wp-block-image size-large\"><img decoding=\"async\" src=\"https:\/\/www.grandepremio.com\/br\/wp-content\/uploads\/2025\/07\/036A0442_2l7LOSCL_20250726042924-2048x2048-1-1200x800.jpg\" alt=\"\" class=\"wp-image-996733\"\/><figcaption class=\"wp-element-caption\">Temporada 2025\/26 da F\u00f3rmula E ter\u00e1 maior calend\u00e1rio da hist\u00f3ria, com 18 corridas (Foto: F\u00f3rmula E)<\/figcaption><\/figure>\n\n\n\n<p class=\"wp-block-paragraph\">Sanya recebeu a F\u00f3rmula E apenas uma vez, em mar\u00e7o de 2019, quando <strong>Jean-\u00c9ric Vergne<\/strong> venceu com a <strong>DS Techeetah<\/strong> na campanha que lhe rendeu o bicampeonato. Desde ent\u00e3o, a etapa n\u00e3o retornou ao calend\u00e1rio, inicialmente em fun\u00e7\u00e3o da pandemia e das restri\u00e7\u00f5es de viagem na China e, depois, com a entrada do circuito de Xangai.<\/p>\n\n\n\n<p class=\"wp-block-paragraph\">A perna asi\u00e1tica da pr\u00f3xima temporada come\u00e7a justamente com essas etapas em aberto. Ap\u00f3s isso, a categoria parte para a rodada dupla em Xangai, no in\u00edcio de julho, e do eP de T\u00f3quio, que ser\u00e1 disputado em nova data por conta de obras na regi\u00e3o do Big Sight. A temporada se encerrar\u00e1 novamente com a rodada dupla em Londres, na ExCeL Arena, agora em agosto.<\/p>\n\n\n\n<p class=\"wp-block-paragraph\">Com o encerramento da temporada, a&nbsp;<a href=\"https:\/\/www.grandepremio.com\/br\/formula-e\/\" target=\"_blank\" rel=\"noreferrer noopener\">F\u00f3rmula E<\/a>&nbsp;s\u00f3 volta \u00e0 pista de maneira oficial no dia&nbsp;<strong>6 de dezembro<\/strong>, no&nbsp;<strong>eP de&nbsp;<a href=\"https:\/\/www.grandepremio.com\/br\/circuito\/sao-paulo\/\" target=\"_blank\" rel=\"noreferrer noopener\">S\u00e3o Paulo<\/a><\/strong>&nbsp;\u2014 que vai abrir a pr\u00f3xima edi\u00e7\u00e3o da categoria. Com o maior calend\u00e1rio da hist\u00f3ria, o campeonato tamb\u00e9m vai passar por Cidade do M\u00e9xico, Miami, Jed\u00e1,&nbsp;<a href=\"https:\/\/es.grandepremio.com\/\" target=\"_blank\" rel=\"noreferrer noopener\">Madri<\/a>, Berlim, M\u00f4naco, Xangai,&nbsp;<a href=\"https:\/\/www.grandepremio.com\/br\/circuito\/toquio\/\" target=\"_blank\" rel=\"noreferrer noopener\">T\u00f3quio<\/a>&nbsp;e&nbsp;<a href=\"https:\/\/www.grandepremio.com\/br\/circuito\/londres\/\" target=\"_blank\" rel=\"noreferrer noopener\">Londres<\/a>, al\u00e9m de duas rodadas simples ainda n\u00e3o confirmadas.<\/p>\n\n\n\n<p class=\"wp-block-paragraph\"><strong>\u25b6\ufe0f<\/strong>&nbsp;<strong>Inscreva-se nos dois canais do GRANDE PR\u00caMIO no YouTube:&nbsp;<a href=\"https:\/\/www.youtube.com\/channel\/UC9OlHEgxoaY6QY6nWPoiqQg?sub_confirmation=1\" target=\"_blank\" rel=\"noreferrer noopener\">GP<\/a>&nbsp;|&nbsp;<a href=\"https:\/\/www.youtube.com\/channel\/UC9csiS6q_C3C0FYhyr1rnFA?sub_confirmation=1\" target=\"_blank\" rel=\"noreferrer noopener\">GP2<\/a><\/strong><\/p>\n\n\n\n<figure class=\"wp-block-embed is-type-video is-provider-youtube wp-block-embed-youtube wp-embed-aspect-16-9 wp-has-aspect-ratio\"><div class=\"wp-block-embed__wrapper\">\n<iframe loading=\"lazy\" title=\"\ud83d\udd34eP DE LONDRES | F\u00d3RMULA E 2024\/2025 AO VIVO E COM IMAGENS | 16\u00aa ETAPA | CORRIDA 2\" width=\"500\" height=\"281\" src=\"https:\/\/www.youtube.com\/embed\/cxuGvfvoZp0?feature=oembed\" frameborder=\"0\" allow=\"accelerometer; autoplay; clipboard-write; encrypted-media; gyroscope; picture-in-picture; web-share\" referrerpolicy=\"strict-origin-when-cross-origin\" allowfullscreen><\/iframe>\n<\/div><\/figure>\n","protected":false},"excerpt":{"rendered":"<p>F\u00f3rmula E anunciou calend\u00e1rio da temporada 2025\/26 com duas etapas a terem locais definidos. Sanya, na China, deve voltar \u00e0 categoria ap\u00f3s sete anos para ocupar uma das vagas, no final de maio<\/p>\n","protected":false},"author":0,"featured_media":1000998029,"comment_status":"closed","ping_status":"closed","sticky":false,"template":"","format":"standard","meta":{"42wp_featured_image_caption":"","42wp_featured_image_credits":"","42wp_featured_video":"","42wp_featured_image_hidden":false,"42wp_authors_list":[],"footnotes":""},"categories":[19],"tags":[28679,6853,840,38802,1491,28285,35442,851,36219,463,41542,223],"42wp_author":[47164],"class_list":["post-19254","post","type-post","status-publish","format-standard","has-post-thumbnail","hentry","category-formula-e","tag-calendario-formula-e","tag-classificacao-formula-e","tag-formula-e","tag-formula-e-2025","tag-grande-premio","tag-grandepremio","tag-horarios-formula-e","tag-jean-eric-vergne","tag-onde-assistir-formula-e","tag-sanya","tag-temporada-2025-da-formula-e","tag-xangai","42wp_author-marcos-gil-ribeiro"],"_links":{"self":[{"href":"https:\/\/grandepremio.com\/br\/wp-json\/wp\/v2\/posts\/19254","targetHints":{"allow":["GET"]}}],"collection":[{"href":"https:\/\/grandepremio.com\/br\/wp-json\/wp\/v2\/posts"}],"about":[{"href":"https:\/\/grandepremio.com\/br\/wp-json\/wp\/v2\/types\/post"}],"replies":[{"embeddable":true,"href":"https:\/\/grandepremio.com\/br\/wp-json\/wp\/v2\/comments?post=19254"}],"version-history":[{"count":0,"href":"https:\/\/grandepremio.com\/br\/wp-json\/wp\/v2\/posts\/19254\/revisions"}],"wp:featuredmedia":[{"embeddable":true,"href":"https:\/\/grandepremio.com\/br\/wp-json\/wp\/v2\/media\/1000998029"}],"wp:attachment":[{"href":"https:\/\/grandepremio.com\/br\/wp-json\/wp\/v2\/media?parent=19254"}],"wp:term":[{"taxonomy":"category","embeddable":true,"href":"https:\/\/grandepremio.com\/br\/wp-json\/wp\/v2\/categories?post=19254"},{"taxonomy":"post_tag","embeddable":true,"href":"https:\/\/grandepremio.com\/br\/wp-json\/wp\/v2\/tags?post=19254"},{"taxonomy":"42wp_author","embeddable":true,"href":"https:\/\/grandepremio.com\/br\/wp-json\/wp\/v2\/42wp_author?post=19254"}],"curies":[{"name":"wp","href":"https:\/\/api.w.org\/{rel}","templated":true}]}}