{"id":19304,"date":"2025-07-29T08:44:12","date_gmt":"2025-07-29T11:44:12","guid":{"rendered":"https:\/\/grandepremio.com\/br\/noticias\/isack-hadjar-lamenta-problema-motor-custou-pontos-gp-da-belgica-uma-pena\/"},"modified":"2025-07-29T10:23:04","modified_gmt":"2025-07-29T13:23:04","slug":"isack-hadjar-lamenta-problema-motor-custou-pontos-gp-da-belgica-uma-pena","status":"publish","type":"post","link":"https:\/\/grandepremio.com\/br\/f1\/isack-hadjar-lamenta-problema-motor-custou-pontos-gp-da-belgica-uma-pena\/","title":{"rendered":"Hadjar lamenta problema no motor que \u201ccustou pontos\u201d no GP da B\u00e9lgica: \u201cUma pena\u201d"},"content":{"rendered":"\n<p class=\"wp-block-paragraph\"><strong>Isack Hadjar<\/strong> teve um resultado frustrante no<strong> GP da B\u00e9lgica<\/strong>, <a href=\"https:\/\/www.grandepremio.com\/br\/f1\/noticias\/oscar-piastri-janta-lando-norris-largada-vence-longo-gp-belgica-gabriel-bortoleto-pontua-9o\/\">realizado no domingo (29)<\/a>. A <strong>Racing Bulls<\/strong> apresentou um ritmo competitivo ao longo do fim de semana, mas o franc\u00eas virou presa f\u00e1cil dos advers\u00e1rios durante a corrida principal e despencou para a \u00faltima posi\u00e7\u00e3o. Depois da prova, <strong>Isack <\/strong>explicou que teve problemas com o carro e isso o impediu de cruzar a linha de chegada na zona de pontos.<\/p>\n\n\n\n<p class=\"wp-block-paragraph\">A <strong>Racing Bulls <\/strong>apresentou um ritmo interessante com os dois pilotos em <strong>Spa-Francorchamps<\/strong>. Tanto que na corrida sprint, Hadjar pontuou ao cruzar a linha de chegada em oitavo e Liam Lawson completou no top-10. Na classifica\u00e7\u00e3o para a prova principal, <a href=\"https:\/\/www.grandepremio.com\/br\/f1\/noticias\/lando-norris-vence-briga-caseira-oscar-piastri-crava-pole-gp-belgica-gabriel-bortoleto-10o\/\">a dupla avan\u00e7ou para o Q3<\/a> e a equipe tinha boas chances de terminar com os dois carros na zona de pontos.<\/p>\n\n\n\n<p class=\"wp-block-paragraph\"><strong>Lawson <\/strong>conseguiu converter a boa classifica\u00e7\u00e3o em pontos e fechou o <strong>GP da B\u00e9lgica<\/strong> em oitavo. <strong>Hadjar<\/strong>, no entanto, n\u00e3o teve a mesma sorte e, depois de largar de oitavo, teve um problema no motor, perdeu ritmo e foi ultrapassado por todos os carros.&nbsp;<\/p>\n\n\n\n<p class=\"wp-block-paragraph\">\u201cTivemos problemas durante toda corrida e fui avisado que isso nos custaria muito tempo de volta, mas ainda tentei tirar o m\u00e1ximo do que tinha. Mas depois que fui para os boxes a pista secou, o DRS foi liberado e fui ultrapassado por todo mundo, o que foi muito frustrante\u201d, disse <strong>Hadjar<\/strong>.<\/p>\n\n\n\n<figure class=\"wp-block-image size-large\"><img decoding=\"async\" src=\"https:\/\/www.grandepremio.com\/br\/wp-content\/uploads\/2025\/07\/belgica-2025-f1-corrida-racing-bulls-isack-hadjar-04-1200x800.jpg\" alt=\"\" class=\"wp-image-997010\"\/><figcaption class=\"wp-element-caption\">Hadjar reconheceu que perdeu uma boa chance de pontuar na B\u00e9lgica (Foto: Red Bull Content Pool)<\/figcaption><\/figure>\n\n\n\n<p class=\"wp-block-paragraph\">\u201cEra poss\u00edvel ter um bom resultado e ajudar a equipe a terminar com os dois carros nos pontos, mas \u00e9 uma pena\u201d, finalizou <strong>Hadjar<\/strong>.<\/p>\n\n\n\n<p class=\"wp-block-paragraph\">Apesar dos problemas na <strong>B\u00e9lgica<\/strong>, <strong>Hadjar <\/strong>faz uma temporada positiva e ocupa o 11\u00ba lugar no <strong>Mundial de Pilotos<\/strong> com 22 pontos. A <strong>Racing Bulls<\/strong> \u00e9 a s\u00e9tima colocada no <strong>Mundial de Pilotos<\/strong> com 41 pontos.<\/p>\n\n\n\n<p class=\"wp-block-paragraph\">A&nbsp;<strong><a href=\"https:\/\/www.grandepremio.com\/br\/f1\/\" target=\"_blank\" rel=\"noreferrer noopener\"><\/a>F1<\/strong>&nbsp;retorna neste fim de semana, de 1\u00ba a 3 de agosto,<strong>&nbsp;em&nbsp;<a href=\"https:\/\/www.grandepremio.com\/br\/circuito\/hungaroring\/\" target=\"_blank\" rel=\"noreferrer noopener\">Hungaroring<\/a><\/strong>, palco do&nbsp;<strong>GP da Hungria<\/strong>, 14\u00aa etapa da temporada 2025. O&nbsp;<strong>GRANDE PR\u00caMIO<\/strong>&nbsp;acompanha todas as atividades&nbsp;<strong><a href=\"https:\/\/www.grandepremio.com\/br\/f1\/ao-vivo\" target=\"_blank\" rel=\"noreferrer noopener\">AO VIVO E EM&nbsp;<\/a><a href=\"https:\/\/www.grandepremio.com\/br\/ao-vivo\/\" target=\"_blank\" rel=\"noreferrer noopener\">TEMPO REAL<\/a><\/strong>, al\u00e9m de classifica\u00e7\u00e3o e corrida em&nbsp;<strong><a href=\"https:\/\/www.youtube.com\/@GrandePremio1\/streams\" target=\"_blank\" rel=\"noreferrer noopener\">SEGUNDA TELA no YouTube<\/a><\/strong>, em parceria com a Voz do Esporte. O&nbsp;<strong>Briefing<\/strong>&nbsp;chega para analisar ap\u00f3s o fim de cada dia de atividades nas redes sociais e na GPTV.<\/p>\n\n\n\n<h2 class=\"wp-block-heading\" id=\"h-gp-da-hungria-de-f1-veja-os-horarios-em-brasil-cabo-verde-nbsp-portugal-angola-e-mocambique\"><strong>GP da Hungria de F1: veja os hor\u00e1rios em Brasil, Cabo Verde,&nbsp;<a href=\"https:\/\/grandepremio.pt\/\" target=\"_blank\" rel=\"noreferrer noopener\">Portugal<\/a>, Angola e Mo\u00e7ambique:<\/strong><\/h2>\n\n\n\n<figure class=\"wp-block-table\"><table class=\"has-fixed-layout\"><tbody><tr><td><strong>Sess\u00e3o<\/strong><\/td><td><strong>BRA*<\/strong><\/td><td><strong>CBV<\/strong><\/td><td><strong>POR<\/strong><br><strong>ANG<\/strong><\/td><td><strong>MOZ<\/strong><\/td><\/tr><tr><td>Treino livre 1<\/td><td>08:30<\/td><td>10:30<\/td><td>12:30<\/td><td>13:30<\/td><\/tr><tr><td>Treino livre 2<\/td><td>12:00<\/td><td>14:00<\/td><td>16:00<\/td><td>17:00<\/td><\/tr><tr><td>Treino livre 3<\/td><td>07:30<\/td><td>09:30<\/td><td>11:30<\/td><td>12:30<\/td><\/tr><tr><td>Classifica\u00e7\u00e3o<\/td><td>11:00<\/td><td>13:00<\/td><td>15:00<\/td><td>16:00<\/td><\/tr><tr><td>Corrida<\/td><td>10:00<\/td><td>12:00<\/td><td>14:00<\/td><td>15:00<\/td><\/tr><\/tbody><\/table><\/figure>\n\n\n\n<p class=\"wp-block-paragraph\"><strong>\u25b6\ufe0f<\/strong>&nbsp;<strong>Inscreva-se nos dois canais do GRANDE PR\u00caMIO no YouTube:&nbsp;<a href=\"https:\/\/www.youtube.com\/channel\/UC9OlHEgxoaY6QY6nWPoiqQg?sub_confirmation=1\" target=\"_blank\" rel=\"noreferrer noopener\">GP<\/a>&nbsp;|&nbsp;<a href=\"https:\/\/www.youtube.com\/channel\/UC9csiS6q_C3C0FYhyr1rnFA?sub_confirmation=1\" target=\"_blank\" rel=\"noreferrer noopener\">GP2<\/a><\/strong><\/p>\n\n\n\n<figure class=\"wp-block-embed is-type-video is-provider-youtube wp-block-embed-youtube wp-embed-aspect-16-9 wp-has-aspect-ratio\"><div class=\"wp-block-embed__wrapper\">\n<iframe loading=\"lazy\" title=\"PIASTRI JANTA NORRIS e VENCE, BORTOLETO PONTUA em CHATO GP DA B\u00c9LGICA de F1 | BRIEFING\" width=\"500\" height=\"281\" src=\"https:\/\/www.youtube.com\/embed\/X0FoW_DM0DA?feature=oembed\" frameborder=\"0\" allow=\"accelerometer; autoplay; clipboard-write; encrypted-media; gyroscope; picture-in-picture; web-share\" referrerpolicy=\"strict-origin-when-cross-origin\" allowfullscreen><\/iframe>\n<\/div><\/figure>\n","protected":false},"excerpt":{"rendered":"<p>Isack Hadjar come\u00e7ou o GP da B\u00e9lgica com boas chances de somar pontos, mas foi acometido com uma falha no motor que o fez perder posi\u00e7\u00f5es em Spa-Francorchamps<\/p>\n","protected":false},"author":0,"featured_media":1000995411,"comment_status":"closed","ping_status":"closed","sticky":false,"template":"","format":"standard","meta":{"42wp_featured_image_caption":"","42wp_featured_image_credits":"","42wp_featured_video":"","42wp_featured_image_hidden":false,"42wp_authors_list":[],"footnotes":""},"categories":[2],"tags":[5273,22936,1491,28285,31949,41987,41986,28104,38179,41954],"42wp_author":[47149],"class_list":["post-19304","post","type-post","status-publish","format-standard","has-post-thumbnail","hentry","category-f1","tag-classificacao-f1","tag-gp-da-belgica","tag-grande-premio","tag-grandepremio","tag-hadjar","tag-hadjar-f1","tag-hadjar-formula-1","tag-isack-hadjar","tag-racing-bulls","tag-racing-bulls-f1","42wp_author-bernardo-castro"],"_links":{"self":[{"href":"https:\/\/grandepremio.com\/br\/wp-json\/wp\/v2\/posts\/19304","targetHints":{"allow":["GET"]}}],"collection":[{"href":"https:\/\/grandepremio.com\/br\/wp-json\/wp\/v2\/posts"}],"about":[{"href":"https:\/\/grandepremio.com\/br\/wp-json\/wp\/v2\/types\/post"}],"replies":[{"embeddable":true,"href":"https:\/\/grandepremio.com\/br\/wp-json\/wp\/v2\/comments?post=19304"}],"version-history":[{"count":0,"href":"https:\/\/grandepremio.com\/br\/wp-json\/wp\/v2\/posts\/19304\/revisions"}],"wp:featuredmedia":[{"embeddable":true,"href":"https:\/\/grandepremio.com\/br\/wp-json\/wp\/v2\/media\/1000995411"}],"wp:attachment":[{"href":"https:\/\/grandepremio.com\/br\/wp-json\/wp\/v2\/media?parent=19304"}],"wp:term":[{"taxonomy":"category","embeddable":true,"href":"https:\/\/grandepremio.com\/br\/wp-json\/wp\/v2\/categories?post=19304"},{"taxonomy":"post_tag","embeddable":true,"href":"https:\/\/grandepremio.com\/br\/wp-json\/wp\/v2\/tags?post=19304"},{"taxonomy":"42wp_author","embeddable":true,"href":"https:\/\/grandepremio.com\/br\/wp-json\/wp\/v2\/42wp_author?post=19304"}],"curies":[{"name":"wp","href":"https:\/\/api.w.org\/{rel}","templated":true}]}}