{"id":19326,"date":"2025-07-28T13:44:18","date_gmt":"2025-07-28T16:44:18","guid":{"rendered":"https:\/\/grandepremio.com\/br\/noticias\/consultor-red-bull-garante-permanencia-max-verstappen-2026-posso-confirmar\/"},"modified":"2025-07-28T15:00:13","modified_gmt":"2025-07-28T18:00:13","slug":"consultor-red-bull-garante-permanencia-max-verstappen-2026-posso-confirmar","status":"publish","type":"post","link":"https:\/\/grandepremio.com\/br\/f1\/consultor-red-bull-garante-permanencia-max-verstappen-2026-posso-confirmar\/","title":{"rendered":"Consultor da Red Bull garante perman\u00eancia de Verstappen em 2026: &#8220;Posso confirmar&#8221;"},"content":{"rendered":"\n<p class=\"wp-block-paragraph\">Depois de muita especula\u00e7\u00e3o ao redor do futuro imediato de <strong>Max Verstappen<\/strong> na <strong>F\u00f3rmula 1<\/strong>, a resolu\u00e7\u00e3o desta novela parece estar se encaminhando a favor da <strong>Red Bull<\/strong>. Agora, <strong>Helmut Marko<\/strong>, consultor da equipe taurina, assegurou abertamente que o neerland\u00eas seguir\u00e1 em <strong>Milton Keynes<\/strong> na temporada 2026 e n\u00e3o vai partir rumo a <strong>Mercedes<\/strong>. <\/p>\n\n\n\n<p class=\"wp-block-paragraph\">Em conversa com o site <em>sport.de<\/em> e o canal de TV <em>RTL\/ntv<\/em>, Marko foi direto ao ponto e cravou que Verstappen n\u00e3o vai a lugar algum no ano que vem. &#8220;Sim, posso confirmar que Max Verstappen correr\u00e1 pela Red Bull em 2026&#8221;, afirmou depois do <strong>GP da B\u00e9lgica<\/strong> <a href=\"https:\/\/www.grandepremio.com\/br\/f1\/noticias\/oscar-piastri-janta-lando-norris-largada-vence-longo-gp-belgica-gabriel-bortoleto-pontua-9o\/\">deste final de semana<\/a>. <\/p>\n\n\n\n<p class=\"wp-block-paragraph\">A rodada em <strong>Spa-Francorchamps<\/strong>, inclusive, foi importante para encaminhar essa novela para a reta final. Com a quarta coloca\u00e7\u00e3o conquistada na prova principal e a vit\u00f3ria na sprint, Verstappen garantiu a terceira posi\u00e7\u00e3o no <strong>Mundial de Pilotos<\/strong> entrando no recesso de ver\u00e3o com um fim de semana de anteced\u00eancia e <a href=\"https:\/\/www.grandepremio.com\/br\/f1\/noticias\/max-verstappen-elimina-clausula-4o-spa-encaminha-permanencia-red-bull-2026\/\">eliminou uma cl\u00e1usula de performance que tem no contrato com a Red Bull<\/a>, de acordo com o jornal neerland\u00eas <em>De Telegraaf<\/em>. <\/p>\n\n\n\n<p class=\"wp-block-paragraph\">Al\u00e9m disso, a publica\u00e7\u00e3o acrescenta que uma sa\u00edda for\u00e7ada da equipe de\u00a0Milton Keynes\u00a0\u00e9 altamente improv\u00e1vel. Verstappen est\u00e1 contente nos bastidores com a chegada de\u00a0<strong>Laurent Mekies<\/strong>\u00a0como novo chefe de equipe e o trabalho feito nas \u00faltimas semanas.<\/p>\n\n\n\n<figure class=\"wp-block-image size-large\"><img decoding=\"async\" src=\"https:\/\/www.grandepremio.com\/br\/wp-content\/uploads\/2025\/07\/belgica-2025-f1-quinta-feira-red-bull-max-verstappen-05-1200x800.jpg\" alt=\"\" class=\"wp-image-995023\"\/><figcaption class=\"wp-element-caption\">Max Verstappen est\u00e1 cada vez mais longe da Mercedes em 2026 (Foto: Red Bull Content Pool)<\/figcaption><\/figure>\n\n\n\n<p class=\"wp-block-paragraph\">Portanto, a expectativa, ainda de acordo com o <em>De Telegraaf<\/em>, \u00e9 de que a\u00a0<strong>Mercedes\u00a0<\/strong>anuncie em breve um novo acordo com\u00a0<strong><a href=\"https:\/\/www.grandepremio.com\/br\/piloto\/andrea-kimi-antonelli\/\" target=\"_blank\" rel=\"noreferrer noopener\">Andrea Kimi Antonelli<\/a><\/strong>\u00a0e\u00a0<strong><a href=\"https:\/\/www.grandepremio.com\/br\/piloto\/george-russell\/\" target=\"_blank\" rel=\"noreferrer noopener\">George Russell<\/a><\/strong>, que t\u00eam contratos v\u00e1lidos at\u00e9 o final desta temporada apenas.\u00a0Uma mudan\u00e7a em 2027, no entanto, n\u00e3o est\u00e1 descartada por Verstappen, que quer entender a ordem de for\u00e7as no novo regulamento primeiro, ainda segundo o jornal neerland\u00eas.<\/p>\n\n\n\n<p class=\"wp-block-paragraph\">Vale lembrar tamb\u00e9m que o acordo atual de Verstappen com a Red Bull \u00e9 v\u00e1lido at\u00e9 o final da temporada 2028 da F\u00f3rmula 1. <\/p>\n\n\n\n<p class=\"wp-block-paragraph\">A&nbsp;<strong><a href=\"https:\/\/www.grandepremio.com\/br\/f1\/\" target=\"_blank\" rel=\"noreferrer noopener\"><\/a>F1<\/strong>&nbsp;retorna neste fim de semana, de 1\u00ba a 3 de agosto,<strong>&nbsp;em&nbsp;<a href=\"https:\/\/www.grandepremio.com\/br\/circuito\/hungaroring\/\" target=\"_blank\" rel=\"noreferrer noopener\">Hungaroring<\/a><\/strong>, palco do&nbsp;<strong>GP da Hungria<\/strong>, 14\u00aa etapa da temporada 2025. O&nbsp;<strong>GRANDE PR\u00caMIO<\/strong>&nbsp;acompanha todas as atividades&nbsp;<strong><a href=\"https:\/\/www.grandepremio.com\/br\/f1\/ao-vivo\" target=\"_blank\" rel=\"noreferrer noopener\">AO VIVO E EM&nbsp;<\/a><a href=\"https:\/\/www.grandepremio.com\/br\/ao-vivo\/\" target=\"_blank\" rel=\"noreferrer noopener\">TEMPO REAL<\/a><\/strong>, al\u00e9m de classifica\u00e7\u00e3o e corrida em&nbsp;<strong><a href=\"https:\/\/www.youtube.com\/@GrandePremio1\/streams\" target=\"_blank\" rel=\"noreferrer noopener\">SEGUNDA TELA no YouTube<\/a><\/strong>, em parceria com a Voz do Esporte. O&nbsp;<strong>Briefing<\/strong>&nbsp;chega para analisar ap\u00f3s o fim de cada dia de atividades nas redes sociais e na GPTV.<\/p>\n\n\n\n<p class=\"wp-block-paragraph\"><strong>GP da Hungria de F1: veja os hor\u00e1rios em Brasil, Cabo Verde,&nbsp;<a href=\"https:\/\/grandepremio.pt\/\" target=\"_blank\" rel=\"noreferrer noopener\">Portugal<\/a>, Angola e Mo\u00e7ambique:<\/strong><\/p>\n\n\n\n<figure class=\"wp-block-table\"><table class=\"has-fixed-layout\"><tbody><tr><td><strong>Sess\u00e3o<\/strong><\/td><td><strong>BRA*<\/strong><\/td><td><strong>CBV<\/strong><\/td><td><strong>POR<\/strong><br><strong>ANG<\/strong><\/td><td><strong>MOZ<\/strong><\/td><\/tr><tr><td>Treino livre 1<\/td><td>08:30<\/td><td>10:30<\/td><td>12:30<\/td><td>13:30<\/td><\/tr><tr><td>Treino livre 2<\/td><td>12:00<\/td><td>14:00<\/td><td>16:00<\/td><td>17:00<\/td><\/tr><tr><td>Treino livre 3<\/td><td>07:30<\/td><td>09:30<\/td><td>11:30<\/td><td>12:30<\/td><\/tr><tr><td>Classifica\u00e7\u00e3o<\/td><td>11:00<\/td><td>13:00<\/td><td>15:00<\/td><td>16:00<\/td><\/tr><tr><td>Corrida<\/td><td>10:00<\/td><td>12:00<\/td><td>14:00<\/td><td>15:00<\/td><\/tr><\/tbody><\/table><\/figure>\n\n\n\n<p class=\"wp-block-paragraph\"><strong>\u25b6\ufe0f<\/strong>&nbsp;<strong>Inscreva-se nos dois canais do GRANDE PR\u00caMIO no YouTube:&nbsp;<a href=\"https:\/\/www.youtube.com\/channel\/UC9OlHEgxoaY6QY6nWPoiqQg?sub_confirmation=1\" target=\"_blank\" rel=\"noreferrer noopener\">GP<\/a>&nbsp;|&nbsp;<a href=\"https:\/\/www.youtube.com\/channel\/UC9csiS6q_C3C0FYhyr1rnFA?sub_confirmation=1\" target=\"_blank\" rel=\"noreferrer noopener\">GP2<\/a><\/strong><\/p>\n\n\n\n<figure class=\"wp-block-embed is-type-video is-provider-youtube wp-block-embed-youtube wp-embed-aspect-16-9 wp-has-aspect-ratio\"><div class=\"wp-block-embed__wrapper\">\n<iframe loading=\"lazy\" title=\"PIASTRI JANTA NORRIS e VENCE, BORTOLETO PONTUA em CHATO GP DA B\u00c9LGICA de F1 | BRIEFING\" width=\"500\" height=\"281\" src=\"https:\/\/www.youtube.com\/embed\/X0FoW_DM0DA?feature=oembed\" frameborder=\"0\" allow=\"accelerometer; autoplay; clipboard-write; encrypted-media; gyroscope; picture-in-picture; web-share\" referrerpolicy=\"strict-origin-when-cross-origin\" allowfullscreen><\/iframe>\n<\/div><\/figure>\n","protected":false},"excerpt":{"rendered":"<p>Helmut Marko, consultor da Red Bull, foi direto ao ponto e n\u00e3o deu espa\u00e7o para d\u00favidas: Max Verstappen n\u00e3o vai a lugar algum em 2026. Atual tetracampe\u00e3o da F1 tem contrato v\u00e1lido at\u00e9 2028, mas viveu namoro com Mercedes nesta temporada<\/p>\n","protected":false},"author":0,"featured_media":1000995357,"comment_status":"closed","ping_status":"closed","sticky":false,"template":"","format":"standard","meta":{"42wp_featured_image_caption":"","42wp_featured_image_credits":"","42wp_featured_video":"","42wp_featured_image_hidden":false,"42wp_authors_list":[],"footnotes":""},"categories":[2],"tags":[27776,34186,27487,39086,41965,5660,8235,41950,25119,969,147,3630,642,11958,160,41966,180,3628,22936,1491,30103,28285,258,203,82,204,108],"42wp_author":[47162],"class_list":["post-19326","post","type-post","status-publish","format-standard","has-post-thumbnail","hentry","category-f1","tag-assistir-f1-ao-vivo","tag-assistir-f1-gratis","tag-assistir-f1-online","tag-calendario-f1-2025","tag-calendario-f1-2025-horarios","tag-classificacao","tag-classificacao-da-f1","tag-classificacao-f1-2025","tag-consultor-da-red-bull","tag-corrida","tag-f1","tag-f1-2025","tag-f1-ao-vivo","tag-f1-live","tag-f1-tv","tag-f1-tv-2025","tag-formula-1","tag-formula-1-2025","tag-gp-da-belgica","tag-grande-premio","tag-grande-premio-f1","tag-grandepremio","tag-helmut-marko","tag-max-verstappen","tag-mercedes","tag-red-bull","tag-spa-francorchamps","42wp_author-giovani-danjo"],"_links":{"self":[{"href":"https:\/\/grandepremio.com\/br\/wp-json\/wp\/v2\/posts\/19326","targetHints":{"allow":["GET"]}}],"collection":[{"href":"https:\/\/grandepremio.com\/br\/wp-json\/wp\/v2\/posts"}],"about":[{"href":"https:\/\/grandepremio.com\/br\/wp-json\/wp\/v2\/types\/post"}],"replies":[{"embeddable":true,"href":"https:\/\/grandepremio.com\/br\/wp-json\/wp\/v2\/comments?post=19326"}],"version-history":[{"count":0,"href":"https:\/\/grandepremio.com\/br\/wp-json\/wp\/v2\/posts\/19326\/revisions"}],"wp:featuredmedia":[{"embeddable":true,"href":"https:\/\/grandepremio.com\/br\/wp-json\/wp\/v2\/media\/1000995357"}],"wp:attachment":[{"href":"https:\/\/grandepremio.com\/br\/wp-json\/wp\/v2\/media?parent=19326"}],"wp:term":[{"taxonomy":"category","embeddable":true,"href":"https:\/\/grandepremio.com\/br\/wp-json\/wp\/v2\/categories?post=19326"},{"taxonomy":"post_tag","embeddable":true,"href":"https:\/\/grandepremio.com\/br\/wp-json\/wp\/v2\/tags?post=19326"},{"taxonomy":"42wp_author","embeddable":true,"href":"https:\/\/grandepremio.com\/br\/wp-json\/wp\/v2\/42wp_author?post=19326"}],"curies":[{"name":"wp","href":"https:\/\/api.w.org\/{rel}","templated":true}]}}