{"id":19372,"date":"2025-07-27T15:37:14","date_gmt":"2025-07-27T18:37:14","guid":{"rendered":"https:\/\/grandepremio.com\/br\/noticias\/porsche-festeja-titulos-ineditos-formula-e-elogia-londres-sempre-empolgante\/"},"modified":"2025-07-27T16:30:35","modified_gmt":"2025-07-27T19:30:35","slug":"porsche-festeja-titulos-ineditos-formula-e-elogia-londres-sempre-empolgante","status":"publish","type":"post","link":"https:\/\/grandepremio.com\/br\/formula-e\/porsche-festeja-titulos-ineditos-formula-e-elogia-londres-sempre-empolgante\/","title":{"rendered":"Porsche festeja t\u00edtulos in\u00e9ditos na F\u00f3rmula E e elogia Londres: &#8220;Sempre empolgante&#8221;"},"content":{"rendered":"\n<p class=\"wp-block-paragraph\">A <strong>Porsche<\/strong> encerrou a temporada 2024\/25 da <strong>F\u00f3rmula E<\/strong> com duas conquistas hist\u00f3ricas ao assegurar, pela primeira vez, <strong><a href=\"https:\/\/www.grandepremio.com\/br\/formula-e\/noticias\/porsche-conquista-dois-titulos-londres-confira-classificacao-final-formula-2-2024-25\/\">os Mundiais de Equipes e de Construtores<\/a><\/strong> \u2014 campeonato que estreou neste ano. Ap\u00f3s a corrida final em Londres, o chefe da equipe, <strong>Florian Modlinger<\/strong>, exaltou o <strong>trabalho coletivo<\/strong> e o <strong>suporte da f\u00e1brica de Weissach<\/strong> como fatores fundamentais para o sucesso da campanha.<\/p>\n\n\n\n<p class=\"wp-block-paragraph\">Ao longo da campanha, a equipe de f\u00e1brica da Porsche \u2014 com <strong>Pascal Wehrlein<\/strong> e <strong>Ant\u00f3nio F\u00e9lix da Costa<\/strong> \u2014 teve apenas uma vit\u00f3ria, mas acumulou <strong>dez p\u00f3dios, tr\u00eas pole-positions e oito voltas mais r\u00e1pidas<\/strong>. Com isso, somou <strong>256 pontos<\/strong> para superar <strong>Jaguar<\/strong> e <strong>Nissan<\/strong> no <strong>Mundial de Equipes<\/strong>.<\/p>\n\n\n\n<p class=\"wp-block-paragraph\">Na tabela do <strong>Mundial de Construtores<\/strong>, onde contam os <strong>dois melhores resultados de cada montadora independentemente da equipe<\/strong> \u2014 a Porsche fornece trens de for\u00e7a para <strong>Andretti<\/strong> e <strong>Cupra Kiro<\/strong>, al\u00e9m do time de f\u00e1brica \u2014, acumulou <strong>duas vit\u00f3rias, cinco poles, 14 p\u00f3dios e 8 voltas mais r\u00e1pidas<\/strong>, totalizando <strong>383 pontos<\/strong> para conquistar o t\u00edtulo inaugural.<\/p>\n\n\n\n<p class=\"wp-block-paragraph\">&#8220;<strong>Tivemos muito suporte da f\u00e1brica para conquistar esse resultado incr\u00edvel<\/strong>. Primeira vez que conquistamos os t\u00edtulos de Equipes e Construtores. <strong>Estou muito orgulhoso<\/strong> da montadora, dos pilotos, de toda a equipe e hoje vamos comemorar&#8221;, destacou Modlinger.<\/p>\n\n\n\n<figure class=\"wp-block-image size-large\"><img decoding=\"async\" src=\"https:\/\/www.grandepremio.com\/br\/wp-content\/uploads\/2025\/07\/Gw4fRwrWYAABx1I-1200x800.jpg\" alt=\"\" class=\"wp-image-997210\"\/><figcaption class=\"wp-element-caption\">Porsche conquistou seu primeiro Mundial de Equipes na F\u00f3rmula E (Foto: Porsche)<\/figcaption><\/figure>\n\n\n\n<p class=\"wp-block-paragraph\">Modlinger tamb\u00e9m comentou sobre o desafio da rodada final em Londres. Apesar de ter as conquistas encaminhadas, as corridas tradicionalmente imprevis\u00edveis <strong>deixaram a marca alem\u00e3 em alerta at\u00e9 o fim<\/strong>.<\/p>\n\n\n\n<p class=\"wp-block-paragraph\">&#8220;<strong>As tens\u00f5es s\u00e3o altas nesta pista<\/strong>. Se a \u00faltima etapa fosse em outro lugar, talvez fosse diferente, mas Londres \u00e9 sempre empolgante, <strong>com muito caos e at\u00e9 incidentes<\/strong>. Vimos isso desde ontem, <strong>mas conseguimos sair com os dois t\u00edtulos<\/strong>, que \u00e9 o mais importante, e estou muito feliz por isso&#8221;, concluiu.<\/p>\n\n\n\n<p class=\"wp-block-paragraph\">\u25b6\ufe0f&nbsp;<strong>Inscreva-se nos dois canais do GRANDE PR\u00caMIO no YouTube:&nbsp;<a href=\"https:\/\/www.youtube.com\/channel\/UC9OlHEgxoaY6QY6nWPoiqQg?sub_confirmation=1\" target=\"_blank\" rel=\"noreferrer noopener\">GP<\/a>&nbsp;|&nbsp;<a href=\"https:\/\/www.youtube.com\/channel\/UC9csiS6q_C3C0FYhyr1rnFA?sub_confirmation=1\" target=\"_blank\" rel=\"noreferrer noopener\">GP2<\/a><\/strong><\/p>\n\n\n\n<figure class=\"wp-block-embed is-type-video is-provider-youtube wp-block-embed-youtube wp-embed-aspect-16-9 wp-has-aspect-ratio\"><div class=\"wp-block-embed__wrapper\">\n<iframe loading=\"lazy\" title=\"\ud83d\udd34eP DE LONDRES | F\u00d3RMULA E 2024\/2025 AO VIVO E COM IMAGENS | 16\u00aa ETAPA | CORRIDA 2\" width=\"500\" height=\"281\" src=\"https:\/\/www.youtube.com\/embed\/cxuGvfvoZp0?feature=oembed\" frameborder=\"0\" allow=\"accelerometer; autoplay; clipboard-write; encrypted-media; gyroscope; picture-in-picture; web-share\" referrerpolicy=\"strict-origin-when-cross-origin\" allowfullscreen><\/iframe>\n<\/div><\/figure>\n","protected":false},"excerpt":{"rendered":"<p>Porsche conquistou os Mundiais de Equipes e Construtores pela primeira vez na F\u00f3rmula E. Chefe da equipe, Florian Modlinger exaltou o trabalho coletivo e o apoio da f\u00e1brica<\/p>\n","protected":false},"author":0,"featured_media":1000997214,"comment_status":"closed","ping_status":"closed","sticky":false,"template":"","format":"standard","meta":{"42wp_featured_image_caption":"","42wp_featured_image_credits":"","42wp_featured_video":"","42wp_featured_image_hidden":false,"42wp_authors_list":[],"footnotes":""},"categories":[19],"tags":[25774,28679,6853,19052,840,38802,1491,28285,35442,910,894,36219,1194,736,41542],"42wp_author":[47164],"class_list":["post-19372","post","type-post","status-publish","format-standard","has-post-thumbnail","hentry","category-formula-e","tag-antonio-felix-da-costa","tag-calendario-formula-e","tag-classificacao-formula-e","tag-ep-de-londres","tag-formula-e","tag-formula-e-2025","tag-grande-premio","tag-grandepremio","tag-horarios-formula-e","tag-jaguar","tag-nissan","tag-onde-assistir-formula-e","tag-pascal-wehrlein","tag-porsche","tag-temporada-2025-da-formula-e","42wp_author-marcos-gil-ribeiro"],"_links":{"self":[{"href":"https:\/\/grandepremio.com\/br\/wp-json\/wp\/v2\/posts\/19372","targetHints":{"allow":["GET"]}}],"collection":[{"href":"https:\/\/grandepremio.com\/br\/wp-json\/wp\/v2\/posts"}],"about":[{"href":"https:\/\/grandepremio.com\/br\/wp-json\/wp\/v2\/types\/post"}],"replies":[{"embeddable":true,"href":"https:\/\/grandepremio.com\/br\/wp-json\/wp\/v2\/comments?post=19372"}],"version-history":[{"count":0,"href":"https:\/\/grandepremio.com\/br\/wp-json\/wp\/v2\/posts\/19372\/revisions"}],"wp:featuredmedia":[{"embeddable":true,"href":"https:\/\/grandepremio.com\/br\/wp-json\/wp\/v2\/media\/1000997214"}],"wp:attachment":[{"href":"https:\/\/grandepremio.com\/br\/wp-json\/wp\/v2\/media?parent=19372"}],"wp:term":[{"taxonomy":"category","embeddable":true,"href":"https:\/\/grandepremio.com\/br\/wp-json\/wp\/v2\/categories?post=19372"},{"taxonomy":"post_tag","embeddable":true,"href":"https:\/\/grandepremio.com\/br\/wp-json\/wp\/v2\/tags?post=19372"},{"taxonomy":"42wp_author","embeddable":true,"href":"https:\/\/grandepremio.com\/br\/wp-json\/wp\/v2\/42wp_author?post=19372"}],"curies":[{"name":"wp","href":"https:\/\/api.w.org\/{rel}","templated":true}]}}