{"id":19403,"date":"2025-07-27T10:30:54","date_gmt":"2025-07-27T13:30:54","guid":{"rendered":"https:\/\/grandepremio.com\/br\/noticias\/arvid-lindblad-desclassificado-infracao-tecnica-perde-vitoria-herdada-f2-belgica\/"},"modified":"2025-07-27T11:09:57","modified_gmt":"2025-07-27T14:09:57","slug":"arvid-lindblad-desclassificado-infracao-tecnica-perde-vitoria-herdada-f2-belgica","status":"publish","type":"post","link":"https:\/\/grandepremio.com\/br\/f2\/arvid-lindblad-desclassificado-infracao-tecnica-perde-vitoria-herdada-f2-belgica\/","title":{"rendered":"Lindblad \u00e9 desclassificado por infra\u00e7\u00e3o t\u00e9cnica e perde vit\u00f3ria herdada na F2 na B\u00e9lgica"},"content":{"rendered":"\n<p class=\"wp-block-paragraph\">Ap\u00f3s herdar a vit\u00f3ria da corrida principal da etapa da <strong>F\u00f3rmula 2<\/strong> na <strong>B\u00e9lgica<\/strong>, j\u00e1 que <strong>Alexander Dunne<\/strong>, o vencedor, <a href=\"https:\/\/www.grandepremio.com\/br\/f2\/noticias\/alexander-dunne-perde-vitoria-f2-belgica-violar-procedimento-largada-arvid-lindblad-herda\/\">recebeu uma puni\u00e7\u00e3o de 10s por violar o procedimento de largada<\/a>, <strong>Arvid Lindblad<\/strong> acabou sendo desclassificado momentos depois por irregularidade na press\u00e3o dos quatro pneus. Desta forma, <strong>Roman Stan\u011bk<\/strong> ganhou mais uma posi\u00e7\u00e3o e ficou com o primeiro lugar.<\/p>\n\n\n\n<p class=\"wp-block-paragraph\">De acordo com um documento divulgado pela <strong>Federa\u00e7\u00e3o Internacional de Automobilismo<\/strong> (<strong>FIA<\/strong>), &#8220;a press\u00e3o dos pneus de chuva do carro <strong>#4<\/strong> estava abaixo dos valores m\u00ednimos prescritos para este evento pela pr\u00e9via t\u00e9cnica da <strong>Pirelli<\/strong>&#8220;. Como resultado, o piloto da <strong>Campos<\/strong> foi desclassificado, sofrendo um forte baque na briga pelo t\u00edtulo da temporada 2025.<\/p>\n\n\n\n<p class=\"wp-block-paragraph\">Ainda com base nas informa\u00e7\u00f5es da entidade que rege o esporte a motor, a fornecedora de pneus especificava uma press\u00e3o m\u00ednima para os compostos de chuva de 16 PSI nos dianteiros e de 14 PSI nos traseiros. Durante a verifica\u00e7\u00e3o, foi constatado que o b\u00f3lido de Lindblad apresentava 15,74 e 15,61 PSI nos dianteiros esquerdo e direito, respectivamente, e 13,59 e 13,70 PSI nos traseiros.<\/p>\n\n\n\n<p class=\"wp-block-paragraph\">\u25b6\ufe0f <strong>Inscreva-se nos dois canais do GRANDE PR\u00caMIO no YouTube:\u00a0<a href=\"https:\/\/www.youtube.com\/channel\/UC9OlHEgxoaY6QY6nWPoiqQg?sub_confirmation=1\" target=\"_blank\" rel=\"noreferrer noopener\">GP<\/a>\u00a0|\u00a0<a href=\"https:\/\/www.youtube.com\/channel\/UC9csiS6q_C3C0FYhyr1rnFA?sub_confirmation=1\" target=\"_blank\" rel=\"noreferrer noopener\">GP2<\/a><\/strong><br>\u25b6\ufe0f <strong>OU\u00c7A AGORA:\u00a0<a href=\"https:\/\/www.grandepremio.com\/br\/f1\/noticias\/chefe-de-equipe-ganha-corrida-e-quais-os-melhores-da-f1-atual-paddockast-197\/\">Chefe de equipe ganha corrida? E quais os melhores da F1 atual? | Paddockast #197<\/a><\/strong><\/p>\n\n\n\n<figure class=\"wp-block-image size-large\"><img decoding=\"async\" src=\"https:\/\/www.grandepremio.com\/br\/wp-content\/uploads\/2025\/07\/inglaterra-2025-f1-treinos-livres-red-bull-arvid-lindblad-04-1200x800.jpg\" alt=\"\" class=\"wp-image-988229\"\/><figcaption class=\"wp-element-caption\">Arvid Lindblad foi desclassificado da corrida 2 da F\u00f3rmula 2 na B\u00e9lgica (Foto: Red Bull Content Pool)<\/figcaption><\/figure>\n\n\n\n<p class=\"wp-block-paragraph\">Por fim, a Campos &#8220;aceitou as medi\u00e7\u00f5es do delegado-t\u00e9cnico da FIA e reconheceu que, com base nas medi\u00e7\u00f5es, o artigo 10.4.3 do regulamento t\u00e9cnico foi violado neste caso. O representante da equipe tamb\u00e9m declarou que esteve presente durante a verifica\u00e7\u00e3o dos pneus e n\u00e3o teve obje\u00e7\u00f5es quanto \u00e0s medi\u00e7\u00f5es&#8221;.<\/p>\n\n\n\n<p class=\"wp-block-paragraph\">Desta forma, Stan\u011bk, que havia terminado na terceira posi\u00e7\u00e3o, tirou proveito dos infort\u00fanios de Dunne e Lindblad para herdar a vit\u00f3ria em Spa-Francorchamps. Logo atr\u00e1s, <strong>Ritomo Miyata<\/strong> saltou para o segundo posto, enquanto <strong>Luke Browning<\/strong> chegou ao p\u00f3dio depois de cruzar a linha de chegada somente em quinto.<\/p>\n\n\n\n<p class=\"wp-block-paragraph\">A\u00a0<a href=\"https:\/\/www.grandepremio.com\/br\/f2\/\" target=\"_blank\" rel=\"noreferrer noopener\"><\/a><strong><a href=\"https:\/\/www.grandepremio.com\/br\/f2\/\" target=\"_blank\" rel=\"noreferrer noopener\">F\u00f3rmula 2<\/a><\/strong>\u00a0retorna de 1\u00ba a 3 de agosto em\u00a0<strong>Budapeste<\/strong>, para a rodada da\u00a0<strong>Hungria<\/strong>, d\u00e9cima da temporada 2025.<\/p>\n","protected":false},"excerpt":{"rendered":"<p>Arvid Lindblad foi desclassificado da corrida 2 por irregularidade na press\u00e3o dos pneus do carro da Campos em Spa-Francorchamps. Como resultado, Roman Stan\u011bk se tornou o mais novo herdeiro da vit\u00f3ria<\/p>\n","protected":false},"author":0,"featured_media":1000988228,"comment_status":"closed","ping_status":"closed","sticky":false,"template":"","format":"standard","meta":{"42wp_featured_image_caption":"","42wp_featured_image_credits":"","42wp_featured_video":"","42wp_featured_image_hidden":false,"42wp_authors_list":[],"footnotes":""},"categories":[9],"tags":[31510,34712,25062,29654,30246,111,41547,2208,41881,1491,28285,35029,35154,35030,2261,35908,108,44011,35909,41882,486],"42wp_author":[47160],"class_list":["post-19403","post","type-post","status-publish","format-standard","has-post-thumbnail","hentry","category-f2","tag-alexander-dunne","tag-arvid-lindblad","tag-belgica","tag-calendario-f2","tag-classificacao-f2","tag-f2","tag-f2-2025","tag-formula-2","tag-formula-2-2025","tag-grande-premio","tag-grandepremio","tag-horarios-f2","tag-leonardo-fornaroli","tag-onde-assistir-f2","tag-richard-verschoor","tag-rodada-da-belgica","tag-spa-francorchamps","tag-spa-francorchamps-2025","tag-spa-francorchamps-f2","tag-temporada-2025-f2","tag-victor-martins","42wp_author-vicente-soella"],"_links":{"self":[{"href":"https:\/\/grandepremio.com\/br\/wp-json\/wp\/v2\/posts\/19403","targetHints":{"allow":["GET"]}}],"collection":[{"href":"https:\/\/grandepremio.com\/br\/wp-json\/wp\/v2\/posts"}],"about":[{"href":"https:\/\/grandepremio.com\/br\/wp-json\/wp\/v2\/types\/post"}],"replies":[{"embeddable":true,"href":"https:\/\/grandepremio.com\/br\/wp-json\/wp\/v2\/comments?post=19403"}],"version-history":[{"count":0,"href":"https:\/\/grandepremio.com\/br\/wp-json\/wp\/v2\/posts\/19403\/revisions"}],"wp:featuredmedia":[{"embeddable":true,"href":"https:\/\/grandepremio.com\/br\/wp-json\/wp\/v2\/media\/1000988228"}],"wp:attachment":[{"href":"https:\/\/grandepremio.com\/br\/wp-json\/wp\/v2\/media?parent=19403"}],"wp:term":[{"taxonomy":"category","embeddable":true,"href":"https:\/\/grandepremio.com\/br\/wp-json\/wp\/v2\/categories?post=19403"},{"taxonomy":"post_tag","embeddable":true,"href":"https:\/\/grandepremio.com\/br\/wp-json\/wp\/v2\/tags?post=19403"},{"taxonomy":"42wp_author","embeddable":true,"href":"https:\/\/grandepremio.com\/br\/wp-json\/wp\/v2\/42wp_author?post=19403"}],"curies":[{"name":"wp","href":"https:\/\/api.w.org\/{rel}","templated":true}]}}