{"id":19405,"date":"2025-07-27T10:30:36","date_gmt":"2025-07-27T13:30:36","guid":{"rendered":"https:\/\/grandepremio.com\/br\/noticias\/dan-ticktum-objetivos-cumpridos-cupra-kiro-lamenta-punicao-muito-dura-londres\/"},"modified":"2025-07-27T10:59:23","modified_gmt":"2025-07-27T13:59:23","slug":"dan-ticktum-objetivos-cumpridos-cupra-kiro-lamenta-punicao-muito-dura-londres","status":"publish","type":"post","link":"https:\/\/grandepremio.com\/br\/formula-e\/dan-ticktum-objetivos-cumpridos-cupra-kiro-lamenta-punicao-muito-dura-londres\/","title":{"rendered":"Ticktum v\u00ea &#8220;objetivo cumprido&#8221; na Cupra Kiro e lamenta puni\u00e7\u00e3o &#8220;muito dura&#8221; em Londres"},"content":{"rendered":"\n<p class=\"wp-block-paragraph\"><strong>Dan Ticktum<\/strong> vai encerrar a temporada 2024\/25 da <strong>F\u00f3rmula E<\/strong> com mais uma exibi\u00e7\u00e3o de impacto. Neste domingo (27), <strong><a href=\"https:\/\/www.grandepremio.com\/br\/formula-e\/noticias\/nick-cassidy-vale-punicao-dan-ticktum-fica-com-pole-ep-londres-2\/\">foi o mais r\u00e1pido na classifica\u00e7\u00e3o e garantiu a pole-position para o eP de Londres 2<\/a><\/strong>, mas acabou punido por envolvimento em um incidente com <strong>Mitch Evans<\/strong> na corrida do s\u00e1bado e perdeu cinco posi\u00e7\u00f5es no grid. Ainda assim, <strong>saiu satisfeito com o desempenho<\/strong> e com os <strong>feitos ao longo do campeonato<\/strong>.<\/p>\n\n\n\n<p class=\"wp-block-paragraph\">Ticktum reconheceu que, mesmo sem largar na posi\u00e7\u00e3o de honra, o desempenho na tomada de tempos foi especial. Com a penalidade aplicada, a pole foi herdada por <strong>Nick Cassidy<\/strong>. Ainda assim, fez quest\u00e3o de valorizar o que considera <strong>um ano marcante com a Cupra Kiro<\/strong>.<\/p>\n\n\n\n<p class=\"wp-block-paragraph\">&#8220;Estou muito feliz, <strong>ainda mais do que quando venci<\/strong>. \u00c9 um sentimento muito especial. Na classifica\u00e7\u00e3o, voc\u00ea for\u00e7a o m\u00e1ximo e tira tudo que o carro pode entregar. <strong>Ent\u00e3o \u00e9 uma felicidade muito grande<\/strong>&#8220;, afirmou.<\/p>\n\n\n\n<p class=\"wp-block-paragraph\">&#8220;A mensagem no r\u00e1dio voltando aos boxes foi sobre isso, <strong>cumprimos tudo o que quer\u00edamos nesta temporada<\/strong>. P\u00f3dio, vit\u00f3ria e, agora, pole-position. <strong>Podemos ficar orgulhosos do trabalho realizado<\/strong>&#8220;, disse.<\/p>\n\n\n\n<figure class=\"wp-block-image size-full\"><img decoding=\"async\" src=\"https:\/\/www.grandepremio.com\/br\/wp-content\/uploads\/2025\/07\/JL309817.jpg\" alt=\"\" class=\"wp-image-996840\"\/><figcaption class=\"wp-element-caption\">Dan Ticktum foi o mais r\u00e1pido na classifica\u00e7\u00e3o desde domingo (Foto: F\u00f3rmula E)<\/figcaption><\/figure>\n\n\n\n<p class=\"wp-block-paragraph\">J\u00e1 sobre as chances de encerrar o campeonato com mais um p\u00f3dio, Ticktum foi realista. O brit\u00e2nico <strong>admitiu a dificuldade extra causada pela puni\u00e7\u00e3o<\/strong> e lamentou o toque com Evans que motivou a san\u00e7\u00e3o da dire\u00e7\u00e3o de prova.<\/p>\n\n\n\n<p class=\"wp-block-paragraph\">&#8220;Sobre a corrida, ser\u00e1 dif\u00edcil. Temos muita press\u00e3o na classifica\u00e7\u00e3o, mas depois cai. Como n\u00e3o largamos na pole, <strong>ser\u00e1 complicado buscar o p\u00f3dio<\/strong>&#8220;, reconheceu.<\/p>\n\n\n\n<p class=\"wp-block-paragraph\">&#8220;Lamento muito pelo toque com Mitch ontem, mas <strong>acho que cinco posi\u00e7\u00f5es foi uma puni\u00e7\u00e3o muito dura<\/strong>, sendo sincero. Recuperar todas essas posi\u00e7\u00f5es \u00e9 muito dif\u00edcil, mas tentarei chegar ao p\u00f3dio&#8221;, concluiu.<\/p>\n\n\n\n<p class=\"wp-block-paragraph\">A&nbsp;<a href=\"https:\/\/www.grandepremio.com\/br\/formula-e\/\" target=\"_blank\" rel=\"noreferrer noopener\"><\/a><a href=\"https:\/\/www.grandepremio.com\/br\/formula-e\/\" target=\"_blank\" rel=\"noreferrer noopener\">F\u00f3rmula E<\/a>&nbsp;retorna ainda neste domingo com a \u00faltima corrida da temporada 2024\/25, com largada marcada para 12h30 (hor\u00e1rio de Bras\u00edlia). Todas as atividades de pista ter\u00e3o&nbsp;<a href=\"https:\/\/formula1aovivo.com\/\" target=\"_blank\" rel=\"noreferrer noopener\">transmiss\u00e3o<\/a>&nbsp;<strong>AO VIVO<\/strong>&nbsp;e&nbsp;<strong>COM IMAGENS&nbsp;<\/strong>do&nbsp;<strong>GRANDE<\/strong>&nbsp;<strong>PR\u00caMIO<\/strong>.<\/p>\n\n\n\n<p class=\"wp-block-paragraph\"><strong>\u25b6\ufe0f<\/strong>&nbsp;<strong>Inscreva-se nos dois canais do GRANDE PR\u00caMIO no YouTube:&nbsp;<a href=\"https:\/\/www.youtube.com\/channel\/UC9OlHEgxoaY6QY6nWPoiqQg?sub_confirmation=1\" target=\"_blank\" rel=\"noreferrer noopener\">GP<\/a>&nbsp;|&nbsp;<a href=\"https:\/\/www.youtube.com\/channel\/UC9csiS6q_C3C0FYhyr1rnFA?sub_confirmation=1\" target=\"_blank\" rel=\"noreferrer noopener\">GP2<\/a><\/strong><\/p>\n\n\n\n<figure class=\"wp-block-embed is-type-video is-provider-youtube wp-block-embed-youtube wp-embed-aspect-4-3 wp-has-aspect-ratio\"><div class=\"wp-block-embed__wrapper\">\n<iframe loading=\"lazy\" title=\"\ud83d\udd34eP DE LONDRES | F\u00d3RMULA E 2024\/2025 AO VIVO E COM IMAGENS | 16\u00aa ETAPA | CLASSIFICA\u00c7\u00c3O\" width=\"500\" height=\"281\" src=\"https:\/\/www.youtube.com\/embed\/Yv1kNwnIwAU?feature=oembed\" frameborder=\"0\" allow=\"accelerometer; autoplay; clipboard-write; encrypted-media; gyroscope; picture-in-picture; web-share\" referrerpolicy=\"strict-origin-when-cross-origin\" allowfullscreen><\/iframe>\n<\/div><\/figure>\n","protected":false},"excerpt":{"rendered":"<p>Dan Ticktum destacou felicidade com desempenho na classifica\u00e7\u00e3o e comemorou conquistas ao lado da Cupra Kiro ao longo do ano. Puni\u00e7\u00e3o por toque com Mitch Evans impede largada na frente<\/p>\n","protected":false},"author":0,"featured_media":1000996832,"comment_status":"closed","ping_status":"closed","sticky":false,"template":"","format":"standard","meta":{"42wp_featured_image_caption":"","42wp_featured_image_credits":"","42wp_featured_video":"","42wp_featured_image_hidden":false,"42wp_authors_list":[],"footnotes":""},"categories":[19],"tags":[28679,6853,41812,985,19052,840,38802,1491,28285,35442,909,2128,36219,41542],"42wp_author":[47164],"class_list":["post-19405","post","type-post","status-publish","format-standard","has-post-thumbnail","hentry","category-formula-e","tag-calendario-formula-e","tag-classificacao-formula-e","tag-cupra-kiro","tag-dan-ticktum","tag-ep-de-londres","tag-formula-e","tag-formula-e-2025","tag-grande-premio","tag-grandepremio","tag-horarios-formula-e","tag-mitch-evans","tag-nick-cassidy","tag-onde-assistir-formula-e","tag-temporada-2025-da-formula-e","42wp_author-marcos-gil-ribeiro"],"_links":{"self":[{"href":"https:\/\/grandepremio.com\/br\/wp-json\/wp\/v2\/posts\/19405","targetHints":{"allow":["GET"]}}],"collection":[{"href":"https:\/\/grandepremio.com\/br\/wp-json\/wp\/v2\/posts"}],"about":[{"href":"https:\/\/grandepremio.com\/br\/wp-json\/wp\/v2\/types\/post"}],"replies":[{"embeddable":true,"href":"https:\/\/grandepremio.com\/br\/wp-json\/wp\/v2\/comments?post=19405"}],"version-history":[{"count":0,"href":"https:\/\/grandepremio.com\/br\/wp-json\/wp\/v2\/posts\/19405\/revisions"}],"wp:featuredmedia":[{"embeddable":true,"href":"https:\/\/grandepremio.com\/br\/wp-json\/wp\/v2\/media\/1000996832"}],"wp:attachment":[{"href":"https:\/\/grandepremio.com\/br\/wp-json\/wp\/v2\/media?parent=19405"}],"wp:term":[{"taxonomy":"category","embeddable":true,"href":"https:\/\/grandepremio.com\/br\/wp-json\/wp\/v2\/categories?post=19405"},{"taxonomy":"post_tag","embeddable":true,"href":"https:\/\/grandepremio.com\/br\/wp-json\/wp\/v2\/tags?post=19405"},{"taxonomy":"42wp_author","embeddable":true,"href":"https:\/\/grandepremio.com\/br\/wp-json\/wp\/v2\/42wp_author?post=19405"}],"curies":[{"name":"wp","href":"https:\/\/api.w.org\/{rel}","templated":true}]}}