{"id":19408,"date":"2025-07-27T09:46:45","date_gmt":"2025-07-27T12:46:45","guid":{"rendered":"https:\/\/grandepremio.com\/br\/noticias\/nick-cassidy-vale-punicao-dan-ticktum-fica-com-pole-ep-londres-2\/"},"modified":"2025-07-27T16:29:49","modified_gmt":"2025-07-27T19:29:49","slug":"nick-cassidy-vale-punicao-dan-ticktum-fica-com-pole-ep-londres-2","status":"publish","type":"post","link":"https:\/\/grandepremio.com\/br\/formula-e\/nick-cassidy-vale-punicao-dan-ticktum-fica-com-pole-ep-londres-2\/","title":{"rendered":"Cassidy se vale de puni\u00e7\u00e3o a Ticktum e fica com pole do eP de Londres 2"},"content":{"rendered":"\n<p class=\"wp-block-paragraph\"><strong>Nick Cassidy<\/strong> \u00e9 o \u00faltimo pole-position da temporada 2024\/25 da <strong>F\u00f3rmula E<\/strong>. O piloto da <strong>Jaguar<\/strong> j\u00e1 chegou no duelo final com a primeira posi\u00e7\u00e3o garantida gra\u00e7as a uma puni\u00e7\u00e3o sofrida por <strong>Dan Ticktum<\/strong> e vai largar na frente no eP de Londres 2 deste domingo (27). Ainda assim, o piloto da Cupra Kiro foi o mais r\u00e1pido e, com a sans\u00e3o, vai largar no <strong>sexto lugar<\/strong>. Apesar disso, ganhou os tr\u00eas pontos pela vit\u00f3ria na classifica\u00e7\u00e3o. <\/p>\n\n\n\n<p class=\"wp-block-paragraph\"><strong>Mitch Evans<\/strong>, da <strong>Jaguar<\/strong>, e <strong>Maximilian G\u00fcnther<\/strong>, da <strong>DS Penske<\/strong>, foram eliminados nas semifinais e v\u00e3o largar na segunda fila. <strong>Nyck de Vries<\/strong>, <strong>Edoardo Mortara<\/strong>, <strong>Pascal Wehrlein<\/strong> e <strong>Stoffel Vandoorne<\/strong> completam o top-8 do grid de largada.<\/p>\n\n\n\n<p class=\"wp-block-paragraph\">O brasileiro <strong>Lucas di Grassi<\/strong>, da <strong>Lola Yamaha<\/strong>, ficou em 10\u00ba no grupo B e foi eliminado na primeira fase. Ainda sofreu uma puni\u00e7\u00e3o por um incidente com G\u00fcnther vai largar da <strong>21\u00aa posi\u00e7\u00e3o<\/strong>.<\/p>\n\n\n\n<p class=\"wp-block-paragraph\">A&nbsp;<a href=\"https:\/\/www.grandepremio.com\/br\/formula-e\/\" target=\"_blank\" rel=\"noreferrer noopener\">F\u00f3rmula E<\/a>&nbsp;retorna ainda neste domingo com a \u00faltima corrida da temporada 2024\/25, com largada marcada para 12h30 (hor\u00e1rio de Bras\u00edlia). Todas as atividades de pista ter\u00e3o&nbsp;<a href=\"https:\/\/formula1aovivo.com\/\" target=\"_blank\" rel=\"noreferrer noopener\">transmiss\u00e3o<\/a>&nbsp;<strong>AO VIVO<\/strong>&nbsp;e&nbsp;<strong>COM IMAGENS&nbsp;<\/strong>do&nbsp;<strong>GRANDE<\/strong>&nbsp;<strong>PR\u00caMIO<\/strong>.<\/p>\n\n\n\n<figure class=\"wp-block-image size-large\"><img decoding=\"async\" src=\"https:\/\/www.grandepremio.com\/br\/wp-content\/uploads\/2025\/07\/SG1_5131_wjJvgTv5_20250726105334-2048x2048-1-1200x800.jpg\" alt=\"\" class=\"wp-image-996721\"\/><figcaption class=\"wp-element-caption\">Dan Ticktum (Foto: F\u00f3rmula E)<\/figcaption><\/figure>\n\n\n\n<p class=\"wp-block-paragraph\"><strong>\u25b6\ufe0f<\/strong>&nbsp;<strong>Inscreva-se nos dois canais do GRANDE PR\u00caMIO no YouTube:&nbsp;<a href=\"https:\/\/www.youtube.com\/channel\/UC9OlHEgxoaY6QY6nWPoiqQg?sub_confirmation=1\" target=\"_blank\" rel=\"noreferrer noopener\">GP<\/a>&nbsp;|&nbsp;<a href=\"https:\/\/www.youtube.com\/channel\/UC9csiS6q_C3C0FYhyr1rnFA?sub_confirmation=1\" target=\"_blank\" rel=\"noreferrer noopener\">GP2<\/a><\/strong><\/p>\n\n\n\n<h2 class=\"wp-block-heading\" id=\"h-saiba-como-foi-a-classificacao-do-ep-de-londres-1\"><strong><em>Saiba como foi a classifica\u00e7\u00e3o do eP de Londres 1:<\/em><\/strong><\/h2>\n\n\n\n<h2 class=\"wp-block-heading\" id=\"h-grupo-a\"><strong>Grupo A<\/strong><\/h2>\n\n\n\n<p class=\"wp-block-paragraph\">O grupo A contou com o campe\u00e3o mundial da temporada 2024\/25, <strong>Oliver Rowland, Nick Cassidy, Ant\u00f3nio F\u00e9lix da Costa, Edoardo Mortara, Jake Dennis, Nyck de Vries, Mitch Evans, Nico M\u00fcller, Sam Bird, Robin Frijns<\/strong> e <strong>Zane Maloney<\/strong>.<\/p>\n\n\n\n<p class=\"wp-block-paragraph\">A primeira fase da classifica\u00e7\u00e3o come\u00e7ou devagar, com metade dos pilotos levando alguns instantes para sair dos boxes. Com todos na pista, o primeiro a anotar tempo foi Cassidy, mas ainda andando em ritmo lento para aquecer os pneus. O pr\u00f3prio neozeland\u00eas abriu a sequ\u00eancia de voltas r\u00e1pidas, anotando 1min08s932, mas logo foi superado por Mortara.<\/p>\n\n\n\n<p class=\"wp-block-paragraph\">Com pouco menos de 5 minutos no cron\u00f4metro, Da Costa perdeu os freios e abandonou a classifica\u00e7\u00e3o. A bandeira vermelha foi acionada para a remo\u00e7\u00e3o da Porsche da pista. Sem tempo competitivo anotado, o portugu\u00eas foi o lanterna do grupo e largar\u00e1 na \u00faltima fila<\/p>\n\n\n\n<p class=\"wp-block-paragraph\">Na retomada da sess\u00e3o, De Vries fez o segundo melhor tempo, fazendo uma dobradinha parcial. Com o cron\u00f4metro zerado, Cassidy e Evans se colocaram entre os dois. Quando tudo se encaminhava para dois duelos internos nas quartas de final, o neerland\u00eas retomou a posi\u00e7\u00e3o, for\u00e7ando duas disputas entre Mahindra e Jaguar.<\/p>\n\n\n\n<p class=\"wp-block-paragraph\">Rowland s\u00f3 conseguiu encaixar bom tempo na \u00faltima volta, mas ficou 0s034 atr\u00e1s de Cassidy e n\u00e3o conseguiu classifica\u00e7\u00e3o para a pr\u00f3xima fase.<\/p>\n\n\n\n<figure class=\"wp-block-image size-large\"><img decoding=\"async\" src=\"https:\/\/www.grandepremio.com\/br\/wp-content\/uploads\/2025\/07\/036A7816_fuIDaTE8_20250726110640-2048x2048-1-1200x800.jpg\" alt=\"\" class=\"wp-image-996714\"\/><figcaption class=\"wp-element-caption\">Oliver Rowland foi eliminado na fase de grupos (Foto: F\u00f3rmula E)<\/figcaption><\/figure>\n\n\n\n<h2 class=\"wp-block-heading\" id=\"h-grupo-b\"><strong>Grupo B<\/strong><\/h2>\n\n\n\n<p class=\"wp-block-paragraph\">O grupo B teve<strong> Pascal Wehrlein, Taylor Barnard, Jean-\u00c9ric Vergne, Dan Ticktum, Maximilian G\u00fcnther, S\u00e9bastien Buemi, Stoffel Vandoorne, Jake Hughes, Lucas di Grassi, Norman Nato<\/strong> e <strong>David Beckmann<\/strong>.<\/p>\n\n\n\n<p class=\"wp-block-paragraph\">Ainda buscando a melhor temperatura para os pneus, Wehrlein foi o primeiro a anotar tempo. Di Grassi chegou a liderar quando o cron\u00f4metro marcava pouco mais de cinco minutos, mas n\u00e3o ficou na ponta muito tempo. <\/p>\n\n\n\n<p class=\"wp-block-paragraph\">O primeiro a fazer volta r\u00e1pida foi G\u00fcnther, mas logo foi superado por Vergne. Na sequ\u00eancia, Wehrlein, Vandoorne e Buemi superaram a dupla da DS Penske. Com pouco menos de tr\u00eas minutos no cron\u00f4metro, o #7 retomou a lideran\u00e7a.<\/p>\n\n\n\n<p class=\"wp-block-paragraph\">Ticktum chegou para a disputa, assumindo a primeira posi\u00e7\u00e3o. O brit\u00e2nico tinha puni\u00e7\u00e3o de cinco posi\u00e7\u00f5es no grid por um incidente com Evans no s\u00e1bado e apertou o ritmo para n\u00e3o largar no fim do grid. Nas \u00faltimas voltas, Nato foi o \u00fanico a conseguir melhorar o tempo, mas n\u00e3o foi o bastante para avan\u00e7ar. Com isso, G\u00fcnther, Wehrlein e Vandoorne completaram os quatro primeiros.<\/p>\n\n\n\n<figure class=\"wp-block-image size-large\"><img decoding=\"async\" src=\"https:\/\/www.grandepremio.com\/br\/wp-content\/uploads\/2025\/07\/SG1_4988_8GyS5YqR_20250726094649-2048x2048-1-1200x800.jpg\" alt=\"\" class=\"wp-image-996715\"\/><figcaption class=\"wp-element-caption\">Lucas di Grassi n\u00e3o avan\u00e7ou no grupo B (Foto: F\u00f3rmula E)<\/figcaption><\/figure>\n\n\n\n<h2 class=\"wp-block-heading\" id=\"h-quartas-de-final\"><strong>Quartas de final<\/strong><\/h2>\n\n\n\n<h2 class=\"wp-block-heading\" id=\"h-mitch-evans-x-nyck-de-vries\"><strong>Mitch Evans x Nyck de Vries<\/strong><\/h2>\n\n\n\n<p class=\"wp-block-paragraph\">Antes do primeiro duelo, a Mahindra avisou De Vries que come\u00e7ou a chuviscar na \u00e1rea externa da ExCel Arena, mas os pilotos n\u00e3o foram atrapalhados. Evans se imp\u00f4s desde o in\u00edcio da volta, abrindo mais de 0s100 logo na primeira parcial. O neerland\u00eas ainda conseguiu tirar a diferen\u00e7a no \u00faltimo setor, mas n\u00e3o foi o bastante para alcan\u00e7ar o piloto da Jaguar, que avan\u00e7ou para as semifinais.<\/p>\n\n\n\n<h2 class=\"wp-block-heading\" id=\"h-nick-cassidy-x-edoardo-mortara\"><strong>Nick Cassidy x Edoardo Mortara<\/strong><\/h2>\n\n\n\n<p class=\"wp-block-paragraph\">O segundo duelo terminou antes mesmo de come\u00e7ar. Mortara perdeu o ponto de freada e passou reto logo na curva 1. Apesar disso, Cassidy n\u00e3o tirou o p\u00e9: anotou 1min07s130, o tempo mais r\u00e1pido do fim de semana, e selou o duelo interno da Jaguar nas semifinais.<\/p>\n\n\n\n<h2 class=\"wp-block-heading\" id=\"h-pascal-wehrlein-x-maximilan-gunther\"><strong>Pascal Wehrlein x Maximilan G\u00fcnther<\/strong><\/h2>\n\n\n\n<p class=\"wp-block-paragraph\">No terceiro duelo de quartas de final, G\u00fcnther abriu boa vantagem nos dois primeiros setores. Wehrlein deu o troco no terceiro, mas ficou a 0s140 do tempo do compatriota da DS Penske, que ficou com a vaga nas semifinais.<\/p>\n\n\n\n<h2 class=\"wp-block-heading\" id=\"h-stoffel-vandoorne-x-dan-ticktum\"><strong>Stoffel Vandoorne x Dan Ticktum<\/strong><\/h2>\n\n\n\n<p class=\"wp-block-paragraph\">O confronto que fechou as quartas de final foi o mais desigual de todos. Logo no primeiro setor, Ticktum mais de 0s2 para cima de Vandoorne, que ainda cometeu um erro na curva 16 e facilitou a vida do brit\u00e2nico, que avan\u00e7ou com folgas para a pr\u00f3xima fase.<\/p>\n\n\n\n<figure class=\"wp-block-image size-large\"><img decoding=\"async\" src=\"https:\/\/www.grandepremio.com\/br\/wp-content\/uploads\/2025\/07\/SG2_9728_cpzJx74c_20250726123515-2048x2048-1-1200x800.jpg\" alt=\"\" class=\"wp-image-996725\"\/><figcaption class=\"wp-element-caption\">Pascal Wehrlein perdeu o duelo alem\u00e3o para Maximilian G\u00fcnther (Foto: F\u00f3rmula E)<\/figcaption><\/figure>\n\n\n\n<h2 class=\"wp-block-heading\" id=\"h-semifinais\"><strong>Semifinais<\/strong><\/h2>\n\n\n\n<h2 class=\"wp-block-heading\" id=\"h-mitch-evans-x-nick-cassidy\"><strong>Mitch Evans x Nick Cassidy<\/strong><\/h2>\n\n\n\n<p class=\"wp-block-paragraph\">O duelo interno da Jaguar abriu a fase de semifinais. O confronto come\u00e7ou muito equilibrado, com Cassidy sendo mais r\u00e1pido na primeira parcial, e Evans no segundo. No \u00faltimo trecho, Cassidy cometeu um erro, mas a equipe pediu para Evans tirar o p\u00e9, j\u00e1 que o companheiro ainda pode ser vice-campe\u00e3o de Pilotos, dando a vaga na final ao #37.<\/p>\n\n\n\n<h2 class=\"wp-block-heading\" id=\"h-maximilian-gunther-x-dan-ticktum\"><strong>Maximilian G\u00fcnther x Dan Ticktum<\/strong><\/h2>\n\n\n\n<p class=\"wp-block-paragraph\">A segunda semifinal foi totalmente dominada por Ticktum. Mais r\u00e1pido durante toda a classifica\u00e7\u00e3o, o piloto da Cupra Kiro n\u00e3o deu chance para G\u00fcnther, foi superior nos tr\u00eas setores da pista e carimbou vaga para o duelo final.<\/p>\n\n\n\n<h2 class=\"wp-block-heading\" id=\"h-final\"><strong>Final<\/strong><\/h2>\n\n\n\n<h2 class=\"wp-block-heading\" id=\"h-nick-cassidy-x-dan-ticktum\"><strong>Nick Cassidy x Dan Ticktum<\/strong><\/h2>\n\n\n\n<p class=\"wp-block-paragraph\">Com a puni\u00e7\u00e3o de Ticktum, Cassidy j\u00e1 chegou garantido na pole-position. Ainda assim, ambos foram para a pista, e o brit\u00e2nico se imp\u00f4s. Mais r\u00e1pido em todos os setores, o piloto da Cupra Kiro comprovou a for\u00e7a neste s\u00e1bado e, apesar de n\u00e3o ficar com a posi\u00e7\u00e3o de honra, garantiu mais tr\u00eas pontos na classifica\u00e7\u00e3o.<\/p>\n\n\n\n<p class=\"wp-block-paragraph\"><strong>\u25b6\ufe0f<\/strong>&nbsp;<strong>Inscreva-se nos dois canais do GRANDE PR\u00caMIO no YouTube:&nbsp;<a href=\"https:\/\/www.youtube.com\/channel\/UC9OlHEgxoaY6QY6nWPoiqQg?sub_confirmation=1\" target=\"_blank\" rel=\"noreferrer noopener\">GP<\/a>&nbsp;|&nbsp;<a href=\"https:\/\/www.youtube.com\/channel\/UC9csiS6q_C3C0FYhyr1rnFA?sub_confirmation=1\" target=\"_blank\" rel=\"noreferrer noopener\">GP2<\/a><\/strong><\/p>\n\n\n\n<h2 class=\"wp-block-heading\" id=\"h-formula-e-2024-25-ep-de-londres-2-grid-de-largada\"><strong>F\u00f3rmula E 2024\/25, eP de Londres 2, Grid de Largada:<\/strong><\/h2>\n\n\n\n<figure class=\"wp-block-table\"><table class=\"has-fixed-layout\"><tbody><tr><td>POS<\/td><td>Piloto<\/td><td>Equipe<\/td><td>Tempo<\/td><td><\/td><\/tr><tr><td>1<\/td><td>N CASSIDY<\/td><td>Jaguar<\/td><td>1:07.494<\/td><td>&nbsp;<\/td><\/tr><tr><td>2<\/td><td>M G\u00dcNTHER<\/td><td>DS Penske<\/td><td>1:07.331<\/td><td><\/td><\/tr><tr><td>3<\/td><td>M EVANS<\/td><td>Jaguar<\/td><td>1:09.305<\/td><td><\/td><\/tr><tr><td>4<\/td><td>P WEHRLEIN<\/td><td>Porsche<\/td><td>1:07.456<\/td><td><\/td><\/tr><tr><td>5<\/td><td>N DE VRIES<\/td><td>Mahindra<\/td><td>1:07.511<\/td><td><\/td><\/tr><tr><td>6<\/td><td>D TICKTUM<\/td><td>Cupra Kiro<\/td><td>1:07.278<\/td><td>P+5<\/td><\/tr><tr><td>7<\/td><td>S VANDOORNE<\/td><td>Maserati<\/td><td>1:07.990<\/td><td><\/td><\/tr><tr><td>8<\/td><td>E MORTARA<\/td><td>Mahindra<\/td><td>Sem Tempo<\/td><td><\/td><\/tr><tr><td>9<\/td><td>O ROWLAND<\/td><td>Nissan<\/td><td>1:08.786<\/td><td><\/td><\/tr><tr><td>10<\/td><td>N NATO<\/td><td>Nissan<\/td><td>1:08.816<\/td><td><\/td><\/tr><tr><td>11<\/td><td>R FRIJNS<\/td><td>Envision<\/td><td>1:08.813<\/td><td><\/td><\/tr><tr><td>12<\/td><td>T BARNARD<\/td><td>McLaren<\/td><td>1:08.823<\/td><td><\/td><\/tr><tr><td>13<\/td><td>N M\u00dcLLER<\/td><td>Andretti<\/td><td>1:08.867<\/td><td><\/td><\/tr><tr><td>14<\/td><td>JE VERGNE<\/td><td>DS Penske<\/td><td>1:08.844<\/td><td><\/td><\/tr><tr><td>15<\/td><td>J DENNIS<\/td><td>Andretti<\/td><td>1:09.014<\/td><td><\/td><\/tr><tr><td>16<\/td><td>S BIRD<\/td><td>McLaren<\/td><td>1:09.094<\/td><td><\/td><\/tr><tr><td>17<\/td><td>J HUGHES<\/td><td>Maserati<\/td><td>1:08.925<\/td><td><\/td><\/tr><tr><td>18<\/td><td>Z MALONEY<\/td><td>Lola Yamaha<\/td><td>1:09.716<\/td><td><\/td><\/tr><tr><td>19<\/td><td>S BUEMI<\/td><td>Envision<\/td><td>1:08.899<\/td><td>P+5<\/td><\/tr><tr><td>20<\/td><td>D BECKMANN<\/td><td>Cupra Kiro<\/td><td>1:09.404<\/td><td><\/td><\/tr><tr><td>21<\/td><td>L DI GRASSI<\/td><td>Lola Yamaha<\/td><td>1:09.387<\/td><td>P+3<\/td><\/tr><tr><td>22<\/td><td>A F\u00c9LIX DA COSTA<\/td><td>Porsche<\/td><td>1:17.353<\/td><td><\/td><\/tr><\/tbody><\/table><\/figure>\n\n\n\n<figure class=\"wp-block-embed is-type-video is-provider-youtube wp-block-embed-youtube wp-embed-aspect-4-3 wp-has-aspect-ratio\"><div class=\"wp-block-embed__wrapper\">\n<iframe loading=\"lazy\" title=\"\ud83d\udd34eP DE LONDRES | F\u00d3RMULA E 2024\/2025 AO VIVO E COM IMAGENS | 16\u00aa ETAPA | CLASSIFICA\u00c7\u00c3O\" width=\"500\" height=\"281\" src=\"https:\/\/www.youtube.com\/embed\/Yv1kNwnIwAU?feature=oembed\" frameborder=\"0\" allow=\"accelerometer; autoplay; clipboard-write; encrypted-media; gyroscope; picture-in-picture; web-share\" referrerpolicy=\"strict-origin-when-cross-origin\" allowfullscreen><\/iframe>\n<\/div><\/figure>\n","protected":false},"excerpt":{"rendered":"<p>Nick Cassidy \u00e9 o \u00faltimo pole-position da temporada 2024\/25 da F\u00f3rmula E. Dan Ticktum foi o mais r\u00e1pido no duelo final, mas uma puni\u00e7\u00e3o de cinco lugares deu a posi\u00e7\u00e3o de honra ao piloto da Jaguar<\/p>\n","protected":false},"author":0,"featured_media":1000996720,"comment_status":"closed","ping_status":"closed","sticky":false,"template":"","format":"standard","meta":{"42wp_featured_image_caption":"","42wp_featured_image_credits":"","42wp_featured_video":"","42wp_featured_image_hidden":false,"42wp_authors_list":[],"footnotes":""},"categories":[19],"tags":[417,25774,28679,6853,41812,985,5449,31465,949,10437,19052,840,38802,1491,28285,35442,910,8928,4621,851,39730,966,1172,8870,912,90,909,2128,2349,894,1722,1556,965,36219,1194,736,1593,976,876,967,32748,41542,28107],"42wp_author":[47128,47164],"class_list":["post-19408","post","type-post","status-publish","format-standard","has-post-thumbnail","hentry","category-formula-e","tag-andretti","tag-antonio-felix-da-costa","tag-calendario-formula-e","tag-classificacao-formula-e","tag-cupra-kiro","tag-dan-ticktum","tag-david-beckmann","tag-ds-penske","tag-edoardo-mortara","tag-envision","tag-ep-de-londres","tag-formula-e","tag-formula-e-2025","tag-grande-premio","tag-grandepremio","tag-horarios-formula-e","tag-jaguar","tag-jake-dennis","tag-jake-hughes","tag-jean-eric-vergne","tag-lola-yamaha","tag-lucas-di-grassi","tag-mahindra","tag-maserati","tag-maximilian-gunther","tag-mclaren","tag-mitch-evans","tag-nick-cassidy","tag-nico-muller","tag-nissan","tag-norman-nato","tag-nyck-de-vries","tag-oliver-rowland","tag-onde-assistir-formula-e","tag-pascal-wehrlein","tag-porsche","tag-robin-frijns","tag-sam-bird","tag-sebastien-buemi","tag-stoffel-vandoorne","tag-taylor-barnard","tag-temporada-2025-da-formula-e","tag-zane-maloney","42wp_author-guilherme-bloisi","42wp_author-marcos-gil-ribeiro"],"_links":{"self":[{"href":"https:\/\/grandepremio.com\/br\/wp-json\/wp\/v2\/posts\/19408","targetHints":{"allow":["GET"]}}],"collection":[{"href":"https:\/\/grandepremio.com\/br\/wp-json\/wp\/v2\/posts"}],"about":[{"href":"https:\/\/grandepremio.com\/br\/wp-json\/wp\/v2\/types\/post"}],"replies":[{"embeddable":true,"href":"https:\/\/grandepremio.com\/br\/wp-json\/wp\/v2\/comments?post=19408"}],"version-history":[{"count":0,"href":"https:\/\/grandepremio.com\/br\/wp-json\/wp\/v2\/posts\/19408\/revisions"}],"wp:featuredmedia":[{"embeddable":true,"href":"https:\/\/grandepremio.com\/br\/wp-json\/wp\/v2\/media\/1000996720"}],"wp:attachment":[{"href":"https:\/\/grandepremio.com\/br\/wp-json\/wp\/v2\/media?parent=19408"}],"wp:term":[{"taxonomy":"category","embeddable":true,"href":"https:\/\/grandepremio.com\/br\/wp-json\/wp\/v2\/categories?post=19408"},{"taxonomy":"post_tag","embeddable":true,"href":"https:\/\/grandepremio.com\/br\/wp-json\/wp\/v2\/tags?post=19408"},{"taxonomy":"42wp_author","embeddable":true,"href":"https:\/\/grandepremio.com\/br\/wp-json\/wp\/v2\/42wp_author?post=19408"}],"curies":[{"name":"wp","href":"https:\/\/api.w.org\/{rel}","templated":true}]}}