{"id":19433,"date":"2025-07-26T17:50:25","date_gmt":"2025-07-26T20:50:25","guid":{"rendered":"https:\/\/grandepremio.com\/br\/noticias\/alex-palou-exalta-ganassi-sensacional-apos-pole-laguna-seca-farei-tudo-que-puder\/"},"modified":"2025-07-26T19:43:01","modified_gmt":"2025-07-26T22:43:01","slug":"alex-palou-exalta-ganassi-sensacional-apos-pole-laguna-seca-farei-tudo-que-puder","status":"publish","type":"post","link":"https:\/\/grandepremio.com\/br\/indy\/alex-palou-exalta-ganassi-sensacional-apos-pole-laguna-seca-farei-tudo-que-puder\/","title":{"rendered":"Palou exalta Ganassi &#8220;sensacional&#8221; ap\u00f3s pole em Laguna Seca: &#8220;Farei tudo o que puder&#8221;"},"content":{"rendered":"\n<p class=\"wp-block-paragraph\"><strong>\u00c1lex Palou<\/strong> n\u00e3o deu chances para a concorr\u00eancia durante a classifica\u00e7\u00e3o do <strong>GP de Laguna Seca<\/strong>. Com 1min08s341, cravou a pole com quase 0s3 de vantagem para <strong>Pato O&#8217;Ward<\/strong>, que vai largar na segunda posi\u00e7\u00e3o ap\u00f3s duas semanas seguidas com vit\u00f3rias na <strong>Indy<\/strong>. O espanhol exaltou o trabalho da <strong>Ganassi<\/strong> pelo feito deste <strong>s\u00e1bado (26)<\/strong>.<\/p>\n\n\n\n<p class=\"wp-block-paragraph\">Palou tem feito uma temporada hist\u00f3rica na Indy em 2025. Com a pole deste s\u00e1bado, a quinta na temporada, o espanhol abriu 100 pontos para O&#8217;Ward \u2014 fruto das sete vit\u00f3rias conquistadas nas 13 etapas realizadas.<\/p>\n\n\n\n<p class=\"wp-block-paragraph\">Como se n\u00e3o bastasse tudo isso, Laguna Seca \u00e9 uma pista onde Palou tem um retrospecto impressionante: em quatro participa\u00e7\u00f5es, venceu em duas ocasi\u00f5es (2022 e 2024) \u2014 ambas com amplo dom\u00ednio \u2014, foi segundo em 2021 e terceiro em 2023. <\/p>\n\n\n\n<p class=\"wp-block-paragraph\">\u25b6\ufe0f\u00a0<strong>Inscreva-se nos dois canais do GRANDE PR\u00caMIO no YouTube:\u00a0<a href=\"https:\/\/www.youtube.com\/channel\/UC9OlHEgxoaY6QY6nWPoiqQg?sub_confirmation=1\" target=\"_blank\" rel=\"noreferrer noopener\">GP<\/a>\u00a0|\u00a0<a href=\"https:\/\/www.youtube.com\/channel\/UC9csiS6q_C3C0FYhyr1rnFA?sub_confirmation=1\" target=\"_blank\" rel=\"noreferrer noopener\">GP2<\/a><\/strong><br><strong>LEIA MAIS:\u00a0<a href=\"https:\/\/www.grandepremio.com\/br\/indy\/noticias\/ed-carpenter-compara-experiencias-piloto-dirigente-indy-gestao-e-mais-complicada\/\">Carpenter compara experi\u00eancias de piloto e dirigente na Indy: \u201cGest\u00e3o \u00e9 mais complicada\u201d<\/a><\/strong><\/p>\n\n\n\n<figure class=\"wp-block-image size-large\"><img decoding=\"async\" src=\"https:\/\/www.grandepremio.com\/br\/wp-content\/uploads\/2025\/07\/Alex-Palou-Java-House-Grand-Prix-of-Monterey-By_-Chris-Owens_Large-Image-Without-Watermark_m138795-1200x800.jpg\" alt=\"\" class=\"wp-image-996589\"\/><figcaption class=\"wp-element-caption\">\u00c1lex Palou (Foto: Indycar)<\/figcaption><\/figure>\n\n\n\n<p class=\"wp-block-paragraph\">&#8220;Sinceramente, o carro tem sido sensacional. Foi ontem no primeiro treino e hoje em todas as sess\u00f5es. Um ritmo fort\u00edssimo, como tem sido o ano todo, na verdade. Todo mundo na Ganassi tem feito um trabalho tremendo, que me faz parecer estar bem na pista&#8221;, explicou Palou.<\/p>\n\n\n\n<p class=\"wp-block-paragraph\">&#8220;\u00c9 \u00f3timo conquistar a pole aqui e mal posso esperar por amanh\u00e3. Vou dar meu melhor [na corrida]. \u00c9 dif\u00edcil juntar todas as coisas em uma corrida da Indy, algo bem complicado, mas farei tudo o que puder para estar no topo amanh\u00e3&#8221;, terminou Palou.<\/p>\n\n\n\n<p class=\"wp-block-paragraph\">O GP de\u00a0<a href=\"https:\/\/www.grandepremio.com\/br\/circuito\/laguna-seca\/\" target=\"_blank\" rel=\"noreferrer noopener\">Laguna Seca<\/a>\u00a0da\u00a0<a href=\"https:\/\/www.grandepremio.com\/formula-indy\/\" target=\"_blank\" rel=\"noreferrer noopener\">Indy<\/a>\u00a0acontece neste domingo (27) no circuito localizado em Monterey, na Calif\u00f3rnia, com largada marcada para \u00e0s 16h00 (de Bras\u00edlia, GMT-3), com cobertura completa do\u00a0<strong>GRANDE PR\u00caMIO<\/strong>.<\/p>\n\n\n\n<figure class=\"wp-block-embed is-type-video is-provider-youtube wp-block-embed-youtube wp-embed-aspect-16-9 wp-has-aspect-ratio\"><div class=\"wp-block-embed__wrapper\">\n<iframe loading=\"lazy\" title=\"DOM\u00cdNIO DE PALOU TORNA TEMPORADA COMO PIOR DA HIST\u00d3RIA? | Paddock Sprint Indy\" width=\"500\" height=\"281\" src=\"https:\/\/www.youtube.com\/embed\/4CASgu4DoJs?feature=oembed\" frameborder=\"0\" allow=\"accelerometer; autoplay; clipboard-write; encrypted-media; gyroscope; picture-in-picture; web-share\" referrerpolicy=\"strict-origin-when-cross-origin\" allowfullscreen><\/iframe>\n<\/div><\/figure>\n","protected":false},"excerpt":{"rendered":"<p>\u00c1lex Palou continuou forma exuberante na temporada 2025 da Indy e conquistou a quinta pole-position no ano<\/p>\n","protected":false},"author":0,"featured_media":1000996597,"comment_status":"closed","ping_status":"closed","sticky":false,"template":"","format":"standard","meta":{"42wp_featured_image_caption":"","42wp_featured_image_credits":"","42wp_featured_video":"","42wp_featured_image_hidden":false,"42wp_authors_list":[],"footnotes":""},"categories":[3],"tags":[2980,9828,617,448,28552,1848,649,3486,6133,1579,1824,334,6190,1825,3144,25661,4451,3475,1491,28285,333,35361,93,39054,232,4717,1555,35404,791,31652,3352,1569,25714,29784,27380,40744,5021,34804,2188,1869,44265,830,732,266,3500,41036,321,3133,580],"42wp_author":[47155],"class_list":["post-19433","post","type-post","status-publish","format-standard","has-post-thumbnail","hentry","category-indy","tag-500-milhas-indianapolis","tag-alex-palou","tag-alexander-rossi","tag-caio-collet","tag-calendario-indy","tag-callum-ilott","tag-christian-lundgaard","tag-christian-rasmussen","tag-classificacao-indy","tag-colton-herta","tag-conor-daly","tag-david-malukas","tag-devlin-defrancesco","tag-ed-carpenter","tag-felix-rosenqvist","tag-gp-de-laguna-seca","tag-gp-de-toronto","tag-graham-rahal","tag-grande-premio","tag-grandepremio","tag-hmd","tag-horarios-indy","tag-indy","tag-indy-2025","tag-indy-500","tag-jacob-abel","tag-josef-newgarden","tag-kyffin-simpson","tag-kyle-kirkwood","tag-louis-foster","tag-marcus-armstrong","tag-marcus-ericsson","tag-nolan-siegel","tag-onde-assistir-indy","tag-pato-oward-3","tag-penske-entertainment","tag-piloto","tag-ricardo-escotto","tag-rinus-veekay","tag-robert-shwartzman","tag-saida-indy","tag-santino-ferrucci","tag-scott-dixon","tag-scott-mclaughlin","tag-sting-ray-robb","tag-temporada-2025-da-indy","tag-tony-kanaan","tag-will-power","tag-zak-brown","42wp_author-daniel-balsa"],"_links":{"self":[{"href":"https:\/\/grandepremio.com\/br\/wp-json\/wp\/v2\/posts\/19433","targetHints":{"allow":["GET"]}}],"collection":[{"href":"https:\/\/grandepremio.com\/br\/wp-json\/wp\/v2\/posts"}],"about":[{"href":"https:\/\/grandepremio.com\/br\/wp-json\/wp\/v2\/types\/post"}],"replies":[{"embeddable":true,"href":"https:\/\/grandepremio.com\/br\/wp-json\/wp\/v2\/comments?post=19433"}],"version-history":[{"count":0,"href":"https:\/\/grandepremio.com\/br\/wp-json\/wp\/v2\/posts\/19433\/revisions"}],"wp:featuredmedia":[{"embeddable":true,"href":"https:\/\/grandepremio.com\/br\/wp-json\/wp\/v2\/media\/1000996597"}],"wp:attachment":[{"href":"https:\/\/grandepremio.com\/br\/wp-json\/wp\/v2\/media?parent=19433"}],"wp:term":[{"taxonomy":"category","embeddable":true,"href":"https:\/\/grandepremio.com\/br\/wp-json\/wp\/v2\/categories?post=19433"},{"taxonomy":"post_tag","embeddable":true,"href":"https:\/\/grandepremio.com\/br\/wp-json\/wp\/v2\/tags?post=19433"},{"taxonomy":"42wp_author","embeddable":true,"href":"https:\/\/grandepremio.com\/br\/wp-json\/wp\/v2\/42wp_author?post=19433"}],"curies":[{"name":"wp","href":"https:\/\/api.w.org\/{rel}","templated":true}]}}