{"id":19441,"date":"2025-07-26T15:51:27","date_gmt":"2025-07-26T18:51:27","guid":{"rendered":"https:\/\/grandepremio.com\/br\/noticias\/caio-collet-domina-conquista-pole-duas-corridas-indy-nxt-laguna-seca\/"},"modified":"2025-07-26T19:42:37","modified_gmt":"2025-07-26T22:42:37","slug":"caio-collet-domina-conquista-pole-duas-corridas-indy-nxt-laguna-seca","status":"publish","type":"post","link":"https:\/\/grandepremio.com\/br\/indy\/caio-collet-domina-conquista-pole-duas-corridas-indy-nxt-laguna-seca\/","title":{"rendered":"Collet domina e conquista pole das duas corridas da Indy NXT em Laguna Seca"},"content":{"rendered":"\n<p class=\"wp-block-paragraph\"><strong>Caio Collet<\/strong> foi o grande destaque da classifica\u00e7\u00e3o da <strong>Indy NXT<\/strong> em <strong>Laguna Seca<\/strong>, disputada neste s\u00e1bado (26). O brasileiro registrou a pole-position das duas etapas da rodada dupla no circuito californiano.<\/p>\n\n\n\n<p class=\"wp-block-paragraph\">Por se tratar de um fim de semana com duas corridas, a classifica\u00e7\u00e3o em Laguna Seca funcionou da seguinte forma: a volta mais r\u00e1pida valeu para a prova 1 e o segundo melhor tempo foi o registro para a segunda corrida. Com 1min13s256 e 1min13s328, Collet ficou com as poles das etapas deste s\u00e1bado e <strong>domingo (27)<\/strong>.<\/p>\n\n\n\n<p class=\"wp-block-paragraph\">Quem larga ao lado de Collet na primeira fila nas duas provas \u00e9 <strong>Dennis Hauger<\/strong>, l\u00edder do campeonato, que registrou 1min13s327 e 1min13s358 na classifica\u00e7\u00e3o. <strong>Josh Pierson<\/strong> sai em terceiro nas duas corridas, com 1min13s436 e 1min13s449.<\/p>\n\n\n\n<p class=\"wp-block-paragraph\">\u25b6\ufe0f\u00a0<strong>Inscreva-se nos dois canais do GRANDE PR\u00caMIO no YouTube:\u00a0<a href=\"https:\/\/www.youtube.com\/channel\/UC9OlHEgxoaY6QY6nWPoiqQg?sub_confirmation=1\" target=\"_blank\" rel=\"noreferrer noopener\">GP<\/a>\u00a0|\u00a0<a href=\"https:\/\/www.youtube.com\/channel\/UC9csiS6q_C3C0FYhyr1rnFA?sub_confirmation=1\" target=\"_blank\" rel=\"noreferrer noopener\">GP2<\/a><\/strong><br><strong>LEIA MAIS:\u00a0<a href=\"https:\/\/www.grandepremio.com\/br\/indy\/noticias\/ed-carpenter-compara-experiencias-piloto-dirigente-indy-gestao-e-mais-complicada\/\">Carpenter compara experi\u00eancias de piloto e dirigente na Indy: \u201cGest\u00e3o \u00e9 mais complicada\u201d<\/a><\/strong><\/p>\n\n\n\n<figure class=\"wp-block-image size-large\"><img decoding=\"async\" src=\"https:\/\/www.grandepremio.com\/br\/wp-content\/uploads\/2025\/07\/Caio-Collet-INDY-NXT-By-Firestone-Grand-Prix-of-Monterey-By_-Travis-Hinkle_Large-Image-Without-Watermark_m138739-1200x800.jpg\" alt=\"\" class=\"wp-image-996537\"\/><figcaption class=\"wp-element-caption\">Caio Collet (Foto: IndyCar)<\/figcaption><\/figure>\n\n\n\n<p class=\"wp-block-paragraph\">Na corrida 1, <strong>Myles Rowe<\/strong> larga em quarto, logo \u00e0 frente de <strong>Callum Hedge<\/strong> e <strong>Lochie Hughes<\/strong>, vice l\u00edder do certame. Completam o top-10 da corrida deste s\u00e1bado: <strong>Niels Koolen<\/strong>, <strong>Sebastian Murray<\/strong>, <strong>Max Taylor<\/strong> e <strong>Jordan Missig<\/strong>.<\/p>\n\n\n\n<p class=\"wp-block-paragraph\">J\u00e1 na corrida do domingo, Hughes sai em quarto, com Hedge fechando o top-5. Rowe, Taylor, Murray, Koolen e Missig finalizaram os dez primeiros.<\/p>\n\n\n\n<p class=\"wp-block-paragraph\">A corrida 1 da Indy NXT em Laguna Seca est\u00e1 marcada para este s\u00e1bado, \u00e0s <strong>17h30 [de Bras\u00edlia, GMT -3]<\/strong>. A prova que fecha o fim de semana da categoria de base da Indy est\u00e1 agendada para o domingo, \u00e0s 14h.<\/p>\n\n\n\n<figure class=\"wp-block-embed is-type-video is-provider-youtube wp-block-embed-youtube wp-embed-aspect-16-9 wp-has-aspect-ratio\"><div class=\"wp-block-embed__wrapper\">\n<iframe loading=\"lazy\" title=\"DOM\u00cdNIO DE PALOU TORNA TEMPORADA COMO PIOR DA HIST\u00d3RIA? | Paddock Sprint Indy\" width=\"500\" height=\"281\" src=\"https:\/\/www.youtube.com\/embed\/4CASgu4DoJs?feature=oembed\" frameborder=\"0\" allow=\"accelerometer; autoplay; clipboard-write; encrypted-media; gyroscope; picture-in-picture; web-share\" referrerpolicy=\"strict-origin-when-cross-origin\" allowfullscreen><\/iframe>\n<\/div><\/figure>\n","protected":false},"excerpt":{"rendered":"<p>Em busca da rea\u00e7\u00e3o na Indy NXT 2025, Caio Collet bate Dennis Hauger e larga na frente nas duas provas da rodada de Laguna Seca<\/p>\n","protected":false},"author":0,"featured_media":1000996536,"comment_status":"closed","ping_status":"closed","sticky":false,"template":"","format":"standard","meta":{"42wp_featured_image_caption":"","42wp_featured_image_credits":"","42wp_featured_video":"","42wp_featured_image_hidden":false,"42wp_authors_list":[],"footnotes":""},"categories":[3],"tags":[2980,9828,617,448,28552,1848,649,3486,6133,1579,1824,334,1581,6190,1825,3144,25661,4451,3475,1491,28285,333,35361,93,39054,232,32908,4717,1555,35404,791,31652,3352,1569,25714,29784,27380,40744,5021,34804,2188,1869,44265,830,732,266,3500,41036,321,3133,580],"42wp_author":[47155],"class_list":["post-19441","post","type-post","status-publish","format-standard","has-post-thumbnail","hentry","category-indy","tag-500-milhas-indianapolis","tag-alex-palou","tag-alexander-rossi","tag-caio-collet","tag-calendario-indy","tag-callum-ilott","tag-christian-lundgaard","tag-christian-rasmussen","tag-classificacao-indy","tag-colton-herta","tag-conor-daly","tag-david-malukas","tag-dennis-hauger","tag-devlin-defrancesco","tag-ed-carpenter","tag-felix-rosenqvist","tag-gp-de-laguna-seca","tag-gp-de-toronto","tag-graham-rahal","tag-grande-premio","tag-grandepremio","tag-hmd","tag-horarios-indy","tag-indy","tag-indy-2025","tag-indy-500","tag-indy-nxt","tag-jacob-abel","tag-josef-newgarden","tag-kyffin-simpson","tag-kyle-kirkwood","tag-louis-foster","tag-marcus-armstrong","tag-marcus-ericsson","tag-nolan-siegel","tag-onde-assistir-indy","tag-pato-oward-3","tag-penske-entertainment","tag-piloto","tag-ricardo-escotto","tag-rinus-veekay","tag-robert-shwartzman","tag-saida-indy","tag-santino-ferrucci","tag-scott-dixon","tag-scott-mclaughlin","tag-sting-ray-robb","tag-temporada-2025-da-indy","tag-tony-kanaan","tag-will-power","tag-zak-brown","42wp_author-daniel-balsa"],"_links":{"self":[{"href":"https:\/\/grandepremio.com\/br\/wp-json\/wp\/v2\/posts\/19441","targetHints":{"allow":["GET"]}}],"collection":[{"href":"https:\/\/grandepremio.com\/br\/wp-json\/wp\/v2\/posts"}],"about":[{"href":"https:\/\/grandepremio.com\/br\/wp-json\/wp\/v2\/types\/post"}],"replies":[{"embeddable":true,"href":"https:\/\/grandepremio.com\/br\/wp-json\/wp\/v2\/comments?post=19441"}],"version-history":[{"count":0,"href":"https:\/\/grandepremio.com\/br\/wp-json\/wp\/v2\/posts\/19441\/revisions"}],"wp:featuredmedia":[{"embeddable":true,"href":"https:\/\/grandepremio.com\/br\/wp-json\/wp\/v2\/media\/1000996536"}],"wp:attachment":[{"href":"https:\/\/grandepremio.com\/br\/wp-json\/wp\/v2\/media?parent=19441"}],"wp:term":[{"taxonomy":"category","embeddable":true,"href":"https:\/\/grandepremio.com\/br\/wp-json\/wp\/v2\/categories?post=19441"},{"taxonomy":"post_tag","embeddable":true,"href":"https:\/\/grandepremio.com\/br\/wp-json\/wp\/v2\/tags?post=19441"},{"taxonomy":"42wp_author","embeddable":true,"href":"https:\/\/grandepremio.com\/br\/wp-json\/wp\/v2\/42wp_author?post=19441"}],"curies":[{"name":"wp","href":"https:\/\/api.w.org\/{rel}","templated":true}]}}