{"id":19444,"date":"2025-07-26T15:28:47","date_gmt":"2025-07-26T18:28:47","guid":{"rendered":"https:\/\/grandepremio.com\/br\/noticias\/mercedes-joga-toalha-avalia-ritmo-mais-fraco-ano-belgica-sem-ilusoes\/"},"modified":"2025-07-26T15:32:39","modified_gmt":"2025-07-26T18:32:39","slug":"mercedes-joga-toalha-avalia-ritmo-mais-fraco-ano-belgica-sem-ilusoes","status":"publish","type":"post","link":"https:\/\/grandepremio.com\/br\/f1\/mercedes-joga-toalha-avalia-ritmo-mais-fraco-ano-belgica-sem-ilusoes\/","title":{"rendered":"Mercedes joga toalha e avalia &#8220;ritmo mais fraco do ano&#8221; na B\u00e9lgica: &#8220;Sem ilus\u00f5es&#8221;"},"content":{"rendered":"\n<p class=\"wp-block-paragraph\"><strong>Toto Wolff<\/strong> deixou a pista de <strong>Spa-Francorchamps<\/strong> totalmente insatisfeito com o resultado alcan\u00e7ado pela <strong>Mercedes<\/strong> na <a href=\"https:\/\/www.grandepremio.com\/br\/f1\/noticias\/lando-norris-vence-briga-caseira-oscar-piastri-crava-pole-gp-belgica-gabriel-bortoleto-10o\/\">classifica\u00e7\u00e3o deste s\u00e1bado (26)<\/a>. O chefe da equipe rotulou o desempenho at\u00e9 aqui no <strong>GP da B\u00e9lgica<\/strong> como o &#8220;mais fraco do ano&#8221; e admitiu que todos est\u00e3o trabalhando o m\u00e1ximo que podem para entender os motivos de o <strong>W16<\/strong> sofrer tanto com a falta de equil\u00edbrio.<\/p>\n\n\n\n<p class=\"wp-block-paragraph\">Enquanto <strong>Andrea Kimi Antonelli<\/strong> sofreu para extrair performance do carro e <a href=\"https:\/\/www.grandepremio.com\/br\/f1\/noticias\/andrea-kimi-antonelli-chora-falta-confianca-carro-belgica-estou-piorando-as-coisas\/\">garantiu apenas a 18\u00aa posi\u00e7\u00e3o<\/a> no grid de largada da 13\u00aa etapa da temporada 2025 da <strong>F\u00f3rmula 1<\/strong>, <a href=\"https:\/\/www.grandepremio.com\/br\/video\/f1\/andrea-kimi-antonelli-prantos-zona-entrevistas-queda-q1-belgica\/\">saindo em prantos do circuito<\/a>, <strong>George Russell<\/strong> avan\u00e7ou at\u00e9 o Q3 e anotou 1min41s260 para <a href=\"https:\/\/www.grandepremio.com\/br\/f1\/noticias\/george-russell-aponta-pior-classificacao-ano-espera-caos-chuva-belgica\/\">ficar com o sexto lugar<\/a> \u2014 embora tenha sido 0s698 mais lento que <strong>Lando Norris<\/strong>, respons\u00e1vel por colocar a <strong>McLaren<\/strong> <a href=\"https:\/\/www.grandepremio.com\/br\/f1\/noticias\/lando-norris-exalta-mclaren-voando-pole-belgica-torce-domingo-sem-chuva\/\">na pole-position<\/a>.<\/p>\n\n\n\n<p class=\"wp-block-paragraph\">Por isso, n\u00e3o faltaram lamentos a Wolff ap\u00f3s o fim das atividades. &#8220;Como equipe, este fim de semana ficou muito aqu\u00e9m dos nossos padr\u00f5es at\u00e9 agora. Tem sido nosso desempenho mais fraco do ano, e precisamos entender rapidamente o porqu\u00ea&#8221;, disse o dirigente ao <em>site oficial da Mercedes<\/em>.<\/p>\n\n\n\n<p class=\"wp-block-paragraph\">&#8220;Tivemos dificuldades com um carro enfrentando v\u00e1rias limita\u00e7\u00f5es de equil\u00edbrio, perdendo a maior parte do nosso tempo de volta no segundo setor. Sab\u00edamos que seria dif\u00edcil marcar pontos na sprint, dadas as nossas posi\u00e7\u00f5es de largada, ent\u00e3o focamos em melhorar esses problemas de equil\u00edbrio para a classifica\u00e7\u00e3o. Infelizmente, n\u00e3o conseguimos avan\u00e7ar o suficiente e sofremos as consequ\u00eancias&#8221;, prosseguiu.<\/p>\n\n\n\n\n\n\n\n<p class=\"wp-block-paragraph\">Novato da Mercedes saiu chorando da classifica\u00e7\u00e3o na B\u00e9lgica (V\u00eddeo: Reprodu\u00e7\u00e3o\/ViaPlay)<\/p>\n\n\n\n<p class=\"wp-block-paragraph\">\u25b6\ufe0f <strong>Inscreva-se nos dois canais do GRANDE PR\u00caMIO no YouTube:\u00a0<a href=\"https:\/\/www.youtube.com\/channel\/UC9OlHEgxoaY6QY6nWPoiqQg?sub_confirmation=1\" target=\"_blank\" rel=\"noreferrer noopener\">GP<\/a>\u00a0|\u00a0<a href=\"https:\/\/www.youtube.com\/channel\/UC9csiS6q_C3C0FYhyr1rnFA?sub_confirmation=1\" target=\"_blank\" rel=\"noreferrer noopener\">GP2<\/a><\/strong><br>\u25b6\ufe0f <strong>OU\u00c7A AGORA:\u00a0<a href=\"https:\/\/www.grandepremio.com\/br\/f1\/noticias\/chefe-de-equipe-ganha-corrida-e-quais-os-melhores-da-f1-atual-paddockast-197\/\">Chefe de equipe ganha corrida? E quais os melhores da F1 atual? | Paddockast #197<\/a><\/strong><\/p>\n\n\n\n<p class=\"wp-block-paragraph\">&#8220;Com uma previs\u00e3o de tempo inst\u00e1vel para a corrida de amanh\u00e3, vamos buscar aproveitar qualquer oportunidade que surgir. Mas n\u00e3o estamos nos iludindo, o ritmo do nosso carro neste fim de semana n\u00e3o foi suficiente para brigar na frente, e \u00e9 improv\u00e1vel que isso mude amanh\u00e3&#8221;, admitiu Toto.<\/p>\n\n\n\n<p class=\"wp-block-paragraph\">&#8220;Vamos lutar para maximizar nosso resultado, mas precisamos garantir que comecemos o fim de semana em uma posi\u00e7\u00e3o muito mais forte em <strong>Budapeste<\/strong>, na pr\u00f3xima semana&#8221;, concluiu.<\/p>\n\n\n\n<p class=\"wp-block-paragraph\">A\u00a0<strong><a href=\"https:\/\/www.grandepremio.com\/br\/f1\/\" target=\"_blank\" rel=\"noreferrer noopener\"><\/a><a href=\"https:\/\/www.grandepremio.com\/br\/f1\/\" target=\"_blank\" rel=\"noreferrer noopener\">F\u00f3rmula 1<\/a><\/strong>\u00a0retorna neste fim de semana, de 25 a 27 de julho,<strong>\u00a0na B\u00e9lgica<\/strong>, 13\u00aa etapa da temporada 2025. O\u00a0<strong>GRANDE PR\u00caMIO<\/strong>\u00a0acompanha todas as atividades\u00a0<strong><a href=\"https:\/\/www.grandepremio.com\/br\/f1\/ao-vivo\" target=\"_blank\" rel=\"noreferrer noopener\">AO VIVO E EM\u00a0<\/a><a href=\"https:\/\/www.grandepremio.com\/br\/ao-vivo\/\" target=\"_blank\" rel=\"noreferrer noopener\">TEMPO REAL<\/a><\/strong>, al\u00e9m de classifica\u00e7\u00f5es, sprint e corrida em\u00a0<strong><a href=\"https:\/\/www.youtube.com\/@GrandePremio1\/streams\" target=\"_blank\" rel=\"noreferrer noopener\">SEGUNDA TELA no YouTube<\/a><\/strong>, em parceria com a Voz do Esporte. O\u00a0<strong>Briefing<\/strong>\u00a0chega para analisar ap\u00f3s o fim de cada dia de atividades nas redes sociais e na GPTV.<\/p>\n\n\n\n<p class=\"wp-block-paragraph\">Al\u00e9m da cobertura tradicional, o\u00a0<strong>GRANDE PR\u00caMIO<\/strong>\u00a0estar\u00e1\u00a0<strong>IN LOCO<\/strong>\u00a0em\u00a0<strong><a href=\"https:\/\/www.grandepremio.com\/br\/circuito\/spa-francorchamps\/\" target=\"_blank\" rel=\"noreferrer noopener\">Spa-Francorchamps<\/a>\u00a0<\/strong>para acompanhar todas as emo\u00e7\u00f5es da etapa com o rep\u00f3rter\u00a0<strong>Leonid Kliuev<\/strong>.<\/p>\n\n\n\n<p class=\"wp-block-paragraph\"><strong>GP da B\u00e9lgica de F1: veja os hor\u00e1rios em Brasil, Cabo Verde,\u00a0<a href=\"https:\/\/grandepremio.pt\/\" target=\"_blank\" rel=\"noreferrer noopener\">Portugal<\/a>, Angola e Mo\u00e7ambique:<\/strong><\/p>\n\n\n\n<figure class=\"wp-block-table\"><table class=\"has-fixed-layout\"><tbody><tr><td><strong>Sess\u00e3o<\/strong><\/td><td><strong>BRA*<\/strong><\/td><td><strong>CBV<\/strong><\/td><td><strong>POR<\/strong><br><strong>ANG<\/strong><\/td><td><strong>MOZ<\/strong><\/td><\/tr><tr><td>Corrida<\/td><td>10:00<\/td><td>12:00<\/td><td>14:00<\/td><td>15:00<\/td><\/tr><\/tbody><\/table><\/figure>\n\n\n\n<p class=\"wp-block-paragraph\"><em>*Hor\u00e1rio de Bras\u00edlia<\/em><\/p>\n\n\n\n<figure class=\"wp-block-embed is-type-video is-provider-youtube wp-block-embed-youtube wp-embed-aspect-16-9 wp-has-aspect-ratio\"><div class=\"wp-block-embed__wrapper\">\n<iframe loading=\"lazy\" title=\"NORRIS POLE, BORTOLETO BRILHA, VERSTAPPEN VENCE SPRINT: o S\u00c1BADO da F1 na B\u00c9LGICA | BRIEFING\" width=\"500\" height=\"281\" src=\"https:\/\/www.youtube.com\/embed\/et8Aay2Bhe4?feature=oembed\" frameborder=\"0\" allow=\"accelerometer; autoplay; clipboard-write; encrypted-media; gyroscope; picture-in-picture; web-share\" referrerpolicy=\"strict-origin-when-cross-origin\" allowfullscreen><\/iframe>\n<\/div><\/figure>\n","protected":false},"excerpt":{"rendered":"<p>Chefe da Mercedes, Toto Wolff lamentou o desempenho na classifica\u00e7\u00e3o deste s\u00e1bado (26) e disse que a equipe vai &#8220;lutar para maximizar o resultado&#8221; em Spa-Francorchamps<\/p>\n","protected":false},"author":0,"featured_media":1000996104,"comment_status":"closed","ping_status":"closed","sticky":false,"template":"","format":"standard","meta":{"42wp_featured_image_caption":"","42wp_featured_image_credits":"","42wp_featured_video":"","42wp_featured_image_hidden":false,"42wp_authors_list":[],"footnotes":""},"categories":[2],"tags":[27861,26271,5273,147,3630,180,3628,800,22936,32276,1491,28285,30840,82,35129,108,44011,32260,42001,150],"42wp_author":[47160],"class_list":["post-19444","post","type-post","status-publish","format-standard","has-post-thumbnail","hentry","category-f1","tag-andrea-kimi-antonelli","tag-calendario-f1","tag-classificacao-f1","tag-f1","tag-f1-2025","tag-formula-1","tag-formula-1-2025","tag-george-russell","tag-gp-da-belgica","tag-gp-da-belgica-f1","tag-grande-premio","tag-grandepremio","tag-horarios-f1","tag-mercedes","tag-onde-assistir-f1","tag-spa-francorchamps","tag-spa-francorchamps-2025","tag-spa-francorchamps-f1","tag-temporada-2025-f1","tag-toto-wolff","42wp_author-vicente-soella"],"_links":{"self":[{"href":"https:\/\/grandepremio.com\/br\/wp-json\/wp\/v2\/posts\/19444","targetHints":{"allow":["GET"]}}],"collection":[{"href":"https:\/\/grandepremio.com\/br\/wp-json\/wp\/v2\/posts"}],"about":[{"href":"https:\/\/grandepremio.com\/br\/wp-json\/wp\/v2\/types\/post"}],"replies":[{"embeddable":true,"href":"https:\/\/grandepremio.com\/br\/wp-json\/wp\/v2\/comments?post=19444"}],"version-history":[{"count":0,"href":"https:\/\/grandepremio.com\/br\/wp-json\/wp\/v2\/posts\/19444\/revisions"}],"wp:featuredmedia":[{"embeddable":true,"href":"https:\/\/grandepremio.com\/br\/wp-json\/wp\/v2\/media\/1000996104"}],"wp:attachment":[{"href":"https:\/\/grandepremio.com\/br\/wp-json\/wp\/v2\/media?parent=19444"}],"wp:term":[{"taxonomy":"category","embeddable":true,"href":"https:\/\/grandepremio.com\/br\/wp-json\/wp\/v2\/categories?post=19444"},{"taxonomy":"post_tag","embeddable":true,"href":"https:\/\/grandepremio.com\/br\/wp-json\/wp\/v2\/tags?post=19444"},{"taxonomy":"42wp_author","embeddable":true,"href":"https:\/\/grandepremio.com\/br\/wp-json\/wp\/v2\/42wp_author?post=19444"}],"curies":[{"name":"wp","href":"https:\/\/api.w.org\/{rel}","templated":true}]}}