{"id":19449,"date":"2025-07-26T14:21:32","date_gmt":"2025-07-26T17:21:32","guid":{"rendered":"https:\/\/grandepremio.com\/br\/noticias\/ferrari-ve-lewis-hamilton-sem-confianca-queda-q1-belgica-precisa-ficar-calmo\/"},"modified":"2025-07-26T14:25:50","modified_gmt":"2025-07-26T17:25:50","slug":"ferrari-ve-lewis-hamilton-sem-confianca-queda-q1-belgica-precisa-ficar-calmo","status":"publish","type":"post","link":"https:\/\/grandepremio.com\/br\/f1\/ferrari-ve-lewis-hamilton-sem-confianca-queda-q1-belgica-precisa-ficar-calmo\/","title":{"rendered":"Ferrari v\u00ea Hamilton &#8220;sem confian\u00e7a&#8221; com queda no Q1 da B\u00e9lgica: &#8220;Precisa ficar calmo&#8221;"},"content":{"rendered":"\n<p class=\"wp-block-paragraph\">Ap\u00f3s uma <a href=\"https:\/\/www.grandepremio.com\/br\/f1\/noticias\/lando-norris-vence-briga-caseira-oscar-piastri-crava-pole-gp-belgica-gabriel-bortoleto-10o\/\">classifica\u00e7\u00e3o de extremos<\/a> em <strong>Spa-Francorchamps<\/strong> neste s\u00e1bado (26), <strong>Fr\u00e9d\u00e9ric Vasseur<\/strong> falou sobre o desempenho da <strong>Ferrari<\/strong> e especificamente o de <strong>Lewis Hamilton<\/strong> at\u00e9 aqui no <strong>GP da B\u00e9lgica<\/strong>, 13\u00aa etapa da temporada 2025 da <strong>F\u00f3rmula 1<\/strong>. Ao analisar os erros cometidos pelo heptacampe\u00e3o nas atividades, o chefe da equipe destacou que falta &#8220;um pouco de confian\u00e7a&#8221; ao piloto para traduzir o bom ritmo em resultados positivos.<\/p>\n\n\n\n<p class=\"wp-block-paragraph\">Enquanto <strong>Charles Leclerc<\/strong> avan\u00e7ou tranquilamente at\u00e9 o Q3 e anotou 1min40s900 no cron\u00f4metro para <a href=\"https:\/\/www.grandepremio.com\/br\/f1\/noticias\/charles-leclerc-cita-pequenas-mudancas-ferrari-classificacao-mira-podio-belgica\/\">ficar com o terceiro lugar no grid de largada<\/a>, atr\u00e1s apenas de <strong>Lando Norris<\/strong> e <strong>Oscar Piastri<\/strong>, dupla da <strong>McLaren<\/strong>, o dono da <strong>SF-25 #44<\/strong> foi eliminado precocemente mais uma vez. Ainda no Q1, o brit\u00e2nico viu a <a href=\"https:\/\/www.grandepremio.com\/br\/video\/f1\/passou-fora-lewis-hamilton-extrapola-limites-pista-cai-q1-classificacao-gp-belgica\/\">volta final ser deletada por infra\u00e7\u00e3o aos limites de pista<\/a> e <a href=\"https:\/\/www.grandepremio.com\/br\/f1\/noticias\/lewis-hamilton-admite-sabado-inaceitavel-belgica-discorda-volta-anulada\/\">teve de se contentar com o 16\u00ba posto<\/a>.<\/p>\n\n\n\n<p class=\"wp-block-paragraph\">&#8220;Neste momento, o que est\u00e1 faltando para Hamilton \u00e9 simplesmente um pouco de confian\u00e7a&#8221;, disse Vasseur em entrevista \u00e0 emissora <em>Sky Sports<\/em>. &#8220;Tamb\u00e9m n\u00e3o foi f\u00e1cil encarar este fim de semana, porque n\u00e3o h\u00e1 tempo para preparar nada direito e ganhar confian\u00e7a com o carro&#8221;, continuou.<\/p>\n\n\n\n<p class=\"wp-block-paragraph\">&#8220;Com apenas uma sess\u00e3o de treinos livres, n\u00e3o conseguimos simular o ritmo de corrida, e na classifica\u00e7\u00e3o da sprint somos obrigados a usar pneus m\u00e9dios nas duas primeiras fases, ent\u00e3o n\u00e3o h\u00e1 uma progress\u00e3o natural com o mesmo composto&#8221;, lamentou.<\/p>\n\n\n\n\n\n\n\n<p class=\"wp-block-paragraph\">Momento em que Hamilton extrapola os limites de pista (V\u00eddeo: Reprodu\u00e7\u00e3o\/F1TV)<\/p>\n\n\n\n<p class=\"wp-block-paragraph\">\u25b6\ufe0f <strong>Inscreva-se nos dois canais do GRANDE PR\u00caMIO no YouTube:&nbsp;<a href=\"https:\/\/www.youtube.com\/channel\/UC9OlHEgxoaY6QY6nWPoiqQg?sub_confirmation=1\" target=\"_blank\" rel=\"noreferrer noopener\">GP<\/a>&nbsp;|&nbsp;<a href=\"https:\/\/www.youtube.com\/channel\/UC9csiS6q_C3C0FYhyr1rnFA?sub_confirmation=1\" target=\"_blank\" rel=\"noreferrer noopener\">GP2<\/a><\/strong><br>\u25b6\ufe0f <strong>OU\u00c7A AGORA:&nbsp;<a href=\"https:\/\/www.grandepremio.com\/br\/f1\/noticias\/chefe-de-equipe-ganha-corrida-e-quais-os-melhores-da-f1-atual-paddockast-197\/\">Chefe de equipe ganha corrida? E quais os melhores da F1 atual? | Paddockast #197<\/a><\/strong><\/p>\n\n\n\n<p class=\"wp-block-paragraph\">&#8220;Hamilton s\u00f3 precisa ficar calmo e encaixar tudo. N\u00e3o acho que n\u00e3o estivesse entendendo o carro \u2014 a velocidade estava l\u00e1, e isso estava n\u00edtido em todas as parciais, tanto as de ontem antes de rodar na &#8216;Bus Stop&#8217; quanto as de hoje&#8221;, sublinhou o chefe da Ferrari, que ainda n\u00e3o tem uma opini\u00e3o formada sobre a vantagem de competir na chuva neste domingo.<\/p>\n\n\n\n<p class=\"wp-block-paragraph\">&#8220;N\u00e3o sei se a chuva seria melhor ou pior para n\u00f3s. Se chover, de qualquer forma ser\u00e1 positivo ganhar experi\u00eancia com este carro em todas as condi\u00e7\u00f5es&#8221;, concluiu.<\/p>\n\n\n\n<p class=\"wp-block-paragraph\">A&nbsp;<strong><a href=\"https:\/\/www.grandepremio.com\/br\/f1\/\" target=\"_blank\" rel=\"noreferrer noopener\"><\/a><a href=\"https:\/\/www.grandepremio.com\/br\/f1\/\" target=\"_blank\" rel=\"noreferrer noopener\">F\u00f3rmula 1<\/a><\/strong>&nbsp;retorna neste fim de semana, de 25 a 27 de julho,<strong>&nbsp;na B\u00e9lgica<\/strong>, 13\u00aa etapa da temporada 2025. O&nbsp;<strong>GRANDE PR\u00caMIO<\/strong>&nbsp;acompanha todas as atividades&nbsp;<strong><a href=\"https:\/\/www.grandepremio.com\/br\/f1\/ao-vivo\" target=\"_blank\" rel=\"noreferrer noopener\">AO VIVO E EM&nbsp;<\/a><a href=\"https:\/\/www.grandepremio.com\/br\/ao-vivo\/\" target=\"_blank\" rel=\"noreferrer noopener\">TEMPO REAL<\/a><\/strong>, al\u00e9m de classifica\u00e7\u00f5es, sprint e corrida em&nbsp;<strong><a href=\"https:\/\/www.youtube.com\/@GrandePremio1\/streams\" target=\"_blank\" rel=\"noreferrer noopener\">SEGUNDA TELA no YouTube<\/a><\/strong>, em parceria com a Voz do Esporte. O&nbsp;<strong>Briefing<\/strong>&nbsp;chega para analisar ap\u00f3s o fim de cada dia de atividades nas redes sociais e na GPTV.<\/p>\n\n\n\n<p class=\"wp-block-paragraph\">Al\u00e9m da cobertura tradicional, o&nbsp;<strong>GRANDE PR\u00caMIO<\/strong>&nbsp;estar\u00e1&nbsp;<strong>IN LOCO<\/strong>&nbsp;em&nbsp;<strong><a href=\"https:\/\/www.grandepremio.com\/br\/circuito\/spa-francorchamps\/\" target=\"_blank\" rel=\"noreferrer noopener\">Spa-Francorchamps<\/a>&nbsp;<\/strong>para acompanhar todas as emo\u00e7\u00f5es da etapa com o rep\u00f3rter&nbsp;<strong>Leonid Kliuev<\/strong>.<\/p>\n\n\n\n<p class=\"wp-block-paragraph\"><strong>GP da B\u00e9lgica de F1: veja os hor\u00e1rios em Brasil, Cabo Verde,&nbsp;<a href=\"https:\/\/grandepremio.pt\/\" target=\"_blank\" rel=\"noreferrer noopener\">Portugal<\/a>, Angola e Mo\u00e7ambique:<\/strong><\/p>\n\n\n\n<figure class=\"wp-block-table\"><table class=\"has-fixed-layout\"><tbody><tr><td><strong>Sess\u00e3o<\/strong><\/td><td><strong>BRA*<\/strong><\/td><td><strong>CBV<\/strong><\/td><td><strong>POR<\/strong><br><strong>ANG<\/strong><\/td><td><strong>MOZ<\/strong><\/td><\/tr><tr><td>Corrida<\/td><td>10:00<\/td><td>12:00<\/td><td>14:00<\/td><td>15:00<\/td><\/tr><\/tbody><\/table><\/figure>\n\n\n\n<p class=\"wp-block-paragraph\"><em>*Hor\u00e1rio de Bras\u00edlia<\/em><\/p>\n\n\n\n<figure class=\"wp-block-embed is-type-video is-provider-youtube wp-block-embed-youtube wp-embed-aspect-16-9 wp-has-aspect-ratio\"><div class=\"wp-block-embed__wrapper\">\n<iframe loading=\"lazy\" title=\"NORRIS POLE, BORTOLETO BRILHA, VERSTAPPEN VENCE SPRINT: o S\u00c1BADO da F1 na B\u00c9LGICA | BRIEFING\" width=\"500\" height=\"281\" src=\"https:\/\/www.youtube.com\/embed\/et8Aay2Bhe4?feature=oembed\" frameborder=\"0\" allow=\"accelerometer; autoplay; clipboard-write; encrypted-media; gyroscope; picture-in-picture; web-share\" referrerpolicy=\"strict-origin-when-cross-origin\" allowfullscreen><\/iframe>\n<\/div><\/figure>\n","protected":false},"excerpt":{"rendered":"<p>Chefe da Ferrari, Fr\u00e9d\u00e9ric Vasseur apontou que Lewis Hamilton apresentou um bom ritmo com a SF-25 em Spa-Francorchamps, mas simplesmente n\u00e3o encaixou as voltas<\/p>\n","protected":false},"author":0,"featured_media":1000995641,"comment_status":"closed","ping_status":"closed","sticky":false,"template":"","format":"standard","meta":{"42wp_featured_image_caption":"","42wp_featured_image_credits":"","42wp_featured_video":"","42wp_featured_image_hidden":false,"42wp_authors_list":[],"footnotes":""},"categories":[2],"tags":[26271,209,5273,147,3630,207,180,3628,1322,22936,32276,1491,28285,30840,87,35129,108,44011,32260,42001],"42wp_author":[47160],"class_list":["post-19449","post","type-post","status-publish","format-standard","has-post-thumbnail","hentry","category-f1","tag-calendario-f1","tag-charles-leclerc","tag-classificacao-f1","tag-f1","tag-f1-2025","tag-ferrari","tag-formula-1","tag-formula-1-2025","tag-frederic-vasseur","tag-gp-da-belgica","tag-gp-da-belgica-f1","tag-grande-premio","tag-grandepremio","tag-horarios-f1","tag-lewis-hamilton","tag-onde-assistir-f1","tag-spa-francorchamps","tag-spa-francorchamps-2025","tag-spa-francorchamps-f1","tag-temporada-2025-f1","42wp_author-vicente-soella"],"_links":{"self":[{"href":"https:\/\/grandepremio.com\/br\/wp-json\/wp\/v2\/posts\/19449","targetHints":{"allow":["GET"]}}],"collection":[{"href":"https:\/\/grandepremio.com\/br\/wp-json\/wp\/v2\/posts"}],"about":[{"href":"https:\/\/grandepremio.com\/br\/wp-json\/wp\/v2\/types\/post"}],"replies":[{"embeddable":true,"href":"https:\/\/grandepremio.com\/br\/wp-json\/wp\/v2\/comments?post=19449"}],"version-history":[{"count":0,"href":"https:\/\/grandepremio.com\/br\/wp-json\/wp\/v2\/posts\/19449\/revisions"}],"wp:featuredmedia":[{"embeddable":true,"href":"https:\/\/grandepremio.com\/br\/wp-json\/wp\/v2\/media\/1000995641"}],"wp:attachment":[{"href":"https:\/\/grandepremio.com\/br\/wp-json\/wp\/v2\/media?parent=19449"}],"wp:term":[{"taxonomy":"category","embeddable":true,"href":"https:\/\/grandepremio.com\/br\/wp-json\/wp\/v2\/categories?post=19449"},{"taxonomy":"post_tag","embeddable":true,"href":"https:\/\/grandepremio.com\/br\/wp-json\/wp\/v2\/tags?post=19449"},{"taxonomy":"42wp_author","embeddable":true,"href":"https:\/\/grandepremio.com\/br\/wp-json\/wp\/v2\/42wp_author?post=19449"}],"curies":[{"name":"wp","href":"https:\/\/api.w.org\/{rel}","templated":true}]}}