{"id":19478,"date":"2025-07-26T07:54:53","date_gmt":"2025-07-26T10:54:53","guid":{"rendered":"https:\/\/grandepremio.com\/br\/noticias\/gp-belgica-formula-1-2025-vote-melhor-piloto-corrida-sprint\/"},"modified":"2025-07-26T08:05:34","modified_gmt":"2025-07-26T11:05:34","slug":"gp-belgica-formula-1-2025-vote-melhor-piloto-corrida-sprint","status":"publish","type":"post","link":"https:\/\/grandepremio.com\/br\/f1\/gp-belgica-formula-1-2025-vote-melhor-piloto-corrida-sprint\/","title":{"rendered":"GP da B\u00e9lgica de F\u00f3rmula 1: vote no melhor piloto da corrida sprint"},"content":{"rendered":"\n<p class=\"wp-block-paragraph\">Depois de conquistar a pole-position da sprint do <strong>GP da B\u00e9lgica<\/strong>, <strong>Oscar Piastri<\/strong> n\u00e3o foi capaz de segurar <strong>Max Verstappen<\/strong> logo na primeira volta e acabou sendo ultrapassado na curva 5. O australiano at\u00e9 tentou pressionar o piloto da <strong>Red Bull<\/strong> ao longo dos 15 giros em <strong>Spa-Francorchamps<\/strong>, mas teve de se contentar mesmo com a segunda posi\u00e7\u00e3o, enquanto o tetracampe\u00e3o saiu com a vit\u00f3ria.<\/p>\n\n\n\n<p class=\"wp-block-paragraph\"><strong>Lando Norris<\/strong> tamb\u00e9m caiu uma coloca\u00e7\u00e3o na volta de abertura, mas se recuperou alguns momentos mais tarde e atacou <strong>Charles Leclerc<\/strong> para cruzar a linha de chegada em terceiro. <strong>Esteban Ocon<\/strong>, <strong>Carlos Sainz<\/strong>, <strong>Oliver Bearman<\/strong> e <strong>Isack Hadjar<\/strong> completaram o top-8 e somaram pontos.<\/p>\n\n\n\n<p class=\"wp-block-paragraph\"><strong>Gabriel Bortoleto<\/strong> fez uma prova segura e recebeu a bandeira quadriculada em nono. <strong>Pierre Gasly<\/strong> e <strong>Franco Colapinto<\/strong>, dupla da <strong>Alpine<\/strong>, come\u00e7aram do pit-lane: o franc\u00eas por <a href=\"https:\/\/www.grandepremio.com\/br\/f1\/noticias\/pierre-gasly-sofre-problemas-carro-alpine-fica-fora-sprint-gp-belgica\/\">um suposto problema de vazamento de \u00e1gua<\/a>, enquanto o argentino teve <a href=\"https:\/\/www.grandepremio.com\/br\/f1\/noticias\/alpine-troca-asa-traseira-faz-franco-colapinto-larga-boxes-sprint-belgica\/\">a configura\u00e7\u00e3o da asa traseira modificada<\/a> durante o regime de parque fechado.<\/p>\n\n\n\n<p class=\"wp-block-paragraph\">\u25b6\ufe0f <strong>Inscreva-se nos dois canais do GRANDE PR\u00caMIO no YouTube:&nbsp;<a href=\"https:\/\/www.youtube.com\/channel\/UC9OlHEgxoaY6QY6nWPoiqQg?sub_confirmation=1\" target=\"_blank\" rel=\"noreferrer noopener\">GP<\/a>&nbsp;|&nbsp;<a href=\"https:\/\/www.youtube.com\/channel\/UC9csiS6q_C3C0FYhyr1rnFA?sub_confirmation=1\" target=\"_blank\" rel=\"noreferrer noopener\">GP2<\/a><\/strong><br>\u25b6\ufe0f <strong>OU\u00c7A AGORA:&nbsp;<a href=\"https:\/\/www.grandepremio.com\/br\/f1\/noticias\/chefe-de-equipe-ganha-corrida-e-quais-os-melhores-da-f1-atual-paddockast-197\/\">Chefe de equipe ganha corrida? E quais os melhores da F1 atual? | Paddockast #197<\/a><\/strong><\/p>\n\n\n\n<figure class=\"wp-block-image size-large\"><img decoding=\"async\" src=\"https:\/\/www.grandepremio.com\/br\/wp-content\/uploads\/2025\/07\/belgica-2025-f1-classificacao-sprint-sauber-gabriel-bortoleto-04-1200x705.jpg\" alt=\"\" class=\"wp-image-995670\"\/><figcaption class=\"wp-element-caption\">Gabriel Bortoleto terminou na nona posi\u00e7\u00e3o (Foto: Gabriel L\u00f3pez\/Grande Pr\u00eamio)<\/figcaption><\/figure>\n\n\n\n<p class=\"wp-block-paragraph\">Desta forma, agora chegou a sua vez de escolher o <strong>melhor piloto da corrida sprint na B\u00e9lgica<\/strong>. Participe da vota\u00e7\u00e3o do <strong>GRANDE PR\u00caMIO<\/strong> e selecione abaixo quem foi o destaque.<\/p>\n\n\n\n<iframe loading=\"lazy\" src=\"https:\/\/docs.google.com\/forms\/d\/e\/1FAIpQLSeWx6G7p-FvW-V2gtLiVFwEwGSMScQPeUF9l-A7ihuGy_IBcw\/viewform?embedded=true\" width=\"640\" height=\"1093\" frameborder=\"0\" marginheight=\"0\" marginwidth=\"0\">Carregando\u2026<\/iframe>\n\n\n\n<p class=\"wp-block-paragraph\">A&nbsp;<strong><a href=\"https:\/\/www.grandepremio.com\/br\/f1\/\" target=\"_blank\" rel=\"noreferrer noopener\"><\/a><a href=\"https:\/\/www.grandepremio.com\/br\/f1\/\" target=\"_blank\" rel=\"noreferrer noopener\">F\u00f3rmula 1<\/a><\/strong>&nbsp;retorna neste fim de semana, de 25 a 27 de julho,<strong>&nbsp;na B\u00e9lgica<\/strong>, 13\u00aa etapa da temporada 2025. O&nbsp;<strong>GRANDE PR\u00caMIO<\/strong>&nbsp;acompanha todas as atividades&nbsp;<strong><a href=\"https:\/\/www.grandepremio.com\/br\/f1\/ao-vivo\" target=\"_blank\" rel=\"noreferrer noopener\">AO VIVO E EM&nbsp;<\/a><a href=\"https:\/\/www.grandepremio.com\/br\/ao-vivo\/\" target=\"_blank\" rel=\"noreferrer noopener\">TEMPO REAL<\/a><\/strong>, al\u00e9m de classifica\u00e7\u00f5es, sprint e corrida em&nbsp;<strong><a href=\"https:\/\/www.youtube.com\/@GrandePremio1\/streams\" target=\"_blank\" rel=\"noreferrer noopener\">SEGUNDA TELA no YouTube<\/a><\/strong>, em parceria com a Voz do Esporte. O&nbsp;<strong>Briefing<\/strong>&nbsp;chega para analisar ap\u00f3s o fim de cada dia de atividades nas redes sociais e na GPTV.<\/p>\n\n\n\n<p class=\"wp-block-paragraph\">Al\u00e9m da cobertura tradicional, o&nbsp;<strong>GRANDE PR\u00caMIO<\/strong>&nbsp;estar\u00e1&nbsp;<strong>IN LOCO<\/strong>&nbsp;em&nbsp;<strong><a href=\"https:\/\/www.grandepremio.com\/br\/circuito\/spa-francorchamps\/\" target=\"_blank\" rel=\"noreferrer noopener\">Spa-Francorchamps<\/a>&nbsp;<\/strong>para acompanhar todas as emo\u00e7\u00f5es da etapa com o rep\u00f3rter&nbsp;<strong>Leonid Kliuev<\/strong>.<\/p>\n\n\n\n<p class=\"wp-block-paragraph\"><strong>GP da B\u00e9lgica de F1: veja os hor\u00e1rios em Brasil, Cabo Verde,&nbsp;<a href=\"https:\/\/grandepremio.pt\/\" target=\"_blank\" rel=\"noreferrer noopener\">Portugal<\/a>, Angola e Mo\u00e7ambique:<\/strong><\/p>\n\n\n\n<figure class=\"wp-block-table\"><table class=\"has-fixed-layout\"><tbody><tr><td><strong>Sess\u00e3o<\/strong><\/td><td><strong>BRA*<\/strong><\/td><td><strong>CBV<\/strong><\/td><td><strong>POR<\/strong><br><strong>ANG<\/strong><\/td><td><strong>MOZ<\/strong><\/td><\/tr><tr><td>Classifica\u00e7\u00e3o<\/td><td>11:00<\/td><td>13:00<\/td><td>15:00<\/td><td>16:00<\/td><\/tr><tr><td>Corrida<\/td><td>10:00<\/td><td>12:00<\/td><td>14:00<\/td><td>15:00<\/td><\/tr><\/tbody><\/table><\/figure>\n\n\n\n<p class=\"wp-block-paragraph\"><em>*Hor\u00e1rio de Bras\u00edlia<\/em><\/p>\n\n\n\n<figure class=\"wp-block-embed is-type-video is-provider-youtube wp-block-embed-youtube wp-embed-aspect-16-9 wp-has-aspect-ratio\"><div class=\"wp-block-embed__wrapper\">\n<iframe loading=\"lazy\" title=\"PIASTRI POLE, BORTOLETO 10\u00ba, HAMILTON MAL: a CLASSIFICA\u00c7\u00c3O SPRINT da F1 na B\u00c9LGICA | BRIEFING\" width=\"500\" height=\"281\" src=\"https:\/\/www.youtube.com\/embed\/ObafDSrsEow?feature=oembed\" frameborder=\"0\" allow=\"accelerometer; autoplay; clipboard-write; encrypted-media; gyroscope; picture-in-picture; web-share\" referrerpolicy=\"strict-origin-when-cross-origin\" allowfullscreen><\/iframe>\n<\/div><\/figure>\n","protected":false},"excerpt":{"rendered":"<p>Agora que a sprint do GP da B\u00e9lgica de F\u00f3rmula 1 j\u00e1 chegou ao fim, chegou o momento de escolher qual piloto foi o grande destaque da corrida deste s\u00e1bado (26)<\/p>\n","protected":false},"author":0,"featured_media":1000995889,"comment_status":"closed","ping_status":"closed","sticky":false,"template":"","format":"standard","meta":{"42wp_featured_image_caption":"","42wp_featured_image_credits":"","42wp_featured_video":"","42wp_featured_image_hidden":false,"42wp_authors_list":[],"footnotes":""},"categories":[2],"tags":[26271,5273,147,3630,180,3628,22936,32276,1491,28285,30840,35129,108,44011,32260,42001],"42wp_author":[47160],"class_list":["post-19478","post","type-post","status-publish","format-standard","has-post-thumbnail","hentry","category-f1","tag-calendario-f1","tag-classificacao-f1","tag-f1","tag-f1-2025","tag-formula-1","tag-formula-1-2025","tag-gp-da-belgica","tag-gp-da-belgica-f1","tag-grande-premio","tag-grandepremio","tag-horarios-f1","tag-onde-assistir-f1","tag-spa-francorchamps","tag-spa-francorchamps-2025","tag-spa-francorchamps-f1","tag-temporada-2025-f1","42wp_author-vicente-soella"],"_links":{"self":[{"href":"https:\/\/grandepremio.com\/br\/wp-json\/wp\/v2\/posts\/19478","targetHints":{"allow":["GET"]}}],"collection":[{"href":"https:\/\/grandepremio.com\/br\/wp-json\/wp\/v2\/posts"}],"about":[{"href":"https:\/\/grandepremio.com\/br\/wp-json\/wp\/v2\/types\/post"}],"replies":[{"embeddable":true,"href":"https:\/\/grandepremio.com\/br\/wp-json\/wp\/v2\/comments?post=19478"}],"version-history":[{"count":0,"href":"https:\/\/grandepremio.com\/br\/wp-json\/wp\/v2\/posts\/19478\/revisions"}],"wp:featuredmedia":[{"embeddable":true,"href":"https:\/\/grandepremio.com\/br\/wp-json\/wp\/v2\/media\/1000995889"}],"wp:attachment":[{"href":"https:\/\/grandepremio.com\/br\/wp-json\/wp\/v2\/media?parent=19478"}],"wp:term":[{"taxonomy":"category","embeddable":true,"href":"https:\/\/grandepremio.com\/br\/wp-json\/wp\/v2\/categories?post=19478"},{"taxonomy":"post_tag","embeddable":true,"href":"https:\/\/grandepremio.com\/br\/wp-json\/wp\/v2\/tags?post=19478"},{"taxonomy":"42wp_author","embeddable":true,"href":"https:\/\/grandepremio.com\/br\/wp-json\/wp\/v2\/42wp_author?post=19478"}],"curies":[{"name":"wp","href":"https:\/\/api.w.org\/{rel}","templated":true}]}}