{"id":19484,"date":"2025-07-26T05:21:41","date_gmt":"2025-07-26T08:21:41","guid":{"rendered":"https:\/\/grandepremio.com\/br\/noticias\/noah-stromsted-passeia-spa-vence-sprint-rodada-belgica-f3-rafael-camara-5o\/"},"modified":"2025-07-26T14:07:12","modified_gmt":"2025-07-26T17:07:12","slug":"noah-stromsted-passeia-spa-vence-sprint-rodada-belgica-f3-rafael-camara-5o","status":"publish","type":"post","link":"https:\/\/grandepremio.com\/br\/f3\/noah-stromsted-passeia-spa-vence-sprint-rodada-belgica-f3-rafael-camara-5o\/","title":{"rendered":"Str\u00f8msted passeia em Spa e vence sprint da rodada da B\u00e9lgica da F3. C\u00e2mara \u00e9 5\u00ba"},"content":{"rendered":"\n<p class=\"wp-block-paragraph\"><strong>Noah Str\u00f8msted <\/strong>dominou a <strong>corrida sprint<\/strong> da <strong>rodada da B\u00e9lgica<\/strong> da <strong>F\u00f3rmula 3<\/strong>, realizada na manh\u00e3 deste s\u00e1bado (26), e conquistou a primeira vit\u00f3ria na categoria. Ele assumiu a ponta na terceira volta e cruzou a linha de chegada com 6s de vantagem sobre o segundo colocado, <strong>Ugo Ugochukwu<\/strong>. <strong>Charlie Wurz<\/strong> segurou a press\u00e3o de<strong> Nikola Tsolov <\/strong>nas voltas finais e completou o p\u00f3dio.<\/p>\n\n\n\n<p class=\"wp-block-paragraph\">Em uma corrida tranquila, sem interven\u00e7\u00f5es do safety-car, Str\u00f8msted alinhou em segundo, ao lado do pole-position, <strong>Freddie Slater<\/strong>, que at\u00e9 manteve o primeiro posto na largada, por\u00e9m foi superado pelo dinamarqu\u00eas na volta 3, na reta <strong>Kemmel<\/strong>, principal ponto de ultrapassagem do tra\u00e7ado belga.<\/p>\n\n\n\n<p class=\"wp-block-paragraph\">Dali em diante, foi um verdadeiro passeio. Str\u00f8msted come\u00e7ou a abrir vantagem volta a volta, sem ser amea\u00e7ado em nenhum momento pelos advers\u00e1rios.<\/p>\n\n\n\n<p class=\"wp-block-paragraph\">Ugochukwu, por sua vez, primeiro deixou Wurz para tr\u00e1s, assumindo o terceiro posto, e, na volta 7, efetuou a ultrapassagem sobre Slater, subindo para a segunda coloca\u00e7\u00e3o. No giro seguinte, foi a vez do filho de <strong>Alexander Wurz<\/strong> superar o novato, totalmente sem ritmo, e assegurar o p\u00f3dio.<\/p>\n\n\n\n<figure class=\"wp-block-image size-large\"><img decoding=\"async\" src=\"https:\/\/www.grandepremio.com\/br\/wp-content\/uploads\/2025\/07\/Largada-sprint-F3-2025-Belgica-1-1200x675.jpg\" alt=\"\" class=\"wp-image-995797\"\/><figcaption class=\"wp-element-caption\">A largada da corrida sprint da F3 na B\u00e9lgica (Foto: Reprodu\u00e7\u00e3o\/F3)<\/figcaption><\/figure>\n\n\n\n<p class=\"wp-block-paragraph\">Enquanto isso, na parte de tr\u00e1s, C\u00e2mara escalava o pelot\u00e3o e j\u00e1 aparecia atr\u00e1s de Tsolov, na zona de pontua\u00e7\u00e3o, por\u00e9m ambos se viram presos no trem do DRS. Foi o suficiente para o b\u00falgaro conseguir neutralizar o ataque do brasileiro e realizar ultrapassagens, trazendo Rafael junto. Quando enfim Tsolov subiu para quarto e ficou de cara para o vento, abriu mais de 1s para C\u00e2mara.<\/p>\n\n\n\n<p class=\"wp-block-paragraph\">Slater, por sua vez, pedia rendimento cada vez mais e virou presa f\u00e1cil para os demais pilotos. Ele ainda conseguiu salvar 1 tento ao receber a bandeirada em d\u00e9cimo.<\/p>\n\n\n\n<p class=\"wp-block-paragraph\">O top-10, portanto, ficou da seguinte forma: Str\u00f8msted, Ugochukwu, Wurz, Tsolov, C\u00e2mara, <strong>Tasanapol Inthraphuvasak<\/strong>, <strong>Martinius Stenshorne<\/strong>,<strong> Bruno del Pino<\/strong>, <strong>Brando Badoer <\/strong>e Slater. O novato, no entanto, perdeu os pontos ao tomar 20s de puni\u00e7\u00e3o por exceder os limites de pista e caiu para 26\u00ba. Com isso, Alessandro Giusti entrou na zona de pontos.<\/p>\n\n\n\n<p class=\"wp-block-paragraph\">A F\u00f3rmula 3 retorna neste domingo (27), \u00e0s 3h30 (de Bras\u00edlia, GMT-3), <a href=\"https:\/\/www.grandepremio.com\/br\/f3\/noticias\/brad-benavides-brilha-matine-belgica-conquista-pole-formula-3-rafael-camara-2\/\">com a largada da corrida 2 da rodada<\/a> da B\u00e9lgica. O <strong>GRANDE PR\u00caMIO<\/strong> acompanha <strong>IN LOCO<\/strong> todas as atividades.<\/p>\n\n\n\n<p class=\"wp-block-paragraph\"><strong>Rodada da&nbsp;B\u00e9lgica da&nbsp;F3: veja os hor\u00e1rios em Brasil, Cabo Verde,&nbsp;<a href=\"https:\/\/grandepremio.pt\/\" target=\"_blank\" rel=\"noreferrer noopener\">Portugal<\/a>, Angola e Mo\u00e7ambique<\/strong><\/p>\n\n\n\n<figure class=\"wp-block-table\"><table class=\"has-fixed-layout\"><tbody><tr><td><strong>Sess\u00e3o<\/strong><\/td><td><strong>BRA*<\/strong><\/td><td><strong>CBV<\/strong><\/td><td><strong>POR<\/strong><br><strong>ANG<\/strong><\/td><td><strong>MOZ<\/strong><\/td><\/tr><tr><td>Corrida<\/td><td>03:30<\/td><td>05:30<\/td><td>07:30<\/td><td>08:30<\/td><\/tr><\/tbody><\/table><\/figure>\n\n\n\n<p class=\"wp-block-paragraph\"><em>*Hor\u00e1rio de Bras\u00edlia<\/em><\/p>\n\n\n\n<p class=\"wp-block-paragraph\">\u25b6\ufe0f <strong>Inscreva-se nos dois canais do GRANDE PR\u00caMIO no YouTube:&nbsp;<a href=\"https:\/\/www.youtube.com\/channel\/UC9OlHEgxoaY6QY6nWPoiqQg?sub_confirmation=1\" target=\"_blank\" rel=\"noreferrer noopener\">GP<\/a>&nbsp;|&nbsp;<a href=\"https:\/\/www.youtube.com\/channel\/UC9csiS6q_C3C0FYhyr1rnFA?sub_confirmation=1\" target=\"_blank\" rel=\"noreferrer noopener\">GP2<\/a><\/strong><\/p>\n\n\n\n<p class=\"wp-block-paragraph\"><strong>Formula 3 2025, rodada da B\u00e9lgica, Spa-Francorchamps, corrida sprint (atualiza\u00e7\u00e3o):<\/strong><\/p>\n\n\n\n<figure class=\"wp-block-table\"><table class=\"has-fixed-layout\"><tbody><tr><td><strong>1<\/strong><\/td><td>N STR\u00d8MSTED<\/td><td>Trident<\/td><td>12 voltas<\/td><td>&nbsp;<\/td><td>&nbsp;<\/td><\/tr><tr><td><strong>2<\/strong><\/td><td>U UGOCHUKWU<\/td><td>Prema<\/td><td>+6.044<\/td><td>&nbsp;<\/td><td>&nbsp;<\/td><\/tr><tr><td><strong>3<\/strong><\/td><td>C WURZ<\/td><td>Trident<\/td><td>+8.081<\/td><td>&nbsp;<\/td><td>&nbsp;<\/td><\/tr><tr><td><strong>4<\/strong><\/td><td>N TSOLOV<\/td><td>Campos<\/td><td>+8.521<\/td><td>&nbsp;<\/td><td>&nbsp;<\/td><\/tr><tr><td><strong>5<\/strong><\/td><td>R C\u00c2MARA<\/td><td>Trident<\/td><td>+9.546<\/td><td>&nbsp;<\/td><td>&nbsp;<\/td><\/tr><tr><td><strong>6<\/strong><\/td><td>T INTHRAPHUVASAK<\/td><td>Campos<\/td><td>+14.797<\/td><td>&nbsp;<\/td><td>&nbsp;<\/td><\/tr><tr><td><strong>7<\/strong><\/td><td>M STENSHORNE<\/td><td>Hitech<\/td><td>+15.783<\/td><td>&nbsp;<\/td><td>&nbsp;<\/td><\/tr><tr><td><strong>8<\/strong><\/td><td>B DEL PINO<\/td><td>MP<\/td><td>+16.571<\/td><td>&nbsp;<\/td><td>&nbsp;<\/td><\/tr><tr><td><strong>9<\/strong><\/td><td>B BADOER<\/td><td>Prema<\/td><td>+17.355<\/td><td>&nbsp;<\/td><td>&nbsp;<\/td><\/tr><tr><td><strong>10<\/strong><\/td><td>A GIUSTI<\/td><td>MP<\/td><td>+18.330<\/td><td>&nbsp;<\/td><td>&nbsp;<\/td><\/tr><tr><td><strong>11<\/strong><\/td><td>G XIE<\/td><td>Hitech<\/td><td>+18.989<\/td><td>&nbsp;<\/td><td>&nbsp;<\/td><\/tr><tr><td><strong>12<\/strong><\/td><td>T TRAMNITZ<\/td><td>MP<\/td><td>+19.487<\/td><td>&nbsp;<\/td><td>&nbsp;<\/td><\/tr><tr><td><strong>13<\/strong><\/td><td>R BILINSKI<\/td><td>Rodin<\/td><td>+20.597<\/td><td>&nbsp;<\/td><td>&nbsp;<\/td><\/tr><tr><td><strong>14<\/strong><\/td><td>M BOYA<\/td><td>Campos<\/td><td>+20.934<\/td><td>&nbsp;<\/td><td>\u00a0+5s<\/td><\/tr><tr><td><strong>15<\/strong><\/td><td>N LE\u00d3N<\/td><td>Prema<\/td><td>+23.684<\/td><td>&nbsp;<\/td><td>&nbsp;<\/td><\/tr><tr><td><strong>16<\/strong><\/td><td>N LACORTE<\/td><td>DAMS<\/td><td>+24.739<\/td><td>&nbsp;<\/td><td>&nbsp;<\/td><\/tr><tr><td><strong>17<\/strong><\/td><td>C VOISIN<\/td><td>Rodin<\/td><td>+29.611<\/td><td>&nbsp;<\/td><td>&nbsp;<\/td><\/tr><tr><td><strong>18<\/strong><\/td><td>T TAPONEN<\/td><td>ART<\/td><td>+32.256<\/td><td>&nbsp;<\/td><td>&nbsp;<\/td><\/tr><tr><td><strong>19<\/strong><\/td><td>B BENAVIDES<\/td><td>AIX<\/td><td>+32.530<\/td><td>&nbsp;<\/td><td>&nbsp;<\/td><\/tr><tr><td><strong>20<\/strong><\/td><td>J WHARTON<\/td><td>ART<\/td><td>+32.807<\/td><td>&nbsp;<\/td><td>&nbsp;<\/td><\/tr><tr><td><strong>21<\/strong><\/td><td>S RAMOS<\/td><td>Van Amersfoort<\/td><td>+33.077<\/td><td>&nbsp;<\/td><td>&nbsp;<\/td><\/tr><tr><td><strong>22<\/strong><\/td><td>T NA\u00cbL<\/td><td>Van Amersfoort<\/td><td>+33.659<\/td><td>&nbsp;<\/td><td>\u00a0+5s<\/td><\/tr><tr><td><strong>23<\/strong><\/td><td>L VAN HOEPEN<\/td><td>ART<\/td><td>+33.762<\/td><td>&nbsp;<\/td><td>&nbsp;<\/td><\/tr><tr><td><strong>24<\/strong><\/td><td>J HEDLEY<\/td><td>AIX<\/td><td>+34.697<\/td><td>&nbsp;<\/td><td>&nbsp;<\/td><\/tr><tr><td><strong>25<\/strong><\/td><td>L SHARP<\/td><td>Rodin<\/td><td>+36.817<\/td><td>&nbsp;<\/td><td>&nbsp;<\/td><\/tr><tr><td><strong>26<\/strong><\/td><td>F SLATER<\/td><td>Hitech<\/td><td>+38.001<\/td><td>&nbsp;<\/td><td>\u00a0+20s<\/td><\/tr><tr><td><strong>27<\/strong><\/td><td>N MARINAGELI<\/td><td>AIX<\/td><td>+38.782<\/td><td>&nbsp;<\/td><td>&nbsp;<\/td><\/tr><tr><td><strong>28<\/strong><\/td><td>C HO<\/td><td>DAMS<\/td><td>+42.668<\/td><td>&nbsp;<\/td><td>&nbsp;<\/td><\/tr><tr><td><strong>\u00a0<\/strong>29<\/td><td>I DOMINGUES<\/td><td>Van Amersfoort<\/td><td>+45.313<\/td><td>&nbsp;<\/td><td>\u00a0+10s<\/td><\/tr><tr><td><strong>&nbsp;<\/strong><\/td><td>M ZAGAZETA<\/td><td>DAMS<\/td><td>NC<\/td><td>&nbsp;<\/td><td>&nbsp;<\/td><\/tr><\/tbody><\/table><\/figure>\n","protected":false},"excerpt":{"rendered":"<p>Noah Str\u00f8msted assumiu a lideran\u00e7a nas primeiras voltas e cruzou a linha de chegada com 6s de vantagem sobre Ugo Ugochukwu. Charlie Wurz completou o p\u00f3dio<\/p>\n","protected":false},"author":0,"featured_media":1000995796,"comment_status":"closed","ping_status":"closed","sticky":false,"template":"","format":"standard","meta":{"42wp_featured_image_caption":"","42wp_featured_image_credits":"","42wp_featured_video":"","42wp_featured_image_hidden":false,"42wp_authors_list":[],"footnotes":""},"categories":[10],"tags":[25062,29655,31948,1008,40508,8057,40507,1491,28285,35181,35474,35651,27860,35908,108,44011,40740],"42wp_author":[47147],"class_list":["post-19484","post","type-post","status-publish","format-standard","has-post-thumbnail","hentry","category-f3","tag-belgica","tag-calendario-f3","tag-classificacao-f3","tag-f3","tag-f3-2025","tag-formula-3","tag-formula-3-2025","tag-grande-premio","tag-grandepremio","tag-horarios-f3","tag-noah-stromsted","tag-onde-assistir-f3","tag-rafael-camara","tag-rodada-da-belgica","tag-spa-francorchamps","tag-spa-francorchamps-2025","tag-temporada-2025-f3","42wp_author-luana-marino"],"_links":{"self":[{"href":"https:\/\/grandepremio.com\/br\/wp-json\/wp\/v2\/posts\/19484","targetHints":{"allow":["GET"]}}],"collection":[{"href":"https:\/\/grandepremio.com\/br\/wp-json\/wp\/v2\/posts"}],"about":[{"href":"https:\/\/grandepremio.com\/br\/wp-json\/wp\/v2\/types\/post"}],"replies":[{"embeddable":true,"href":"https:\/\/grandepremio.com\/br\/wp-json\/wp\/v2\/comments?post=19484"}],"version-history":[{"count":0,"href":"https:\/\/grandepremio.com\/br\/wp-json\/wp\/v2\/posts\/19484\/revisions"}],"wp:featuredmedia":[{"embeddable":true,"href":"https:\/\/grandepremio.com\/br\/wp-json\/wp\/v2\/media\/1000995796"}],"wp:attachment":[{"href":"https:\/\/grandepremio.com\/br\/wp-json\/wp\/v2\/media?parent=19484"}],"wp:term":[{"taxonomy":"category","embeddable":true,"href":"https:\/\/grandepremio.com\/br\/wp-json\/wp\/v2\/categories?post=19484"},{"taxonomy":"post_tag","embeddable":true,"href":"https:\/\/grandepremio.com\/br\/wp-json\/wp\/v2\/tags?post=19484"},{"taxonomy":"42wp_author","embeddable":true,"href":"https:\/\/grandepremio.com\/br\/wp-json\/wp\/v2\/42wp_author?post=19484"}],"curies":[{"name":"wp","href":"https:\/\/api.w.org\/{rel}","templated":true}]}}