{"id":19509,"date":"2025-07-25T14:51:42","date_gmt":"2025-07-25T17:51:42","guid":{"rendered":"https:\/\/grandepremio.com\/br\/noticias\/mercedes-admite-decepcao-diz-marcar-pontos-sera-desafio-sprint-belgica\/"},"modified":"2025-07-25T15:00:55","modified_gmt":"2025-07-25T18:00:55","slug":"mercedes-admite-decepcao-diz-marcar-pontos-sera-desafio-sprint-belgica","status":"publish","type":"post","link":"https:\/\/grandepremio.com\/br\/f1\/mercedes-admite-decepcao-diz-marcar-pontos-sera-desafio-sprint-belgica\/","title":{"rendered":"Mercedes admite &#8220;decep\u00e7\u00e3o&#8221; e diz que &#8220;marcar pontos ser\u00e1 desafio&#8221; na sprint da B\u00e9lgica"},"content":{"rendered":"\n<p class=\"wp-block-paragraph\">O fim de semana da <strong>Mercedes<\/strong> no <strong>GP da B\u00e9lgica<\/strong>, 13\u00aa etapa da temporada 2025, definitivamente n\u00e3o come\u00e7ou da maneira que a equipe esperava. Diretor de engenharia dos prateados, <strong>Andrew Shovlin<\/strong> definiu a sexta-feira (25) como &#8220;decepcionante&#8221; e admitiu que as chances de conseguir somar alguns pontos na sprint em <strong>Spa-Francorchamps<\/strong> s\u00e3o m\u00ednimas.<\/p>\n\n\n\n<p class=\"wp-block-paragraph\">Logo no SQ1 da <a href=\"https:\/\/www.grandepremio.com\/br\/f1\/noticias\/oscar-piastri-neutraliza-max-verstappen-conquista-pole-sprint-gp-belgica-gabriel-bortoleto-10o\/\">classifica\u00e7\u00e3o da prova curta<\/a>, <strong>Andrea Kimi Antonelli<\/strong> <a href=\"https:\/\/www.grandepremio.com\/br\/video\/f1\/andrea-kimi-antonelli-perde-traseira-roda-brita-durante-classificacao-sprint-belgica\/\">cometeu um erro e saiu da pista<\/a>, o que resultou apenas na <a href=\"https:\/\/www.grandepremio.com\/br\/f1\/noticias\/andrea-kimi-antonelli-ve-escapada-estranha-sq1-spa-segue-confiante-carro-parece-bom\/\">\u00faltima coloca\u00e7\u00e3o do grid de largada<\/a>. <strong>George Russell<\/strong>, por sua vez, at\u00e9 foi capaz de avan\u00e7ar para o SQ2, mas n\u00e3o passou disso e <a href=\"https:\/\/www.grandepremio.com\/br\/f1\/noticias\/george-russell-tinha-ritmo-mas-carro-ficou-terrivel-apos-passa-brita-spa-belgica-formula-1\/\">teve de se contentar com o 13\u00ba lugar<\/a> ao anotar 1min42s330 como melhor tempo no cron\u00f4metro.<\/p>\n\n\n\n<p class=\"wp-block-paragraph\">&#8220;Por qualquer par\u00e2metro, hoje foi uma decep\u00e7\u00e3o. Optamos por usar o composto duro durante a maior parte do TL1 e, quando trocamos para o pneu m\u00e9dio para uma simula\u00e7\u00e3o de volta lan\u00e7ada no final da sess\u00e3o, ambos os pilotos ficaram relativamente satisfeitos com o desempenho do carro. Enquanto outros usaram o pneu macio, parec\u00edamos estar dentro do alcance dos nossos concorrentes habituais&#8221;, disse Shovlin ao <em>site oficial da escuderia alem\u00e3<\/em>.<\/p>\n\n\n\n<p class=\"wp-block-paragraph\">&#8220;Infelizmente, Kimi rodou na primeira volta da sess\u00e3o e danificou o assoalho e o difusor. Ele conseguiu voltar para a pista e tentou uma segunda volta, mas os danos eram t\u00e3o grandes que n\u00e3o conseguiu marcar um tempo competitivo&#8221;, lamentou.<\/p>\n\n\n\n\n\n\n\n<p class=\"wp-block-paragraph\">Mercedes viu Antonelli errar logo no in\u00edcio do SQ1 na B\u00e9lgica (V\u00eddeo: Reprodu\u00e7\u00e3o\/F1TV)<\/p>\n\n\n\n<p class=\"wp-block-paragraph\">\u25b6\ufe0f <strong>Inscreva-se nos dois canais do GRANDE PR\u00caMIO no YouTube:\u00a0<a href=\"https:\/\/www.youtube.com\/channel\/UC9OlHEgxoaY6QY6nWPoiqQg?sub_confirmation=1\" target=\"_blank\" rel=\"noreferrer noopener\">GP<\/a>\u00a0|\u00a0<a href=\"https:\/\/www.youtube.com\/channel\/UC9csiS6q_C3C0FYhyr1rnFA?sub_confirmation=1\" target=\"_blank\" rel=\"noreferrer noopener\">GP2<\/a><\/strong><br>\u25b6\ufe0f <strong>OU\u00c7A AGORA:\u00a0<a href=\"https:\/\/www.grandepremio.com\/br\/f1\/noticias\/chefe-de-equipe-ganha-corrida-e-quais-os-melhores-da-f1-atual-paddockast-197\/\">Chefe de equipe ganha corrida? E quais os melhores da F1 atual? | Paddockast #197<\/a><\/strong><\/p>\n\n\n\n<p class=\"wp-block-paragraph\">&#8220;George vinha logo atr\u00e1s quando Kimi rodou e tamb\u00e9m sofreu danos no assoalho e arranh\u00f5es causados pela brita. Isso provavelmente contribuiu para nosso desempenho decepcionante no SQ2, embora vamos analisar se havia algo que poder\u00edamos ter feito diferente para extrair mais desempenho, apesar disso&#8221;, explicou o dirigente da Mercedes, que mostrou pessimismo para a sprint deste s\u00e1bado.<\/p>\n\n\n\n<p class=\"wp-block-paragraph\">&#8220;Ser\u00e1 um desafio marcar pontos significativos na sprint de amanh\u00e3, ent\u00e3o nosso foco est\u00e1 em garantir que o carro esteja na janela certa para a classifica\u00e7\u00e3o e a corrida de domingo&#8221;, encerrou.<\/p>\n\n\n\n<p class=\"wp-block-paragraph\">A\u00a0<strong><a href=\"https:\/\/www.grandepremio.com\/br\/f1\/\" target=\"_blank\" rel=\"noreferrer noopener\"><\/a><a href=\"https:\/\/www.grandepremio.com\/br\/f1\/\" target=\"_blank\" rel=\"noreferrer noopener\">F\u00f3rmula 1<\/a><\/strong>\u00a0retorna neste fim de semana, de 25 a 27 de julho,<strong>\u00a0na B\u00e9lgica<\/strong>, 13\u00aa etapa da temporada 2025. O\u00a0<strong>GRANDE PR\u00caMIO<\/strong>\u00a0acompanha todas as atividades\u00a0<strong><a href=\"https:\/\/www.grandepremio.com\/br\/f1\/ao-vivo\" target=\"_blank\" rel=\"noreferrer noopener\">AO VIVO E EM\u00a0<\/a><a href=\"https:\/\/www.grandepremio.com\/br\/ao-vivo\/\" target=\"_blank\" rel=\"noreferrer noopener\">TEMPO REAL<\/a><\/strong>, al\u00e9m de classifica\u00e7\u00f5es, sprint e corrida em\u00a0<strong><a href=\"https:\/\/www.youtube.com\/@GrandePremio1\/streams\" target=\"_blank\" rel=\"noreferrer noopener\">SEGUNDA TELA no YouTube<\/a><\/strong>, em parceria com a Voz do Esporte. O\u00a0<strong>Briefing<\/strong>\u00a0chega para analisar ap\u00f3s o fim de cada dia de atividades nas redes sociais e na GPTV.<\/p>\n\n\n\n<p class=\"wp-block-paragraph\">Al\u00e9m da cobertura tradicional, o\u00a0<strong>GRANDE PR\u00caMIO<\/strong>\u00a0estar\u00e1\u00a0<strong>IN LOCO<\/strong>\u00a0em\u00a0<strong><a href=\"https:\/\/www.grandepremio.com\/br\/circuito\/spa-francorchamps\/\" target=\"_blank\" rel=\"noreferrer noopener\">Spa-Francorchamps<\/a>\u00a0<\/strong>para acompanhar todas as emo\u00e7\u00f5es da etapa com o rep\u00f3rter\u00a0<strong>Leonid Kliuev<\/strong>.<\/p>\n\n\n\n<p class=\"wp-block-paragraph\"><strong>GP da B\u00e9lgica de F1: veja os hor\u00e1rios em Brasil, Cabo Verde,\u00a0<a href=\"https:\/\/grandepremio.pt\/\" target=\"_blank\" rel=\"noreferrer noopener\">Portugal<\/a>, Angola e Mo\u00e7ambique:<\/strong><\/p>\n\n\n\n<figure class=\"wp-block-table\"><table class=\"has-fixed-layout\"><tbody><tr><td><strong>Sess\u00e3o<\/strong><\/td><td><strong>BRA*<\/strong><\/td><td><strong>CBV<\/strong><\/td><td><strong>POR<\/strong><br><strong>ANG<\/strong><\/td><td><strong>MOZ<\/strong><\/td><\/tr><tr><td>Corrida sprint<\/td><td>07:00<\/td><td>09:00<\/td><td>11:00<\/td><td>12:00<\/td><\/tr><tr><td>Classifica\u00e7\u00e3o<\/td><td>11:00<\/td><td>13:00<\/td><td>15:00<\/td><td>16:00<\/td><\/tr><tr><td>Corrida<\/td><td>10:00<\/td><td>12:00<\/td><td>14:00<\/td><td>15:00<\/td><\/tr><\/tbody><\/table><\/figure>\n\n\n\n<p class=\"wp-block-paragraph\"><em>*Hor\u00e1rio de Bras\u00edlia<\/em><\/p>\n\n\n\n<figure class=\"wp-block-embed is-type-video is-provider-youtube wp-block-embed-youtube wp-embed-aspect-16-9 wp-has-aspect-ratio\"><div class=\"wp-block-embed__wrapper\">\n<iframe loading=\"lazy\" title=\"PIASTRI POLE, BORTOLETO 10\u00ba, HAMILTON MAL: a CLASSIFICA\u00c7\u00c3O SPRINT da F1 na B\u00c9LGICA | BRIEFING\" width=\"500\" height=\"281\" src=\"https:\/\/www.youtube.com\/embed\/ObafDSrsEow?feature=oembed\" frameborder=\"0\" allow=\"accelerometer; autoplay; clipboard-write; encrypted-media; gyroscope; picture-in-picture; web-share\" referrerpolicy=\"strict-origin-when-cross-origin\" allowfullscreen><\/iframe>\n<\/div><\/figure>\n","protected":false},"excerpt":{"rendered":"<p>Diretor de engenharia da Mercedes, Andrew Shovlin lamentou o resultado da classifica\u00e7\u00e3o desta sexta-feira (25) e explicou como o incidente de Andrea Kimi Antonelli acabou prejudicando o desempenho dos dois carros<\/p>\n","protected":false},"author":0,"featured_media":1000995387,"comment_status":"closed","ping_status":"closed","sticky":false,"template":"","format":"standard","meta":{"42wp_featured_image_caption":"","42wp_featured_image_credits":"","42wp_featured_video":"","42wp_featured_image_hidden":false,"42wp_authors_list":[],"footnotes":""},"categories":[2],"tags":[27861,5157,44206,26959,26271,5273,147,3630,180,3628,800,22936,32276,1491,28285,30840,82,35129,108,44011,32260,42001],"42wp_author":[47160],"class_list":["post-19509","post","type-post","status-publish","format-standard","has-post-thumbnail","hentry","category-f1","tag-andrea-kimi-antonelli","tag-andrew-shovlin","tag-belgica-2025","tag-belgica-f1","tag-calendario-f1","tag-classificacao-f1","tag-f1","tag-f1-2025","tag-formula-1","tag-formula-1-2025","tag-george-russell","tag-gp-da-belgica","tag-gp-da-belgica-f1","tag-grande-premio","tag-grandepremio","tag-horarios-f1","tag-mercedes","tag-onde-assistir-f1","tag-spa-francorchamps","tag-spa-francorchamps-2025","tag-spa-francorchamps-f1","tag-temporada-2025-f1","42wp_author-vicente-soella"],"_links":{"self":[{"href":"https:\/\/grandepremio.com\/br\/wp-json\/wp\/v2\/posts\/19509","targetHints":{"allow":["GET"]}}],"collection":[{"href":"https:\/\/grandepremio.com\/br\/wp-json\/wp\/v2\/posts"}],"about":[{"href":"https:\/\/grandepremio.com\/br\/wp-json\/wp\/v2\/types\/post"}],"replies":[{"embeddable":true,"href":"https:\/\/grandepremio.com\/br\/wp-json\/wp\/v2\/comments?post=19509"}],"version-history":[{"count":0,"href":"https:\/\/grandepremio.com\/br\/wp-json\/wp\/v2\/posts\/19509\/revisions"}],"wp:featuredmedia":[{"embeddable":true,"href":"https:\/\/grandepremio.com\/br\/wp-json\/wp\/v2\/media\/1000995387"}],"wp:attachment":[{"href":"https:\/\/grandepremio.com\/br\/wp-json\/wp\/v2\/media?parent=19509"}],"wp:term":[{"taxonomy":"category","embeddable":true,"href":"https:\/\/grandepremio.com\/br\/wp-json\/wp\/v2\/categories?post=19509"},{"taxonomy":"post_tag","embeddable":true,"href":"https:\/\/grandepremio.com\/br\/wp-json\/wp\/v2\/tags?post=19509"},{"taxonomy":"42wp_author","embeddable":true,"href":"https:\/\/grandepremio.com\/br\/wp-json\/wp\/v2\/42wp_author?post=19509"}],"curies":[{"name":"wp","href":"https:\/\/api.w.org\/{rel}","templated":true}]}}