{"id":19510,"date":"2025-07-25T14:50:18","date_gmt":"2025-07-25T17:50:18","guid":{"rendered":"https:\/\/grandepremio.com\/br\/noticias\/brad-benavides-brilha-matine-belgica-conquista-pole-formula-3-rafael-camara-2\/"},"modified":"2025-07-25T15:23:29","modified_gmt":"2025-07-25T18:23:29","slug":"brad-benavides-brilha-matine-belgica-conquista-pole-formula-3-rafael-camara-2","status":"publish","type":"post","link":"https:\/\/grandepremio.com\/br\/f3\/brad-benavides-brilha-matine-belgica-conquista-pole-formula-3-rafael-camara-2\/","title":{"rendered":"Benavides brilha na matin\u00ea da B\u00e9lgica e conquista pole da F3. C\u00e2mara \u00e9 2\u00ba colocado"},"content":{"rendered":"\n<p class=\"wp-block-paragraph\">Ap\u00f3s <strong><a href=\"https:\/\/www.grandepremio.com\/br\/f3\/noticias\/f3-muda-horario-atividades-sexta-feira-causa-neblina-spa-francorchamps\">v\u00e1rias horas de atraso<\/a><\/strong> por conta da neblina densa que marcou a manh\u00e3 em <strong>Spa-Francorchamps<\/strong> e, por quest\u00f5es de visibilidade e seguran\u00e7a, fez a programa\u00e7\u00e3o do dia ser jogada para tr\u00e1s, a F\u00f3rmula 3 finalmente conseguiu ir \u00e0 pista para tomar tempos. Com os carros na pista, <strong>Brad Benavides<\/strong> levou a melhor e conquistou a primeira pole na temporada 2025. <\/p>\n\n\n\n<p class=\"wp-block-paragraph\">\u00c9 a primeira vez no campeonato que uma pole n\u00e3o termina nas m\u00e3os de <strong>Rafael C\u00e2mara<\/strong> ou <strong>Nikola Tsolov<\/strong>. Mas C\u00e2mara vai sair pertinho da posi\u00e7\u00e3o de honra na corrida principal: na primeira fila, segunda coloca\u00e7\u00e3o. Lado a lado com Benavides. A segunda coloca\u00e7\u00e3o de C\u00e2mara veio de maneira dram\u00e1tica. Ap\u00f3s virar o tempo chegou a ter a volta deletada por conta dos limites da pista e caiu para a 23\u00aa posi\u00e7\u00e3o. Instantes depois da estranheza geral, a dire\u00e7\u00e3o de prova voltou atr\u00e1s e reinstalou a volta, fazendo com que o l\u00edder do campeonato retornasse \u00e0 primeira fila. <\/p>\n\n\n\n<p class=\"wp-block-paragraph\"><strong>Callum Voisin, Roman Bilinksi, Martin Stenshorne, Ugo Ugochukwu,<\/strong> Tsolov, <strong>Tasanapol Inthraphuvasak, Charlie Wurz, Bruno del Pino, Noah Str\u00f8msted e Freddie Slater<\/strong> fecharam o top-12. Assim, de acordo com a regra de invers\u00e3o dos 12 primeiros colocados para a corrida sprint, \u00e9 Slater quem saiu na dianteira da prova do s\u00e1bado, com C\u00e2mara na 11\u00aa posi\u00e7\u00e3o. <\/p>\n\n\n\n<p class=\"wp-block-paragraph\">De olho na <strong><a href=\"https:\/\/www.grandepremio.com\/br\/f3\/noticias\/rafael-camara-amplia-vantagem-inglaterra-apesar-rodada-caotica-classificacao-f3\/\">classifica\u00e7\u00e3o do campeonato<\/a><\/strong>, alguns dos rivais mais pr\u00f3ximos de C\u00e2mara foram mal e sequer entraram na invers\u00e3o de grid. Vice-l\u00edder, <strong>Tim Tramnitz<\/strong> sai na 13\u00aa coloca\u00e7\u00e3o das duas corridas, enquanto o quarto colocado, <strong>Mari Boya<\/strong>, foi somente 16\u00ba. <\/p>\n\n\n\n<figure class=\"wp-block-image size-large\"><img decoding=\"async\" src=\"https:\/\/www.grandepremio.com\/br\/cdn-cgi\/image\/width=1200,height=675,fit=contain,gravity=0.5x0.5,quality=75,format=webp\/wp-content\/uploads\/2025\/07\/image-2-1200x675.png\" alt=\"\" class=\"wp-image-995573\"\/><figcaption class=\"wp-element-caption\">O cen\u00e1rio das \u00faltimas horas de sol no come\u00e7o da noite em Spa (Foto: Reprodu\u00e7\u00e3o\/F3)<\/figcaption><\/figure>\n\n\n\n<h2 class=\"wp-block-heading\" id=\"h-confira-como-foi-a-classificacao-da-f3-na-belgica\">Confira como foi a classifica\u00e7\u00e3o da F3 na B\u00e9lgica:<\/h2>\n\n\n\n<p class=\"wp-block-paragraph\">Com horas de atraso, for\u00e7ado pela densa n\u00e9voa que povoou a regi\u00e3o de Spa-Francorchamps na manh\u00e3 da sexta-feira e impediu a normalidade da programa\u00e7\u00e3o, a classifica\u00e7\u00e3o da F3 chegava para fechar o dia de atividades somente \u00e0s 19h10 locais (14h10 de Bras\u00edlia-GMT-3). Mas era hora de formar grid.<\/p>\n\n\n\n<p class=\"wp-block-paragraph\">Com asfalto na casa de 31\u00b0C, primeiro objetivo dos pilotos a partir do momento da bandeira verde era aquecer os pneus apropriadamente para atacar em seguida. Todos dotados de pneus m\u00e9dios, partiram para isso.<\/p>\n\n\n\n<p class=\"wp-block-paragraph\">E quem partiu para tomar o tempo na frente dos demais quando as voltas r\u00e1pidas come\u00e7aram foi Rafael C\u00e2mara. O l\u00edder do campeonato saiu na frente na primeira rodada de voltas ao virar 2min05s557. T\u00e9ophile N\u00e4el, atr\u00e1s dele, passeou pela brita e perdeu o que era uma boa volta.<\/p>\n\n\n\n<figure class=\"wp-block-image size-large\"><img decoding=\"async\" src=\"https:\/\/www.grandepremio.com\/br\/cdn-cgi\/image\/width=1200,height=675,fit=contain,gravity=0.5x0.5,quality=75,format=webp\/wp-content\/uploads\/2025\/07\/image-3-1200x675.png\" alt=\"\" class=\"wp-image-995574\"\/><figcaption class=\"wp-element-caption\">O momento da tomada da pista pelos carros da F3 (Foto: Reprodu\u00e7\u00e3o\/F3)<\/figcaption><\/figure>\n\n\n\n<p class=\"wp-block-paragraph\">Ugo Ugochukwu era quem acompanhava mais de perto, somente 0s2 atr\u00e1s, seguido por Tasanapol Inthraphuvasak. Mari Boya, enquanto isso, via a volta dele ser cancelada por desrespeitar os limites da pista e ficava na rabeira do grid.<\/p>\n\n\n\n<p class=\"wp-block-paragraph\">A tomada de tempos seguia com a segunda rodada de voltas do stint inicial, antes dos pilotos irem aos boxes trocar o jogo de pneus. C\u00e2mara segurou a dianteira mesmo sem melhorar a volta, mas Inthraphuvasak assumiu o segundo posto, com Alessandro Giusti em terceiro. Ugochukwu ca\u00eda para o quarto posto, seguido por Nikola Tsolov, Martin Stenshorne, Noah Str\u00f8msted, Tuukka Taponen, Roman Bilinski e Freddie Slater, retornando ao grid ap\u00f3s corridas de aus\u00eancia. Boya e Charlie Wurz fechavam o top-12, importante por conta da invers\u00e3o de grid na corrida 1. Vice-l\u00edder da F3, Tim Tramnitz era somente o 21\u00ba.<\/p>\n\n\n\n<p class=\"wp-block-paragraph\">A equipe Van Amersfoot tentou o pulo do gato para partir de volta para o tra\u00e7ado enquanto quase todos os carros ainda trocavam pneus nos boxes. E foi nessa que Na\u00ebl voou e virou 2min05s508 para assumir a dianteira. Santiago Ramos veio a reboque e anotou o terceiro tempo. A quest\u00e3o \u00e9 que a pista ficaria cada vez mais emborrachada para os minutos finais.<\/p>\n\n\n\n<p class=\"wp-block-paragraph\">Conforme a noite come\u00e7ava a querer aparecer por entre as montanhas de Stavelot, na regi\u00e3o de Li\u00e8ge, o pelot\u00e3o arrumava espa\u00e7o para come\u00e7ar de vez a abrir volta r\u00e1pida no segundo stint de pista. Foi o que aconteceu a partir dos 5min para a bandeira quadriculada.<\/p>\n\n\n\n<figure class=\"wp-block-image size-large\"><img decoding=\"async\" src=\"https:\/\/www.grandepremio.com\/br\/cdn-cgi\/image\/width=1200,height=675,fit=contain,gravity=0.5x0.5,quality=75,format=webp\/wp-content\/uploads\/2025\/07\/image-4-1200x675.png\" alt=\"\" class=\"wp-image-995601\"\/><figcaption class=\"wp-element-caption\">Rafael C\u00e2mara escapou de confus\u00e3o causada pela dire\u00e7\u00e3o de prova para ficar no 2\u00ba lugar (Foto: Reprodu\u00e7\u00e3o\/F3)<\/figcaption><\/figure>\n\n\n\n<p class=\"wp-block-paragraph\">E foi f\u00e1cil notar que os tempos ca\u00edam rapidamente. Na\u00ebl teve o tempo obliterado por quem completava a volta, ao passo que Brad Benavides mostrou muita coisa e assumiu a dianteira com 1min04s253. C\u00e2mara foi bem tamb\u00e9m e recuperou a segunda coloca\u00e7\u00e3o, com Bilinski em terceiro.<\/p>\n\n\n\n<p class=\"wp-block-paragraph\">Mas isso foi apenas moment\u00e2neo. A volta de C\u00e2mara foi deletada por conta de limites da pista, empurrando o l\u00edder do campeonato para a 23\u00aa posi\u00e7\u00e3o. O tr\u00e1fego tomava conta da classifica\u00e7\u00e3o de maneira grosseira. Com 1min pela frente, a sensa\u00e7\u00e3o era de que se tratava de uma corrida normal, n\u00e3o de tomada de tempos.<\/p>\n\n\n\n<p class=\"wp-block-paragraph\">Mas era uma bagun\u00e7a. Com o cron\u00f4metro zerado, enquanto a correria se instalava e ap\u00f3s Rafael ser avisado que n\u00e3o tinha mais o tempo, a volta foi reinstalada. Um movimento absolutamente esquisito, mas C\u00e2mara voltava a ser segundo. Enfim\u2026<\/p>\n\n\n\n<p class=\"wp-block-paragraph\">Dentro os esfor\u00e7os da \u00faltima rodada de voltas, nada que impressionasse. Desta forma, Benavides conquistou a pole-position oficial, com C\u00e2mara em segundo. O vice-l\u00edder do campeonato, Tranmitz, ficou somente em 13\u00ba, o que significa que n\u00e3o entra sequer na invers\u00e3o de grid da corrida sprint.<\/p>\n\n\n\n<h3 class=\"wp-block-heading\" id=\"h-f3-2025-belgica-spa-francprchamps-grid-de-largada-para-corrida-principal\">F3 2025, B\u00e9lgica, Spa-Francprchamps, Grid de largada para corrida principal:<\/h3>\n\n\n\n<figure class=\"wp-block-table\"><table class=\"has-fixed-layout\"><tbody><tr><td><strong>1<\/strong><\/td><td>B BENAVIDES<\/td><td>AIX<\/td><td>&nbsp;<\/td><td>2:04.253<\/td><td>&nbsp;<\/td><td>&nbsp;<\/td><\/tr><tr><td><strong>2<\/strong><\/td><td>R C\u00c2MARA<\/td><td>Trident<\/td><td>&nbsp;<\/td><td>2:04.359<\/td><td>+0.106<\/td><td>&nbsp;<\/td><\/tr><tr><td><strong>3<\/strong><\/td><td>C VOISIN<\/td><td>Rodin<\/td><td>&nbsp;<\/td><td>2:04.460<\/td><td>+0.207<\/td><td>&nbsp;<\/td><\/tr><tr><td><strong>4<\/strong><\/td><td>R BILINSKI<\/td><td>Rodin<\/td><td>&nbsp;<\/td><td>2:04.471<\/td><td>+0.218<\/td><td>&nbsp;<\/td><\/tr><tr><td><strong>5<\/strong><\/td><td>M STENSHORNE<\/td><td>Hitech<\/td><td>&nbsp;<\/td><td>2:04.484<\/td><td>+0.231<\/td><td>&nbsp;<\/td><\/tr><tr><td><strong>6<\/strong><\/td><td>U UGOCHUKWU<\/td><td>Prema<\/td><td>&nbsp;<\/td><td>2:04.570<\/td><td>+0.317<\/td><td>&nbsp;<\/td><\/tr><tr><td><strong>7<\/strong><\/td><td>N TSOLOV<\/td><td>Campos<\/td><td>&nbsp;<\/td><td>2:04.587<\/td><td>+0.334<\/td><td>&nbsp;<\/td><\/tr><tr><td><strong>8<\/strong><\/td><td>T INTHRAPHUVASAK<\/td><td>Campos<\/td><td>&nbsp;<\/td><td>2:04.662<\/td><td>+0.409<\/td><td>&nbsp;<\/td><\/tr><tr><td><strong>9<\/strong><\/td><td>C WURZ<\/td><td>Trident<\/td><td>&nbsp;<\/td><td>2:04.738<\/td><td>+0.485<\/td><td>&nbsp;<\/td><\/tr><tr><td><strong>10<\/strong><\/td><td>B DEL PINO<\/td><td>MP<\/td><td>&nbsp;<\/td><td>2:04.838<\/td><td>+0.585<\/td><td>&nbsp;<\/td><\/tr><tr><td><strong>11<\/strong><\/td><td>N STR\u00d8MSTED<\/td><td>Trident<\/td><td>&nbsp;<\/td><td>2:04.858<\/td><td>+0.605<\/td><td>&nbsp;<\/td><\/tr><tr><td><strong>12<\/strong><\/td><td>F SLATER<\/td><td>Hitech<\/td><td>&nbsp;<\/td><td>2:04.909<\/td><td>+0.656<\/td><td>&nbsp;<\/td><\/tr><tr><td><strong>13<\/strong><\/td><td>T TRAMNITZ<\/td><td>MP<\/td><td>&nbsp;<\/td><td>2:04.940<\/td><td>+0.687<\/td><td>&nbsp;<\/td><\/tr><tr><td><strong>14<\/strong><\/td><td>B BADOER<\/td><td>Prema<\/td><td>&nbsp;<\/td><td>2:05.024<\/td><td>+0.771<\/td><td>&nbsp;<\/td><\/tr><tr><td><strong>15<\/strong><\/td><td>N LACORTE<\/td><td>DAMS<\/td><td>&nbsp;<\/td><td>2:05.034<\/td><td>+0.781<\/td><td>&nbsp;<\/td><\/tr><tr><td><strong>16<\/strong><\/td><td>M BOYA<\/td><td>Campos<\/td><td>&nbsp;<\/td><td>2:05.047<\/td><td>+0.794<\/td><td>&nbsp;<\/td><\/tr><tr><td><strong>17<\/strong><\/td><td>G XIE<\/td><td>Hitech<\/td><td>&nbsp;<\/td><td>2:05.088<\/td><td>+0.835<\/td><td>&nbsp;<\/td><\/tr><tr><td><strong>18<\/strong><\/td><td>A GIUSTI<\/td><td>MP<\/td><td>&nbsp;<\/td><td>2:05.165<\/td><td>+0.912<\/td><td>&nbsp;<\/td><\/tr><tr><td><strong>19<\/strong><\/td><td>L VAN HOEPEN<\/td><td>ART<\/td><td>&nbsp;<\/td><td>2:05.234<\/td><td>+0.981<\/td><td>&nbsp;<\/td><\/tr><tr><td><strong>20<\/strong><\/td><td>J WHARTON<\/td><td>ART<\/td><td>&nbsp;<\/td><td>2:05.279<\/td><td>+1.026<\/td><td>&nbsp;<\/td><\/tr><tr><td><strong>21<\/strong><\/td><td>I DOMINGUES<\/td><td>Van Amersfoort<\/td><td>&nbsp;<\/td><td>2:05.385<\/td><td>+1.132<\/td><td>&nbsp;<\/td><\/tr><tr><td><strong>22<\/strong><\/td><td>C HO<\/td><td>DAMS<\/td><td>&nbsp;<\/td><td>2:05.389<\/td><td>+1.136<\/td><td>&nbsp;<\/td><\/tr><tr><td><strong>23<\/strong><\/td><td>T NA\u00cbL<\/td><td>Van Amersfoort<\/td><td>&nbsp;<\/td><td>2:05.508<\/td><td>+1.255<\/td><td>&nbsp;<\/td><\/tr><tr><td><strong>24<\/strong><\/td><td>L SHARP<\/td><td>Rodin<\/td><td>&nbsp;<\/td><td>2:05.508<\/td><td>+1.255<\/td><td>&nbsp;<\/td><\/tr><tr><td><strong>25<\/strong><\/td><td>S RAMOS<\/td><td>Van Amersfoort<\/td><td>&nbsp;<\/td><td>2:05.680<\/td><td>+1.427<\/td><td>&nbsp;<\/td><\/tr><tr><td><strong>26<\/strong><\/td><td>M ZAGAZETA<\/td><td>DAMS<\/td><td>&nbsp;<\/td><td>2:05.695<\/td><td>+1.442<\/td><td>&nbsp;<\/td><\/tr><tr><td><strong>27<\/strong><\/td><td>N LE\u00d3N<\/td><td>Prema<\/td><td>&nbsp;<\/td><td>2:05.742<\/td><td>+1.489<\/td><td>&nbsp;<\/td><\/tr><tr><td><strong>28<\/strong><\/td><td>J HEDLEY<\/td><td>AIX<\/td><td>&nbsp;<\/td><td>2:05.932<\/td><td>+1.679<\/td><td>&nbsp;<\/td><\/tr><tr><td><strong>29<\/strong><\/td><td>T TAPONEN<\/td><td>ART<\/td><td>&nbsp;<\/td><td>2:05.965<\/td><td>+1.712<\/td><td>&nbsp;<\/td><\/tr><tr><td><strong>30<\/strong><\/td><td>N MARINAGELI<\/td><td>AIX<\/td><td>&nbsp;<\/td><td>2:08.765<\/td><td>+4.512<\/td><td>&nbsp;<\/td><\/tr><\/tbody><\/table><\/figure>\n\n\n\n<p class=\"wp-block-paragraph\"><strong>\u25b6\ufe0f<\/strong>\u00a0<strong>Inscreva-se nos dois canais do GRANDE PR\u00caMIO no YouTube:\u00a0<a href=\"https:\/\/www.youtube.com\/channel\/UC9OlHEgxoaY6QY6nWPoiqQg?sub_confirmation=1\" target=\"_blank\" rel=\"noreferrer noopener\">GP<\/a>\u00a0|\u00a0<a href=\"https:\/\/www.youtube.com\/channel\/UC9csiS6q_C3C0FYhyr1rnFA?sub_confirmation=1\" target=\"_blank\" rel=\"noreferrer noopener\">GP2<\/a><\/strong><\/p>\n\n\n\n<figure class=\"wp-block-embed is-type-video is-provider-youtube wp-block-embed-youtube wp-embed-aspect-16-9 wp-has-aspect-ratio\"><div class=\"wp-block-embed__wrapper\">\n<iframe loading=\"lazy\" title=\"PIASTRI POLE, BORTOLETO 10\u00ba, HAMILTON MAL: a CLASSIFICA\u00c7\u00c3O SPRINT da F1 na B\u00c9LGICA | BRIEFING\" width=\"500\" height=\"281\" src=\"https:\/\/www.youtube.com\/embed\/ObafDSrsEow?feature=oembed\" frameborder=\"0\" allow=\"accelerometer; autoplay; clipboard-write; encrypted-media; gyroscope; picture-in-picture; web-share\" referrerpolicy=\"strict-origin-when-cross-origin\" allowfullscreen><\/iframe>\n<\/div><figcaption class=\"wp-element-caption\">PIASTRI POLE, BORTOLETO 10\u00ba, HAMILTON MAL: a CLASSIFICA\u00c7\u00c3O SPRINT da F1 na B\u00c9LGICA | BRIEFING<\/figcaption><\/figure>\n","protected":false},"excerpt":{"rendered":"<p>Brad Benavides conquistou a pole-position na classifica\u00e7\u00e3o em hor\u00e1rio de matin\u00ea que a F\u00f3rmula 3 empreendeu na etapa da B\u00e9lgica. L\u00edder do campeonato, Rafael C\u00e2mara tamb\u00e9m sai na primeira fila da corrida principal<\/p>\n","protected":false},"author":0,"featured_media":1000995594,"comment_status":"closed","ping_status":"closed","sticky":false,"template":"","format":"standard","meta":{"42wp_featured_image_caption":"","42wp_featured_image_credits":"","42wp_featured_video":"","42wp_featured_image_hidden":false,"42wp_authors_list":[],"footnotes":""},"categories":[10],"tags":[25062,33170,29655,31948,1008,40508,8057,40507,1491,28285,35181,28396,31049,35651,28058,27860,35908,108,44011,40740],"42wp_author":[47120],"class_list":["post-19510","post","type-post","status-publish","format-standard","has-post-thumbnail","hentry","category-f3","tag-belgica","tag-brad-benavides","tag-calendario-f3","tag-classificacao-f3","tag-f3","tag-f3-2025","tag-formula-3","tag-formula-3-2025","tag-grande-premio","tag-grandepremio","tag-horarios-f3","tag-mari-boya","tag-nikola-tsolov","tag-onde-assistir-f3","tag-rafa-camara","tag-rafael-camara","tag-rodada-da-belgica","tag-spa-francorchamps","tag-spa-francorchamps-2025","tag-temporada-2025-f3","42wp_author-pedro-henrique-marum"],"_links":{"self":[{"href":"https:\/\/grandepremio.com\/br\/wp-json\/wp\/v2\/posts\/19510","targetHints":{"allow":["GET"]}}],"collection":[{"href":"https:\/\/grandepremio.com\/br\/wp-json\/wp\/v2\/posts"}],"about":[{"href":"https:\/\/grandepremio.com\/br\/wp-json\/wp\/v2\/types\/post"}],"replies":[{"embeddable":true,"href":"https:\/\/grandepremio.com\/br\/wp-json\/wp\/v2\/comments?post=19510"}],"version-history":[{"count":0,"href":"https:\/\/grandepremio.com\/br\/wp-json\/wp\/v2\/posts\/19510\/revisions"}],"wp:featuredmedia":[{"embeddable":true,"href":"https:\/\/grandepremio.com\/br\/wp-json\/wp\/v2\/media\/1000995594"}],"wp:attachment":[{"href":"https:\/\/grandepremio.com\/br\/wp-json\/wp\/v2\/media?parent=19510"}],"wp:term":[{"taxonomy":"category","embeddable":true,"href":"https:\/\/grandepremio.com\/br\/wp-json\/wp\/v2\/categories?post=19510"},{"taxonomy":"post_tag","embeddable":true,"href":"https:\/\/grandepremio.com\/br\/wp-json\/wp\/v2\/tags?post=19510"},{"taxonomy":"42wp_author","embeddable":true,"href":"https:\/\/grandepremio.com\/br\/wp-json\/wp\/v2\/42wp_author?post=19510"}],"curies":[{"name":"wp","href":"https:\/\/api.w.org\/{rel}","templated":true}]}}