{"id":19523,"date":"2025-07-25T13:42:54","date_gmt":"2025-07-25T16:42:54","guid":{"rendered":"https:\/\/grandepremio.com\/br\/noticias\/george-russell-tinha-ritmo-mas-carro-ficou-terrivel-apos-passa-brita-spa-belgica-formula-1\/"},"modified":"2025-07-25T15:19:59","modified_gmt":"2025-07-25T18:19:59","slug":"george-russell-tinha-ritmo-mas-carro-ficou-terrivel-apos-passa-brita-spa-belgica-formula-1","status":"publish","type":"post","link":"https:\/\/grandepremio.com\/br\/f1\/george-russell-tinha-ritmo-mas-carro-ficou-terrivel-apos-passa-brita-spa-belgica-formula-1\/","title":{"rendered":"Russell diz que &#8220;tinha ritmo&#8221;, mas carro &#8220;ficou terr\u00edvel&#8221; ap\u00f3s passar na brita em Spa"},"content":{"rendered":"\n<p class=\"wp-block-paragraph\">\u00c9 um dia para a <strong>Mercedes<\/strong> esquecer. Nesta sexta-feira (25) do <strong>GP da B\u00e9lgica<\/strong>, em <strong>Spa-Francorchamps<\/strong>, os dois pilotos visitaram a brita durante o Q1 da <strong><a href=\"https:\/\/www.grandepremio.com\/br\/f1\/noticias\/oscar-piastri-neutraliza-max-verstappen-conquista-pole-sprint-gp-belgica-gabriel-bortoleto-10o\">classifica\u00e7\u00e3o curta<\/a><\/strong> e foram punidos \u2014 n\u00e3o pelos comiss\u00e1rios, mas pelo pr\u00f3prio rendimento. <strong>George Russell<\/strong> ainda foi capaz de avan\u00e7ar ao Q2, mas s\u00f3 isso. Larga na 13\u00aa coloca\u00e7\u00e3o da prova curta. E p\u00f5e tudo na conta do passeio na brita.<\/p>\n\n\n\n<p class=\"wp-block-paragraph\">Russell saiu logo ap\u00f3s o companheiro, <strong>Andrea Kimi Antonelli<\/strong>, escapar fortemente enquanto tentava encontrar uma volta poderosa para sair do Q1. Algo que afirmou ter danificado o carro, que antes estava rendendo bem.<\/p>\n\n\n\n<p class=\"wp-block-paragraph\">&#8220;T\u00ednhamos o ritmo hoje, mas passei na brita quando Kimi saiu da pista e, a\u00ed, ficou terr\u00edvel&#8221;, relatou.<\/p>\n\n\n\n<p class=\"wp-block-paragraph\">&#8220;O ritmo foi bom no treino livre e estava bom no Q1, mas assim que eu passei na brita, o carro n\u00e3o foi o mesmo&#8221;, lamentou.<\/p>\n\n\n\n\n\n\n\n<p class=\"wp-block-paragraph\">&#8220;Percebemos danos no carro. Tenho certeza que foi um fator&#8221;, contou. &#8220;\u00c9 claro que, especialmente se tratando de uma corrida sprint, n\u00e3o \u00e9 ideal. Ainda podemos melhorar amanh\u00e3, mas\u2026 [\u00e9 dif\u00edcil]&#8221;, finalizou.<\/p>\n\n\n\n<p class=\"wp-block-paragraph\">A&nbsp;<strong><a href=\"https:\/\/www.grandepremio.com\/br\/f1\/\" target=\"_blank\" rel=\"noreferrer noopener\"><\/a><a href=\"https:\/\/www.grandepremio.com\/br\/f1\/\" target=\"_blank\" rel=\"noreferrer noopener\">F\u00f3rmula 1<\/a><\/strong>&nbsp;retorna neste fim de semana, de 25 a 27 de julho,<strong>&nbsp;na B\u00e9lgica<\/strong>, 13\u00aa etapa da temporada 2025. O&nbsp;<strong>GRANDE PR\u00caMIO<\/strong>&nbsp;acompanha todas as atividades&nbsp;<strong><a href=\"https:\/\/www.grandepremio.com\/br\/f1\/ao-vivo\" target=\"_blank\" rel=\"noreferrer noopener\">AO VIVO E EM&nbsp;<\/a><a href=\"https:\/\/www.grandepremio.com\/br\/ao-vivo\/\" target=\"_blank\" rel=\"noreferrer noopener\">TEMPO REAL<\/a><\/strong>, al\u00e9m de classifica\u00e7\u00f5es, sprint e corrida em&nbsp;<strong><a href=\"https:\/\/www.youtube.com\/@GrandePremio1\/streams\" target=\"_blank\" rel=\"noreferrer noopener\">SEGUNDA TELA no YouTube<\/a><\/strong>, em parceria com a Voz do Esporte. O&nbsp;<strong>Briefing<\/strong>&nbsp;chega para analisar ap\u00f3s o fim de cada dia de atividades nas redes sociais e na GPTV. Al\u00e9m da cobertura tradicional, o&nbsp;<strong>GRANDE PR\u00caMIO<\/strong>&nbsp;estar\u00e1&nbsp;<strong>IN LOCO<\/strong>&nbsp;em&nbsp;<strong><a href=\"https:\/\/www.grandepremio.com\/br\/circuito\/spa-francorchamps\/\" target=\"_blank\" rel=\"noreferrer noopener\">Spa-Francorchamps<\/a>&nbsp;<\/strong>para acompanhar todas as emo\u00e7\u00f5es da etapa com o rep\u00f3rter&nbsp;<strong>Leonid Kliuev<\/strong>.<\/p>\n\n\n\n<p class=\"wp-block-paragraph\"><strong>GP da B\u00e9lgica de F1: veja os hor\u00e1rios em Brasil, Cabo Verde,&nbsp;<a href=\"https:\/\/grandepremio.pt\/\" target=\"_blank\" rel=\"noreferrer noopener\">Portugal<\/a>, Angola e Mo\u00e7ambique:<\/strong><\/p>\n\n\n\n<figure class=\"wp-block-table\"><table class=\"has-fixed-layout\"><tbody><tr><td><strong>Sess\u00e3o<\/strong><\/td><td><strong>BRA*<\/strong><\/td><td><strong>CBV<\/strong><\/td><td><strong>POR<\/strong><br><strong>ANG<\/strong><\/td><td><strong>MOZ<\/strong><\/td><\/tr><tr><td>Classifica\u00e7\u00e3o sprint<\/td><td>11:30<\/td><td>13:30<\/td><td>15:30<\/td><td>16:30<\/td><\/tr><tr><td>Corrida sprint<\/td><td>07:00<\/td><td>09:00<\/td><td>11:00<\/td><td>12:00<\/td><\/tr><tr><td>Classifica\u00e7\u00e3o<\/td><td>11:00<\/td><td>13:00<\/td><td>15:00<\/td><td>16:00<\/td><\/tr><tr><td>Corrida<\/td><td>10:00<\/td><td>12:00<\/td><td>14:00<\/td><td>15:00<\/td><\/tr><\/tbody><\/table><\/figure>\n\n\n\n<p class=\"wp-block-paragraph\"><em>*Hor\u00e1rio de Bras\u00edlia<\/em><\/p>\n\n\n\n<p class=\"wp-block-paragraph\">\u25b6\ufe0f&nbsp;<strong>Inscreva-se nos dois canais do GRANDE PR\u00caMIO no YouTube:&nbsp;<a href=\"https:\/\/www.youtube.com\/channel\/UC9OlHEgxoaY6QY6nWPoiqQg?sub_confirmation=1\" target=\"_blank\" rel=\"noreferrer noopener\">GP<\/a>&nbsp;|&nbsp;<a href=\"https:\/\/www.youtube.com\/channel\/UC9csiS6q_C3C0FYhyr1rnFA?sub_confirmation=1\" target=\"_blank\" rel=\"noreferrer noopener\">GP2<\/a><\/strong><br><strong>\u25b6\ufe0f<\/strong>&nbsp;<strong>OU\u00c7A TAMB\u00c9M:&nbsp;<a href=\"https:\/\/open.spotify.com\/episode\/3gtFgck7wDa2YWSTgvONF9?si=RRLHyuipREuTpjG0wBw3FQ\">Chefe de equipe ganha corrida? E quais os melhores da&nbsp;<\/a><a href=\"https:\/\/www.grandepremio.com\/br\/f1\/\" target=\"_blank\" rel=\"noreferrer noopener\">F1&nbsp;<\/a>atual?<\/strong><\/p>\n\n\n\n<figure class=\"wp-block-embed is-type-video is-provider-youtube wp-block-embed-youtube wp-embed-aspect-16-9 wp-has-aspect-ratio\"><div class=\"wp-block-embed__wrapper\">\n<iframe loading=\"lazy\" title=\"PIASTRI POLE, BORTOLETO 10\u00ba, HAMILTON MAL: a CLASSIFICA\u00c7\u00c3O SPRINT da F1 na B\u00c9LGICA | BRIEFING\" width=\"500\" height=\"281\" src=\"https:\/\/www.youtube.com\/embed\/ObafDSrsEow?feature=oembed\" frameborder=\"0\" allow=\"accelerometer; autoplay; clipboard-write; encrypted-media; gyroscope; picture-in-picture; web-share\" referrerpolicy=\"strict-origin-when-cross-origin\" allowfullscreen><\/iframe>\n<\/div><figcaption class=\"wp-element-caption\">PIASTRI POLE, BORTOLETO 10\u00ba, HAMILTON MAL: a CLASSIFICA\u00c7\u00c3O SPRINT da F1 na B\u00c9LGICA | BRIEFING<\/figcaption><\/figure>\n","protected":false},"excerpt":{"rendered":"<p>George Russell sofreu na classifica\u00e7\u00e3o sprint do GP da B\u00e9lgica e sequer conseguiu chegar \u00e0 fase final. Mesmo assim, destacou que o carro da Mercedes estava bom at\u00e9 sair da pista<\/p>\n","protected":false},"author":0,"featured_media":1000995372,"comment_status":"closed","ping_status":"closed","sticky":false,"template":"","format":"standard","meta":{"42wp_featured_image_caption":"","42wp_featured_image_credits":"","42wp_featured_video":"","42wp_featured_image_hidden":false,"42wp_authors_list":[],"footnotes":""},"categories":[2],"tags":[27861,26000,5660,3630,642,40436,800,22936,82,39069,535,37633,42740,36315,40123],"42wp_author":[47120],"class_list":["post-19523","post","type-post","status-publish","format-standard","has-post-thumbnail","hentry","category-f1","tag-andrea-kimi-antonelli","tag-audiencia-da-tv","tag-classificacao","tag-f1-2025","tag-f1-ao-vivo","tag-fim-de-semana-belgica","tag-george-russell","tag-gp-da-belgica","tag-mercedes","tag-mercedes-2025","tag-mercedes-f1","tag-mercedes-formula-1","tag-russell-2025","tag-russell-f1","tag-russell-formula-1","42wp_author-pedro-henrique-marum"],"_links":{"self":[{"href":"https:\/\/grandepremio.com\/br\/wp-json\/wp\/v2\/posts\/19523","targetHints":{"allow":["GET"]}}],"collection":[{"href":"https:\/\/grandepremio.com\/br\/wp-json\/wp\/v2\/posts"}],"about":[{"href":"https:\/\/grandepremio.com\/br\/wp-json\/wp\/v2\/types\/post"}],"replies":[{"embeddable":true,"href":"https:\/\/grandepremio.com\/br\/wp-json\/wp\/v2\/comments?post=19523"}],"version-history":[{"count":0,"href":"https:\/\/grandepremio.com\/br\/wp-json\/wp\/v2\/posts\/19523\/revisions"}],"wp:featuredmedia":[{"embeddable":true,"href":"https:\/\/grandepremio.com\/br\/wp-json\/wp\/v2\/media\/1000995372"}],"wp:attachment":[{"href":"https:\/\/grandepremio.com\/br\/wp-json\/wp\/v2\/media?parent=19523"}],"wp:term":[{"taxonomy":"category","embeddable":true,"href":"https:\/\/grandepremio.com\/br\/wp-json\/wp\/v2\/categories?post=19523"},{"taxonomy":"post_tag","embeddable":true,"href":"https:\/\/grandepremio.com\/br\/wp-json\/wp\/v2\/tags?post=19523"},{"taxonomy":"42wp_author","embeddable":true,"href":"https:\/\/grandepremio.com\/br\/wp-json\/wp\/v2\/42wp_author?post=19523"}],"curies":[{"name":"wp","href":"https:\/\/api.w.org\/{rel}","templated":true}]}}