{"id":19524,"date":"2025-07-25T13:38:39","date_gmt":"2025-07-25T16:38:39","guid":{"rendered":"https:\/\/grandepremio.com\/br\/noticias\/mclaren-elogia-impressionante-oscar-piastri-classificacao-sprint-quase-perfeita-belgica\/"},"modified":"2025-07-25T13:44:32","modified_gmt":"2025-07-25T16:44:32","slug":"mclaren-elogia-impressionante-oscar-piastri-classificacao-sprint-quase-perfeita-belgica","status":"publish","type":"post","link":"https:\/\/grandepremio.com\/br\/f1\/mclaren-elogia-impressionante-oscar-piastri-classificacao-sprint-quase-perfeita-belgica\/","title":{"rendered":"McLaren elogia &#8220;impressionante&#8221; Piastri por classifica\u00e7\u00e3o sprint &#8220;quase perfeita&#8221; na B\u00e9lgica"},"content":{"rendered":"\n<p class=\"wp-block-paragraph\">Como n\u00e3o poderia ser diferente, <strong>Andrea Stella<\/strong> saiu extremamente satisfeito com o ritmo apresentado pela <strong>McLaren<\/strong> durante a classifica\u00e7\u00e3o da sprint do <strong>GP da B\u00e9lgica<\/strong>, <a href=\"https:\/\/www.grandepremio.com\/br\/f1\/noticias\/oscar-piastri-neutraliza-max-verstappen-conquista-pole-sprint-gp-belgica-gabriel-bortoleto-10o\/\">realizada nesta sexta-feira (25)<\/a>. O chefe elogiou o &#8220;impressionante&#8221; <strong>Oscar Piastri<\/strong> e tamb\u00e9m a equipe pelo trabalho feito com <a href=\"https:\/\/www.grandepremio.com\/br\/f1\/noticias\/ferrari-red-bull-jogam-cartadas-finais-f1-atualizacoes-equipes-gp-belgica\/\">as novas atualiza\u00e7\u00f5es<\/a>, mas n\u00e3o deixou de alertar para a for\u00e7a da <strong>Red Bull<\/strong> em <strong>Spa-Francorchamps<\/strong>.<\/p>\n\n\n\n<p class=\"wp-block-paragraph\">O australiano do <strong>#81<\/strong> passou um pequeno sufoco no SQ2 ao ter a volta deletada por infringir os limites de pista na sa\u00edda da Raidillon, mas emplacou um \u00f3timo giro na fase final para cravar 1min40s510 e <a href=\"https:\/\/www.grandepremio.com\/br\/f1\/noticias\/oscar-piastri-alerta-red-bull-rapida-reta-belgica-pior-pista-largar-pole\/\">conquistar a pole-position<\/a>. <strong>Lando Norris<\/strong>, por outro lado, n\u00e3o foi t\u00e3o bem na hora decisiva e teve de se contentar com o terceiro lugar, mais de 0s6 atr\u00e1s do companheiro de time.<\/p>\n\n\n\n<p class=\"wp-block-paragraph\">&#8220;Foi uma volta impressionante do Oscar. Ele aproveitou tudo o que o carro tinha a oferecer&#8221;, disse Stella em entrevista \u00e0 emissora brit\u00e2nica <em>Sky Sports<\/em>. &#8220;Ele deu um bom passo ao passar dos pneus m\u00e9dios para os macios. Uma sess\u00e3o quase perfeita, tirando a volta deletada no SQ2 que nos deu um susto no pit-wall, mas ele consertou com a segunda volta e mereceu a pole-position&#8221;, continuou.<\/p>\n\n\n\n<p class=\"wp-block-paragraph\">&#8220;Temos algumas atualiza\u00e7\u00f5es aqui. Quero aproveitar para agradecer a toda a equipe&#8221;, lembrou o dirigente. Al\u00e9m do <a href=\"https:\/\/www.grandepremio.com\/br\/f1\/noticias\/mclaren-aprova-assoalho-testado-inglaterra-prepara-atualizacao-belgica-hungria\/\">assoalho testado em <strong>Silverstone<\/strong> e aprovado<\/a> para a <strong>B\u00e9lgica<\/strong>, a McLaren tamb\u00e9m investiu em uma asa traseira espec\u00edfica para a 13\u00aa etapa da temporada 2025 da <strong>F\u00f3rmula 1<\/strong>.<\/p>\n\n\n\n<figure class=\"wp-block-image size-large\"><img decoding=\"async\" src=\"https:\/\/www.grandepremio.com\/br\/wp-content\/uploads\/2025\/07\/belgica-2025-f1-treino-livre-mclaren-oscar-piastri-04-1200x832.jpg\" alt=\"\" class=\"wp-image-995216\"\/><figcaption class=\"wp-element-caption\">Chefe da McLaren elogiou desempenho de Oscar Piastri na classifica\u00e7\u00e3o (Foto: McLaren)<\/figcaption><\/figure>\n\n\n\n<p class=\"wp-block-paragraph\">\u25b6\ufe0f <strong>Inscreva-se nos dois canais do GRANDE PR\u00caMIO no YouTube:\u00a0<a href=\"https:\/\/www.youtube.com\/channel\/UC9OlHEgxoaY6QY6nWPoiqQg?sub_confirmation=1\" target=\"_blank\" rel=\"noreferrer noopener\">GP<\/a>\u00a0|\u00a0<a href=\"https:\/\/www.youtube.com\/channel\/UC9csiS6q_C3C0FYhyr1rnFA?sub_confirmation=1\" target=\"_blank\" rel=\"noreferrer noopener\">GP2<\/a><\/strong><br>\u25b6\ufe0f <strong>OU\u00c7A AGORA:\u00a0<a href=\"https:\/\/www.grandepremio.com\/br\/f1\/noticias\/chefe-de-equipe-ganha-corrida-e-quais-os-melhores-da-f1-atual-paddockast-197\/\">Chefe de equipe ganha corrida? E quais os melhores da F1 atual? | Paddockast #197<\/a><\/strong><\/p>\n\n\n\n<p class=\"wp-block-paragraph\">&#8220;Temos um novo assoalho, uma nova asa traseira. Nunca paramos neste esporte. Se parar, voc\u00ea anda para tr\u00e1s&#8221;, alertou. &#8220;O carro definitivamente melhorou e as coisas est\u00e3o indo como esperado, o que \u00e9 necess\u00e1rio&#8221;, comemorou Stella, que n\u00e3o deixou de chamar aten\u00e7\u00e3o para a performance de <strong>Max Verstappen<\/strong>.<\/p>\n\n\n\n<p class=\"wp-block-paragraph\">&#8220;Max esteve presente [na disputa] nos treinos e tamb\u00e9m na classifica\u00e7\u00e3o da sprint. Ainda temos muito pela frente, foi apenas a primeira classifica\u00e7\u00e3o&#8221;, concluiu.<\/p>\n\n\n\n<p class=\"wp-block-paragraph\">A\u00a0<strong><a href=\"https:\/\/www.grandepremio.com\/br\/f1\/\" target=\"_blank\" rel=\"noreferrer noopener\"><\/a><a href=\"https:\/\/www.grandepremio.com\/br\/f1\/\" target=\"_blank\" rel=\"noreferrer noopener\">F\u00f3rmula 1<\/a><\/strong>\u00a0retorna neste fim de semana, de 25 a 27 de julho,<strong>\u00a0na B\u00e9lgica<\/strong>, 13\u00aa etapa da temporada 2025. O\u00a0<strong>GRANDE PR\u00caMIO<\/strong>\u00a0acompanha todas as atividades\u00a0<strong><a href=\"https:\/\/www.grandepremio.com\/br\/f1\/ao-vivo\" target=\"_blank\" rel=\"noreferrer noopener\">AO VIVO E EM\u00a0<\/a><a href=\"https:\/\/www.grandepremio.com\/br\/ao-vivo\/\" target=\"_blank\" rel=\"noreferrer noopener\">TEMPO REAL<\/a><\/strong>, al\u00e9m de classifica\u00e7\u00f5es, sprint e corrida em\u00a0<strong><a href=\"https:\/\/www.youtube.com\/@GrandePremio1\/streams\" target=\"_blank\" rel=\"noreferrer noopener\">SEGUNDA TELA no YouTube<\/a><\/strong>, em parceria com a Voz do Esporte. O\u00a0<strong>Briefing<\/strong>\u00a0chega para analisar ap\u00f3s o fim de cada dia de atividades nas redes sociais e na GPTV.<\/p>\n\n\n\n<p class=\"wp-block-paragraph\">Al\u00e9m da cobertura tradicional, o\u00a0<strong>GRANDE PR\u00caMIO<\/strong>\u00a0estar\u00e1\u00a0<strong>IN LOCO<\/strong>\u00a0em\u00a0<strong><a href=\"https:\/\/www.grandepremio.com\/br\/circuito\/spa-francorchamps\/\" target=\"_blank\" rel=\"noreferrer noopener\">Spa-Francorchamps<\/a>\u00a0<\/strong>para acompanhar todas as emo\u00e7\u00f5es da etapa com o rep\u00f3rter\u00a0<strong>Leonid Kliuev<\/strong>.<\/p>\n\n\n\n<p class=\"wp-block-paragraph\"><strong>GP da B\u00e9lgica de F1: veja os hor\u00e1rios em Brasil, Cabo Verde,\u00a0<a href=\"https:\/\/grandepremio.pt\/\" target=\"_blank\" rel=\"noreferrer noopener\">Portugal<\/a>, Angola e Mo\u00e7ambique:<\/strong><\/p>\n\n\n\n<figure class=\"wp-block-table\"><table class=\"has-fixed-layout\"><tbody><tr><td><strong>Sess\u00e3o<\/strong><\/td><td><strong>BRA*<\/strong><\/td><td><strong>CBV<\/strong><\/td><td><strong>POR<\/strong><br><strong>ANG<\/strong><\/td><td><strong>MOZ<\/strong><\/td><\/tr><tr><td>Corrida sprint<\/td><td>07:00<\/td><td>09:00<\/td><td>11:00<\/td><td>12:00<\/td><\/tr><tr><td>Classifica\u00e7\u00e3o<\/td><td>11:00<\/td><td>13:00<\/td><td>15:00<\/td><td>16:00<\/td><\/tr><tr><td>Corrida<\/td><td>10:00<\/td><td>12:00<\/td><td>14:00<\/td><td>15:00<\/td><\/tr><\/tbody><\/table><\/figure>\n\n\n\n<p class=\"wp-block-paragraph\"><em>*Hor\u00e1rio de Bras\u00edlia<\/em><\/p>\n\n\n\n<figure class=\"wp-block-embed is-type-video is-provider-youtube wp-block-embed-youtube wp-embed-aspect-16-9 wp-has-aspect-ratio\"><div class=\"wp-block-embed__wrapper\">\n<iframe loading=\"lazy\" title=\"PIASTRI POLE, BORTOLETO 10\u00ba, HAMILTON MAL: a CLASSIFICA\u00c7\u00c3O SPRINT da F1 na B\u00c9LGICA | BRIEFING\" width=\"500\" height=\"281\" src=\"https:\/\/www.youtube.com\/embed\/ObafDSrsEow?feature=oembed\" frameborder=\"0\" allow=\"accelerometer; autoplay; clipboard-write; encrypted-media; gyroscope; picture-in-picture; web-share\" referrerpolicy=\"strict-origin-when-cross-origin\" allowfullscreen><\/iframe>\n<\/div><\/figure>\n","protected":false},"excerpt":{"rendered":"<p>Chefe da McLaren, Andrea Stella tamb\u00e9m parabenizou a equipe pelo trabalho realizado no desenvolvimento de atualiza\u00e7\u00f5es ao longo das \u00faltimas semanas<\/p>\n","protected":false},"author":0,"featured_media":1000995439,"comment_status":"closed","ping_status":"closed","sticky":false,"template":"","format":"standard","meta":{"42wp_featured_image_caption":"","42wp_featured_image_credits":"","42wp_featured_video":"","42wp_featured_image_hidden":false,"42wp_authors_list":[],"footnotes":""},"categories":[2],"tags":[26271,5273,147,3630,180,3628,22936,32276,1491,28285,30840,547,90,35129,2916,108,44011,32260,42001],"42wp_author":[47160],"class_list":["post-19524","post","type-post","status-publish","format-standard","has-post-thumbnail","hentry","category-f1","tag-calendario-f1","tag-classificacao-f1","tag-f1","tag-f1-2025","tag-formula-1","tag-formula-1-2025","tag-gp-da-belgica","tag-gp-da-belgica-f1","tag-grande-premio","tag-grandepremio","tag-horarios-f1","tag-lando-norris","tag-mclaren","tag-onde-assistir-f1","tag-oscar-piastri","tag-spa-francorchamps","tag-spa-francorchamps-2025","tag-spa-francorchamps-f1","tag-temporada-2025-f1","42wp_author-vicente-soella"],"_links":{"self":[{"href":"https:\/\/grandepremio.com\/br\/wp-json\/wp\/v2\/posts\/19524","targetHints":{"allow":["GET"]}}],"collection":[{"href":"https:\/\/grandepremio.com\/br\/wp-json\/wp\/v2\/posts"}],"about":[{"href":"https:\/\/grandepremio.com\/br\/wp-json\/wp\/v2\/types\/post"}],"replies":[{"embeddable":true,"href":"https:\/\/grandepremio.com\/br\/wp-json\/wp\/v2\/comments?post=19524"}],"version-history":[{"count":0,"href":"https:\/\/grandepremio.com\/br\/wp-json\/wp\/v2\/posts\/19524\/revisions"}],"wp:featuredmedia":[{"embeddable":true,"href":"https:\/\/grandepremio.com\/br\/wp-json\/wp\/v2\/media\/1000995439"}],"wp:attachment":[{"href":"https:\/\/grandepremio.com\/br\/wp-json\/wp\/v2\/media?parent=19524"}],"wp:term":[{"taxonomy":"category","embeddable":true,"href":"https:\/\/grandepremio.com\/br\/wp-json\/wp\/v2\/categories?post=19524"},{"taxonomy":"post_tag","embeddable":true,"href":"https:\/\/grandepremio.com\/br\/wp-json\/wp\/v2\/tags?post=19524"},{"taxonomy":"42wp_author","embeddable":true,"href":"https:\/\/grandepremio.com\/br\/wp-json\/wp\/v2\/42wp_author?post=19524"}],"curies":[{"name":"wp","href":"https:\/\/api.w.org\/{rel}","templated":true}]}}