{"id":19551,"date":"2025-07-25T06:57:07","date_gmt":"2025-07-25T09:57:07","guid":{"rendered":"https:\/\/grandepremio.com\/br\/noticias\/max-verstappen-fica-sem-engenheiro-corrida-titular-gp-da-belgica-f1\/"},"modified":"2025-07-25T11:17:10","modified_gmt":"2025-07-25T14:17:10","slug":"max-verstappen-fica-sem-engenheiro-corrida-titular-gp-da-belgica-f1","status":"publish","type":"post","link":"https:\/\/grandepremio.com\/br\/f1\/max-verstappen-fica-sem-engenheiro-corrida-titular-gp-da-belgica-f1\/","title":{"rendered":"Verstappen fica novamente sem engenheiro de corrida titular no GP da B\u00e9lgica de F1"},"content":{"rendered":"\n<p class=\"wp-block-paragraph\"><strong>Max Verstappen<\/strong> sofreu um novo desfalque para o <strong>GP da B\u00e9lgica<\/strong> deste fim de semana e, <a href=\"https:\/\/www.grandepremio.com\/br\/f1\/noticias\/max-verstappen-fica-sem-engenheiro-corrida-titular-gianpiero-lambiase-passagem-formula-1-austria\/\">assim como no <strong>GP da \u00c1ustria<\/strong><\/a>, n\u00e3o ter\u00e1 a parceria do engenheiro de corrida <strong>Gianpiero Lambiase<\/strong> via r\u00e1dio. Assim como no <strong>Red Bull Ring<\/strong>, a aus\u00eancia de Gianpiero se d\u00e1 por motivos pessoais que n\u00e3o foram especificados. Simon Rennie assume novamente o posto de titular em <strong>Spa-Francorchamps<\/strong>.<\/p>\n\n\n\n<p class=\"wp-block-paragraph\"><strong>Lambiase <\/strong>come\u00e7ou na<strong> Red Bull <\/strong>como engenheiro de corrida de<strong> Daniil Kvyat<\/strong>, em 2015. No ano seguinte, com a ascens\u00e3o de <strong>Verstappen <\/strong>ao time principal, deu in\u00edcio ao casamento que j\u00e1 dura dez temporadas. <strong>Gianpiero<\/strong>, no entanto, se ausentou durante a passagem da <strong>F1 <\/strong>pela <strong>\u00c1ustria<\/strong>, mas retornou ao posto no <strong>GP da Inglaterra<\/strong>. Ainda n\u00e3o se sabe se <strong>Lambiase <\/strong>retornar\u00e1 \u00e0 posi\u00e7\u00e3o de engenheiro de <strong>Verstappen <\/strong>no fim de semana do <strong>GP da Hungria<\/strong>, que acontece no pr\u00f3ximo fim de semana.<\/p>\n\n\n\n<p class=\"wp-block-paragraph\">Embora j\u00e1 tenham admitido<a href=\"https:\/\/www.grandepremio.com\/br\/f1\/noticias\/engenheiro-max-verstappen-irmao-mais-novo-nao-gostaria-repetir-2021\/\"> que t\u00eam uma rela\u00e7\u00e3o de irm\u00e3os<\/a>, <strong>Verstappen <\/strong>e <strong>Lambiase <\/strong>costumam ser um cap\u00edtulo \u00e0 parte durante as corridas. A conversa entre eles \u00e9 sempre constante, por\u00e9m j\u00e1 rendeu algumas controv\u00e9rsias por conta de discuss\u00f5es como no <strong>GP da Hungria<\/strong> do ano passado, quando chegou a se referir a uma reclama\u00e7\u00e3o de Max como \u201cinfantil\u201d.<\/p>\n\n\n\n<p class=\"wp-block-paragraph\">Embora seja a segunda vez ao lado de <strong>Verstappen <\/strong>em 2025, <strong>Rennie <\/strong>n\u00e3o \u00e9 nenhum desconhecido na <strong>Red Bull<\/strong>. O engenheiro chegou ao time em 2013 e foi engenheiro de corrida de <strong>Mark Webber, Daniel Ricciardo<\/strong> \u2014 com quem teve uma longa parceria \u2014 e <strong>Alexander Albon<\/strong>.<\/p>\n\n\n\n<figure class=\"wp-block-image size-large\"><img decoding=\"async\" src=\"https:\/\/www.grandepremio.com\/br\/wp-content\/uploads\/2023\/07\/SI202307020296_hires_jpeg_24bit_rgb-1024x682.jpg\" alt=\"\" class=\"wp-image-713857\"\/><figcaption class=\"wp-element-caption\">Lambiase esteve ao lado de Verstappen durante todos os anos de Red Bull (Foto: Mark Thompson\/Getty Images)<\/figcaption><\/figure>\n\n\n\n<p class=\"wp-block-paragraph\">O trabalho com <strong>Verstappen <\/strong>na <strong>\u00c1ustria<\/strong>, no entanto, foi encurtado, uma vez que o tetracampe\u00e3o abandonou a prova depois de ser acertado por <strong>Andrea Kimi Antonelli<\/strong> ainda na primeira volta.<\/p>\n\n\n\n<p class=\"wp-block-paragraph\">A&nbsp;<strong><a href=\"https:\/\/www.grandepremio.com\/br\/f1\/\" target=\"_blank\" rel=\"noreferrer noopener\"><\/a><a href=\"https:\/\/www.grandepremio.com\/br\/f1\/\" target=\"_blank\" rel=\"noreferrer noopener\">F\u00f3rmula 1<\/a><\/strong>&nbsp;retorna neste fim de semana, de 25 a 27 de julho,<strong>&nbsp;na B\u00e9lgica<\/strong>, 13\u00aa etapa da temporada 2025. O&nbsp;<strong>GRANDE PR\u00caMIO<\/strong>&nbsp;acompanha todas as atividades&nbsp;<strong><a href=\"https:\/\/www.grandepremio.com\/br\/f1\/ao-vivo\" target=\"_blank\" rel=\"noreferrer noopener\">AO VIVO E EM&nbsp;<\/a><a href=\"https:\/\/www.grandepremio.com\/br\/ao-vivo\/\" target=\"_blank\" rel=\"noreferrer noopener\">TEMPO REAL<\/a><\/strong>, al\u00e9m de classifica\u00e7\u00f5es, sprint e corrida em&nbsp;<strong><a href=\"https:\/\/www.youtube.com\/@GrandePremio1\/streams\" target=\"_blank\" rel=\"noreferrer noopener\">SEGUNDA TELA no YouTube<\/a><\/strong>, em parceria com a Voz do Esporte. O&nbsp;<strong>Briefing<\/strong>&nbsp;chega para analisar ap\u00f3s o fim de cada dia de atividades nas redes sociais e na GPTV.<\/p>\n\n\n\n<p class=\"wp-block-paragraph\">Al\u00e9m da cobertura tradicional, o&nbsp;<strong>GRANDE PR\u00caMIO<\/strong>&nbsp;estar\u00e1&nbsp;<strong>IN LOCO<\/strong>&nbsp;em&nbsp;<strong><a href=\"https:\/\/www.grandepremio.com\/br\/circuito\/spa-francorchamps\/\" target=\"_blank\" rel=\"noreferrer noopener\">Spa-Francorchamps<\/a>&nbsp;<\/strong>para acompanhar todas as emo\u00e7\u00f5es da etapa com o rep\u00f3rter&nbsp;<strong>Leonid Kliuev<\/strong>.<\/p>\n\n\n\n<p class=\"wp-block-paragraph\"><strong>GP da B\u00e9lgica de F1: veja os hor\u00e1rios em Brasil, Cabo Verde,&nbsp;<a href=\"https:\/\/grandepremio.pt\/\" target=\"_blank\" rel=\"noreferrer noopener\">Portugal<\/a>, Angola e Mo\u00e7ambique:<\/strong><\/p>\n\n\n\n<figure class=\"wp-block-table\"><table class=\"has-fixed-layout\"><tbody><tr><td><strong>Sess\u00e3o<\/strong><\/td><td><strong>BRA*<\/strong><\/td><td><strong>CBV<\/strong><\/td><td><strong>POR<\/strong><br><strong>ANG<\/strong><\/td><td><strong>MOZ<\/strong><\/td><\/tr><tr><td>Treino livre<\/td><td>07:30<\/td><td>09:30<\/td><td>11:30<\/td><td>12:30<\/td><\/tr><tr><td>Classifica\u00e7\u00e3o sprint<\/td><td>11:30<\/td><td>13:30<\/td><td>15:30<\/td><td>16:30<\/td><\/tr><tr><td>Corrida sprint<\/td><td>07:00<\/td><td>09:00<\/td><td>11:00<\/td><td>12:00<\/td><\/tr><tr><td>Classifica\u00e7\u00e3o<\/td><td>11:00<\/td><td>13:00<\/td><td>15:00<\/td><td>16:00<\/td><\/tr><tr><td>Corrida<\/td><td>10:00<\/td><td>12:00<\/td><td>14:00<\/td><td>15:00<\/td><\/tr><\/tbody><\/table><\/figure>\n\n\n\n<p class=\"wp-block-paragraph\"><em>*Hor\u00e1rio de Bras\u00edlia<\/em><\/p>\n\n\n\n<p class=\"wp-block-paragraph\">\u25b6\ufe0f\u00a0<strong>Inscreva-se nos dois canais do GRANDE PR\u00caMIO no YouTube:\u00a0<a href=\"https:\/\/www.youtube.com\/channel\/UC9OlHEgxoaY6QY6nWPoiqQg?sub_confirmation=1\" target=\"_blank\" rel=\"noreferrer noopener\">GP<\/a>\u00a0|\u00a0<a href=\"https:\/\/www.youtube.com\/channel\/UC9csiS6q_C3C0FYhyr1rnFA?sub_confirmation=1\" target=\"_blank\" rel=\"noreferrer noopener\">GP2<\/a><\/strong><\/p>\n\n\n\n<figure class=\"wp-block-embed is-type-video is-provider-youtube wp-block-embed-youtube wp-embed-aspect-16-9 wp-has-aspect-ratio\"><div class=\"wp-block-embed__wrapper\">\n<iframe loading=\"lazy\" title=\"RED BULL INSISTE, MAS VERSTAPPEN DESISTE + FERRARI CORRE A VIDA EM SPA | TTGP #189\" width=\"500\" height=\"281\" src=\"https:\/\/www.youtube.com\/embed\/qkw494u-FXU?feature=oembed\" frameborder=\"0\" allow=\"accelerometer; autoplay; clipboard-write; encrypted-media; gyroscope; picture-in-picture; web-share\" referrerpolicy=\"strict-origin-when-cross-origin\" allowfullscreen><\/iframe>\n<\/div><\/figure>\n\n\n\n<p class=\"wp-block-paragraph\"><a href=\"https:\/\/www.grandepremio.com\/br\/chefao\/\" target=\"_blank\" rel=\"noreferrer noopener\"><\/a><a href=\"https:\/\/www.grandepremio.com\/br\/f1\/noticias\/lewis-hamilton-elogia-christian-horner-mas-demissao-nao-muda-nada-minha-vida\/\"><\/a><\/p>\n","protected":false},"excerpt":{"rendered":"<p>Assim como no GP da \u00c1ustria, Gianpiero Lambiase teve de se afastar das atividades por motivos pessoais n\u00e3o especificados. Simon Rennie foi escolhido como substituto<\/p>\n","protected":false},"author":0,"featured_media":1000844795,"comment_status":"closed","ping_status":"closed","sticky":false,"template":"","format":"standard","meta":{"42wp_featured_image_caption":"","42wp_featured_image_credits":"","42wp_featured_video":"","42wp_featured_image_hidden":false,"42wp_authors_list":[],"footnotes":""},"categories":[2],"tags":[3630,25842,22936,1491,28285,203,204],"42wp_author":[47149],"class_list":["post-19551","post","type-post","status-publish","format-standard","has-post-thumbnail","hentry","category-f1","tag-f1-2025","tag-gianpiero-lambiase","tag-gp-da-belgica","tag-grande-premio","tag-grandepremio","tag-max-verstappen","tag-red-bull","42wp_author-bernardo-castro"],"_links":{"self":[{"href":"https:\/\/grandepremio.com\/br\/wp-json\/wp\/v2\/posts\/19551","targetHints":{"allow":["GET"]}}],"collection":[{"href":"https:\/\/grandepremio.com\/br\/wp-json\/wp\/v2\/posts"}],"about":[{"href":"https:\/\/grandepremio.com\/br\/wp-json\/wp\/v2\/types\/post"}],"replies":[{"embeddable":true,"href":"https:\/\/grandepremio.com\/br\/wp-json\/wp\/v2\/comments?post=19551"}],"version-history":[{"count":0,"href":"https:\/\/grandepremio.com\/br\/wp-json\/wp\/v2\/posts\/19551\/revisions"}],"wp:featuredmedia":[{"embeddable":true,"href":"https:\/\/grandepremio.com\/br\/wp-json\/wp\/v2\/media\/1000844795"}],"wp:attachment":[{"href":"https:\/\/grandepremio.com\/br\/wp-json\/wp\/v2\/media?parent=19551"}],"wp:term":[{"taxonomy":"category","embeddable":true,"href":"https:\/\/grandepremio.com\/br\/wp-json\/wp\/v2\/categories?post=19551"},{"taxonomy":"post_tag","embeddable":true,"href":"https:\/\/grandepremio.com\/br\/wp-json\/wp\/v2\/tags?post=19551"},{"taxonomy":"42wp_author","embeddable":true,"href":"https:\/\/grandepremio.com\/br\/wp-json\/wp\/v2\/42wp_author?post=19551"}],"curies":[{"name":"wp","href":"https:\/\/api.w.org\/{rel}","templated":true}]}}