{"id":19601,"date":"2025-07-23T16:23:26","date_gmt":"2025-07-23T19:23:26","guid":{"rendered":"https:\/\/grandepremio.com\/br\/noticias\/aerodinamica-como-paracetamol-alpine-busca-remedio-curar-fraquezas-2026\/"},"modified":"2025-07-23T16:50:48","modified_gmt":"2025-07-23T19:50:48","slug":"aerodinamica-como-paracetamol-alpine-busca-remedio-curar-fraquezas-2026","status":"publish","type":"post","link":"https:\/\/grandepremio.com\/br\/f1\/aerodinamica-como-paracetamol-alpine-busca-remedio-curar-fraquezas-2026\/","title":{"rendered":"&#8220;Aerodin\u00e2mica \u00e9 como Paracetamol&#8221;: Alpine busca rem\u00e9dio para curar &#8220;fraquezas&#8221; em 2026"},"content":{"rendered":"\n<p class=\"wp-block-paragraph\">O ano de 2025 para a <strong>Alpine<\/strong> \u00e9 bastante decepcionante. Al\u00e9m de todos os problemas internos e troca de pilotos, a equipe enfrenta muitas dificuldades tamb\u00e9m dentro das pistas, algo que se reflete no <strong>Mundial de Construtores<\/strong> \u2013 ocupam a \u00faltima posi\u00e7\u00e3o. <strong>David S\u00e1nchez<\/strong>, diretor-t\u00e9cnico do time franc\u00eas, disse que a aerodin\u00e2mica \u00e9 o melhor rem\u00e9dio para curar as fraquezas da montadora para a pr\u00f3xima temporada.<\/p>\n\n\n\n<p class=\"wp-block-paragraph\">Em 2026, a <strong>F\u00f3rmula 1<\/strong> ter\u00e1 um novo regulamento e a Alpine largar\u00e1 os motores <strong>Renault<\/strong> e vai se tornar cliente da <strong>Mercedes<\/strong>. Como s\u00e3o os \u00faltimos entre os Construtores e sem muita perspectiva de melhora, focar o desenvolvimento no pr\u00f3ximo ano parece uma decis\u00e3o plaus\u00edvel.&nbsp;<\/p>\n\n\n\n<p class=\"wp-block-paragraph\">Apesar da temporada decepcionante, \u00e9 importante mencionar que <strong>Pierre Gasly<\/strong>, na medida do poss\u00edvel, conseguiu bons resultados, como foi o caso do <strong>GP da Inglaterra<\/strong>, em que terminou na sexta coloca\u00e7\u00e3o. Al\u00e9m disso, ele pontuou em outras tr\u00eas oportunidades neste ano. Por\u00e9m, n\u00e3o \u00e9 o suficiente para a Alpine sequer sonhar em sair da lanterna do campeonato.<\/p>\n\n\n\n<p class=\"wp-block-paragraph\">\u201cSabemos o que projetamos e desenvolvemos \u2013 e estamos satisfeitos com isso\u201d, iniciou S\u00e1nchez. \u201cMas o que estamos vendo \u00e9 que h\u00e1 tanta converg\u00eancia entre todos os carros deste ano em compara\u00e7\u00e3o com 2024 que algumas das nossas fraquezas s\u00e3o muito ampliadas. Ent\u00e3o, \u00e9 com isso que estamos tentando lidar no momento\u201d, seguiu.<\/p>\n\n\n\n<figure class=\"wp-block-image size-large\"><img decoding=\"async\" src=\"https:\/\/www.grandepremio.com\/br\/wp-content\/uploads\/2024\/05\/unnamed-13-1024x682.jpg\" alt=\"\" class=\"wp-image-808010\"\/><figcaption class=\"wp-element-caption\">David S\u00e1nchez reconheceu fraquezas da Alpine em 2025 (Foto: Alpine)<\/figcaption><\/figure>\n\n\n\n<p class=\"wp-block-paragraph\">\u25b6\ufe0f&nbsp;<strong>Inscreva-se nos dois canais do GRANDE PR\u00caMIO no YouTube:&nbsp;<a href=\"https:\/\/www.youtube.com\/channel\/UC9OlHEgxoaY6QY6nWPoiqQg?sub_confirmation=1\" target=\"_blank\" rel=\"noreferrer noopener\">GP<\/a>&nbsp;|&nbsp;<a href=\"https:\/\/www.youtube.com\/channel\/UC9csiS6q_C3C0FYhyr1rnFA?sub_confirmation=1\" target=\"_blank\" rel=\"noreferrer noopener\">GP2<\/a><\/strong><\/p>\n\n\n\n<p class=\"wp-block-paragraph\">\u201cEu digo \u00e0s pessoas: &#8216;aerodin\u00e2mica \u00e9 como <strong>Paracetamol<\/strong>: resolve todos os problemas&#8217;. Acho que, de alguma forma, com a aerodin\u00e2mica que temos, em curvas de alta velocidade, n\u00e3o ficamos muito para tr\u00e1s. Sabemos que estamos em desvantagem na recupera\u00e7\u00e3o de energia\u201d, salientou.<\/p>\n\n\n\n<p class=\"wp-block-paragraph\">\u201cEm algumas corridas, como <strong>Silverstone<\/strong>, nossas fraquezas ficaram mais evidentes, e isso \u00e0s vezes influencia nossas escolhas de n\u00edveis de press\u00e3o aerodin\u00e2mica. Na <strong>\u00c1ustria<\/strong>, optamos por tentar ser um pouco mais competitivos, mas isso for\u00e7a mais os pneus traseiros e as consequ\u00eancias s\u00e3o bastante pesadas\u201d, explicou.<\/p>\n\n\n\n<p class=\"wp-block-paragraph\">O diretor-t\u00e9cnico tamb\u00e9m deu a entender que a Alpine logo vai interromper o trabalho na A525 para focar todos os esfor\u00e7os no carro de 2026 e que a equipe j\u00e1 consegue ver os benef\u00edcios desta decis\u00e3o.<\/p>\n\n\n\n<p class=\"wp-block-paragraph\">\u201cSabemos que h\u00e1 grandes oportunidades para n\u00f3s em 2026. Podemos n\u00e3o ter tido um grande desenvolvimento no b\u00f3lido desta temporada como alguns outros, mas quando vemos como o carro do pr\u00f3ximo ano est\u00e1 evoluindo \u2013 e o ritmo \u00e9 bastante alto \u2013 ficamos bastante satisfeitos com a nossa escolha\u201d, encerrou.<\/p>\n\n\n\n<p class=\"wp-block-paragraph\">A&nbsp;<strong><a href=\"https:\/\/www.grandepremio.com\/br\/f1\/\" target=\"_blank\" rel=\"noreferrer noopener\"><\/a><a href=\"https:\/\/www.grandepremio.com\/br\/f1\/\" target=\"_blank\" rel=\"noreferrer noopener\">F\u00f3rmula 1<\/a><\/strong>&nbsp;retorna neste fim de semana, de 25 a 27 de julho,<strong>&nbsp;na B\u00e9lgica<\/strong>, 13\u00aa etapa da temporada 2025. O&nbsp;<strong>GRANDE PR\u00caMIO<\/strong>&nbsp;acompanha todas as atividades&nbsp;<strong><a href=\"https:\/\/www.grandepremio.com\/br\/f1\/ao-vivo\" target=\"_blank\" rel=\"noreferrer noopener\">AO VIVO E EM&nbsp;<\/a><a href=\"https:\/\/www.grandepremio.com\/br\/ao-vivo\/\" target=\"_blank\" rel=\"noreferrer noopener\">TEMPO REAL<\/a><\/strong>, al\u00e9m de classifica\u00e7\u00f5es, sprint e corrida em&nbsp;<strong><a href=\"https:\/\/www.youtube.com\/@GrandePremio1\/streams\" target=\"_blank\" rel=\"noreferrer noopener\">SEGUNDA TELA no YouTube<\/a><\/strong>, em parceria com a Voz do Esporte. O&nbsp;<strong>Briefing<\/strong>&nbsp;chega para analisar ap\u00f3s o fim de cada dia de atividades nas redes sociais e na GPTV.<\/p>\n\n\n\n<p class=\"wp-block-paragraph\">Al\u00e9m da cobertura tradicional, o&nbsp;<strong>GRANDE PR\u00caMIO<\/strong>&nbsp;estar\u00e1&nbsp;<strong>IN LOCO<\/strong>&nbsp;em&nbsp;<strong><a href=\"https:\/\/www.grandepremio.com\/br\/circuito\/spa-francorchamps\/\" target=\"_blank\" rel=\"noreferrer noopener\">Spa-Francorchamps<\/a>&nbsp;<\/strong>para acompanhar todas as emo\u00e7\u00f5es da etapa com o rep\u00f3rter&nbsp;<strong>Leonid Kliuev<\/strong>.<\/p>\n\n\n\n<p class=\"wp-block-paragraph\"><strong>GP da B\u00e9lgica de F1: veja os hor\u00e1rios em Brasil, Cabo Verde,&nbsp;<a href=\"https:\/\/grandepremio.pt\/\" target=\"_blank\" rel=\"noreferrer noopener\">Portugal<\/a>, Angola e Mo\u00e7ambique:<\/strong><\/p>\n\n\n\n<figure class=\"wp-block-table\"><table class=\"has-fixed-layout\"><tbody><tr><td><strong>Sess\u00e3o<\/strong><\/td><td><strong>BRA*<\/strong><\/td><td><strong>CBV<\/strong><\/td><td><strong>POR<\/strong><br><strong>ANG<\/strong><\/td><td><strong>MOZ<\/strong><\/td><\/tr><tr><td>Treino livre<\/td><td>07:30<\/td><td>09:30<\/td><td>11:30<\/td><td>12:30<\/td><\/tr><tr><td>Classifica\u00e7\u00e3o sprint<\/td><td>11:30<\/td><td>13:30<\/td><td>15:30<\/td><td>16:30<\/td><\/tr><tr><td>Corrida sprint<\/td><td>07:00<\/td><td>09:00<\/td><td>11:00<\/td><td>12:00<\/td><\/tr><tr><td>Classifica\u00e7\u00e3o<\/td><td>11:00<\/td><td>13:00<\/td><td>15:00<\/td><td>16:00<\/td><\/tr><tr><td>Corrida<\/td><td>10:00<\/td><td>12:00<\/td><td>14:00<\/td><td>15:00<\/td><\/tr><\/tbody><\/table><\/figure>\n\n\n\n<p class=\"wp-block-paragraph\"><em>*Hor\u00e1rio de Bras\u00edlia<\/em><\/p>\n\n\n\n<figure class=\"wp-block-embed is-type-video is-provider-youtube wp-block-embed-youtube wp-embed-aspect-16-9 wp-has-aspect-ratio\"><div class=\"wp-block-embed__wrapper\">\n<iframe loading=\"lazy\" title=\"F1 VOLTA COM PIASTRI x NORRIS e RED BULL SEM HORNER | Paddock GP #424 [grande pr\u00eamio]\" width=\"500\" height=\"281\" src=\"https:\/\/www.youtube.com\/embed\/vJwU5PJ5098?feature=oembed\" frameborder=\"0\" allow=\"accelerometer; autoplay; clipboard-write; encrypted-media; gyroscope; picture-in-picture; web-share\" referrerpolicy=\"strict-origin-when-cross-origin\" allowfullscreen><\/iframe>\n<\/div><figcaption class=\"wp-element-caption\">F1 VOLTA COM PIASTRI x NORRIS e RED BULL SEM HORNER | Paddock GP&nbsp;<a href=\"https:\/\/www.youtube.com\/hashtag\/424\">#424<\/a>&nbsp;[grande pr\u00eamio]<\/figcaption><\/figure>\n","protected":false},"excerpt":{"rendered":"<p>David Sanchez, diretor-t\u00e9cnico da Alpine, reconheceu as fraquezas da A525 e diz que a equipe j\u00e1 consegue ver os benef\u00edcios de focar o desenvolvimento no carro do pr\u00f3ximo ano<\/p>\n","protected":false},"author":0,"featured_media":1000988194,"comment_status":"closed","ping_status":"closed","sticky":false,"template":"","format":"standard","meta":{"42wp_featured_image_caption":"","42wp_featured_image_credits":"","42wp_featured_video":"","42wp_featured_image_hidden":false,"42wp_authors_list":[],"footnotes":""},"categories":[2],"tags":[20491,26271,5273,34025,147,3630,29516,180,3628,31425,1491,28285,30840,35129,676,42001],"42wp_author":[47163],"class_list":["post-19601","post","type-post","status-publish","format-standard","has-post-thumbnail","hentry","category-f1","tag-alpine","tag-calendario-f1","tag-classificacao-f1","tag-david-sanchez","tag-f1","tag-f1-2025","tag-f1-2026","tag-formula-1","tag-formula-1-2025","tag-formula-1-2026","tag-grande-premio","tag-grandepremio","tag-horarios-f1","tag-onde-assistir-f1","tag-pierre-gasly","tag-temporada-2025-f1","42wp_author-caio-cavalcante"],"_links":{"self":[{"href":"https:\/\/grandepremio.com\/br\/wp-json\/wp\/v2\/posts\/19601","targetHints":{"allow":["GET"]}}],"collection":[{"href":"https:\/\/grandepremio.com\/br\/wp-json\/wp\/v2\/posts"}],"about":[{"href":"https:\/\/grandepremio.com\/br\/wp-json\/wp\/v2\/types\/post"}],"replies":[{"embeddable":true,"href":"https:\/\/grandepremio.com\/br\/wp-json\/wp\/v2\/comments?post=19601"}],"version-history":[{"count":0,"href":"https:\/\/grandepremio.com\/br\/wp-json\/wp\/v2\/posts\/19601\/revisions"}],"wp:featuredmedia":[{"embeddable":true,"href":"https:\/\/grandepremio.com\/br\/wp-json\/wp\/v2\/media\/1000988194"}],"wp:attachment":[{"href":"https:\/\/grandepremio.com\/br\/wp-json\/wp\/v2\/media?parent=19601"}],"wp:term":[{"taxonomy":"category","embeddable":true,"href":"https:\/\/grandepremio.com\/br\/wp-json\/wp\/v2\/categories?post=19601"},{"taxonomy":"post_tag","embeddable":true,"href":"https:\/\/grandepremio.com\/br\/wp-json\/wp\/v2\/tags?post=19601"},{"taxonomy":"42wp_author","embeddable":true,"href":"https:\/\/grandepremio.com\/br\/wp-json\/wp\/v2\/42wp_author?post=19601"}],"curies":[{"name":"wp","href":"https:\/\/api.w.org\/{rel}","templated":true}]}}