{"id":19632,"date":"2025-07-22T14:00:01","date_gmt":"2025-07-22T17:00:01","guid":{"rendered":"https:\/\/grandepremio.com\/br\/noticias\/mercedes-aponta-efeito-ioio-resultados-explica-problema-temperatura-pneus\/"},"modified":"2025-07-22T14:05:55","modified_gmt":"2025-07-22T17:05:55","slug":"mercedes-aponta-efeito-ioio-resultados-explica-problema-temperatura-pneus","status":"publish","type":"post","link":"https:\/\/grandepremio.com\/br\/f1\/mercedes-aponta-efeito-ioio-resultados-explica-problema-temperatura-pneus\/","title":{"rendered":"Mercedes aponta &#8220;efeito ioi\u00f4&#8221; em resultados e explica problema com temperatura dos pneus"},"content":{"rendered":"\n<p class=\"wp-block-paragraph\">A <strong>Mercedes<\/strong> at\u00e9 conseguiu evoluir na temporada 2025 da <strong>F\u00f3rmula 1<\/strong> em compara\u00e7\u00e3o com os anos anteriores, mas ainda sofre com uma certa inconsist\u00eancia na hora de buscar bons resultados. Diretor-t\u00e9cnico da equipe, <strong>James Allison<\/strong> apontou o problema em controlar a temperatura dos pneus como principal culpado, mas deixou claro que as rivais tamb\u00e9m sofrem com isso, embora em menor propor\u00e7\u00e3o.<\/p>\n\n\n\n<p class=\"wp-block-paragraph\">Com 210 pontos no Mundial de Construtores e uma vit\u00f3ria at\u00e9 aqui na competi\u00e7\u00e3o, com <strong>George Russell<\/strong> no <strong>GP do Canad\u00e1<\/strong>, as Flechas de Prata se colocaram em uma disputa acirrada pelo vice-campeonato contra a <strong>Ferrari<\/strong> \u2014 j\u00e1 que a l\u00edder <strong>McLaren<\/strong> despontou na lideran\u00e7a, com 460 tentos. Mas ainda que tenha subido no degrau mais alto do p\u00f3dio em <strong>Montreal<\/strong>, as etapas seguintes, em <strong>Spielberg<\/strong> e <strong>Silverstone<\/strong>, foram para l\u00e1 de decepcionantes para o time comandado por <strong>Toto Wolff<\/strong>.<\/p>\n\n\n\n<p class=\"wp-block-paragraph\">&#8220;Estamos em um efeito ioi\u00f4 entre uma vit\u00f3ria por m\u00e9rito pr\u00f3prio e finais de semana ruins, como os que tivemos na <strong>\u00c1ustria<\/strong> e na <strong>Inglaterra<\/strong>&#8220;, come\u00e7ou Alisson em entrevista ao site da revista alem\u00e3 <em>Auto Motor und Sport<\/em>. &#8220;N\u00e3o \u00e9 preciso ser um grande especialista para perceber que este \u00e9 um campeonato em que o que importa \u00e9 quem consegue controlar melhor a temperatura dos pneus. E certamente n\u00e3o somos n\u00f3s. Mas isso nos d\u00e1 um sinal claro de para onde devemos direcionar nossos esfor\u00e7os&#8221;, continuou.<\/p>\n\n\n\n<p class=\"wp-block-paragraph\">Embora a McLaren tenha sido a escuderia que melhor entendeu como cuidar da borracha e, por isso, tem se mostrado inalcan\u00e7\u00e1vel em muitas ocasi\u00f5es, o dirigente da Mercedes enfatizou que \u00e9 imposs\u00edvel qualquer participante do grid ter entendido completamente como lidar com a situa\u00e7\u00e3o. &#8220;Se algu\u00e9m no paddock disser que entende todas essas intera\u00e7\u00f5es em torno dos pneus, est\u00e1 mentindo&#8221;, declarou.<\/p>\n\n\n\n<figure class=\"wp-block-image size-large\"><img decoding=\"async\" src=\"https:\/\/www.grandepremio.com\/br\/wp-content\/uploads\/2025\/07\/inglaterra-2025-f1-treinos-livres-mercedes-kimi-antonelli-01-1200x800.jpg\" alt=\"\" class=\"wp-image-988168\"\/><figcaption class=\"wp-element-caption\">Mercedes tem sofrido para lidar com a temperatura dos pneus (Foto: Mercedes)<\/figcaption><\/figure>\n\n\n\n<p class=\"wp-block-paragraph\">&#8220;Em diferentes anos, diferentes equipes fizeram esse trabalho melhor e foram recompensadas por isso&#8221;, seguiu. Na d\u00e9cada passada, entre 2014 e 2021, foram os prateados que levaram a melhor nesse quesito, por\u00e9m a <strong>Red Bull<\/strong> reverteu o cen\u00e1rio em 2022 e 2023, quando o atual regulamento entrou em vigor na <strong>F1<\/strong>. Desde o ano passado, no entanto, \u00e9 o time de <strong>Lando Norris<\/strong> e <strong>Oscar Piastri<\/strong> que tem se sobressa\u00eddo.<\/p>\n\n\n\n<p class=\"wp-block-paragraph\">&#8220;H\u00e1 muitas coisas sobre as quais n\u00e3o h\u00e1 um conhecimento seguro. Por exemplo, como o calor se distribui no pneu \u2014 na superf\u00edcie, na banda de rodagem, na carca\u00e7a. Tudo isso pode ser medido. Mas \u00e9 dif\u00edcil entender como tudo muda quando o carro est\u00e1 em movimento ou derrapando. Porque com a temperatura tamb\u00e9m mudam as propriedades qu\u00edmicas da borracha&#8221;, explicou Allison.<\/p>\n\n\n\n<p class=\"wp-block-paragraph\">&#8220;As regras nos impedem de entender melhor os pneus. Mal podemos test\u00e1-los. A \u00fanica forma de entender melhor o comportamento dos pneus empiricamente s\u00e3o os fins de semana de corrida. Mas a\u00ed h\u00e1 muitas outras coisas a fazer&#8221;, sublinhou o brit\u00e2nico, que ainda enfatizou que o retorno do efeito-solo ajudou a agravar ainda mais a situa\u00e7\u00e3o para as equipes.<\/p>\n\n\n\n<p class=\"wp-block-paragraph\">&#8220;H\u00e1 dois fatores que tornam isso mais dif\u00edcil hoje em dia do que antes. Um \u00e9 o pr\u00e9-aquecimento limitado dos pneus. Nesse contexto, parece estranho querer eliminar completamente as mantas t\u00e9rmicas apenas para economizar alguns quilowatts de eletricidade. Isso nunca vai acontecer&#8221;, alertou.<\/p>\n\n\n\n<figure class=\"wp-block-image size-large\"><img decoding=\"async\" src=\"https:\/\/www.grandepremio.com\/br\/wp-content\/uploads\/2025\/07\/inglaterra-2025-f1-classificacao-mercedes-george-russell-afp-02-1200x800.jpg\" alt=\"\" class=\"wp-image-988855\"\/><figcaption class=\"wp-element-caption\">Mercedes tamb\u00e9m tem sofrido com a nova gera\u00e7\u00e3o de carros do efeito-solo (Foto: AFP)<\/figcaption><\/figure>\n\n\n\n<p class=\"wp-block-paragraph\">&#8220;Em combina\u00e7\u00e3o com os carros com efeito-solo, que exigem muito mais dos pneus nas curvas de alta velocidade, a carga t\u00e9rmica \u00e9 maior do que no passado&#8221;, apontou. &#8220;Existe uma faixa na qual o pneu oferece o melhor desempenho. Se a pista estiver adequada, as condi\u00e7\u00f5es certas e o trabalho que dedicamos ao acerto do carro estiver funcionando, somos bastante r\u00e1pidos&#8221;, afirmou.<\/p>\n\n\n\n<p class=\"wp-block-paragraph\">&#8220;S\u00f3 ent\u00e3o podemos realmente avaliar qu\u00e3o bom \u00e9 o nosso carro \u2014 quando conseguimos colocar os pneus nessa faixa ideal. Se estamos fora dessa faixa, as coisas se complicam&#8221;, lamentou James.<\/p>\n\n\n\n<p class=\"wp-block-paragraph\">Na sequ\u00eancia, o engenheiro ainda rebateu as declara\u00e7\u00f5es de que o problema do <strong>W16<\/strong> est\u00e1 no DNA do carro, o que dificultaria a vida da equipe na busca por uma solu\u00e7\u00e3o. &#8220;Adoro essa palavra. Todo mundo a usa, mas na verdade \u00e9 incorreta. O DNA \u00e9 algo que herdamos dos nossos pais e \u00e9 imut\u00e1vel&#8221;, lembrou.<\/p>\n\n\n\n<p class=\"wp-block-paragraph\">&#8220;Essa analogia n\u00e3o se encaixa totalmente com um carro de corrida, porque podemos mudar todos os aspectos do carro&#8221;, encerrou o diretor da Mercedes.<\/p>\n\n\n\n<figure class=\"wp-block-image size-large\"><img decoding=\"async\" src=\"https:\/\/www.grandepremio.com\/br\/wp-content\/uploads\/2023\/04\/M262245-1024x683.jpg\" alt=\"\" class=\"wp-image-675259\"\/><figcaption class=\"wp-element-caption\">James Allison negou que exista um problema no DNA do carro da Mercedes (Foto: AFP)<\/figcaption><\/figure>\n\n\n\n<p class=\"wp-block-paragraph\">A\u00a0<strong><a href=\"https:\/\/www.grandepremio.com\/br\/f1\/\" target=\"_blank\" rel=\"noreferrer noopener\"><\/a><a href=\"https:\/\/www.grandepremio.com\/br\/f1\/\" target=\"_blank\" rel=\"noreferrer noopener\">F\u00f3rmula 1<\/a><\/strong>\u00a0retorna neste fim de semana, de 25 a 27 de julho,<strong>\u00a0na B\u00e9lgica<\/strong>, 13\u00aa etapa da temporada 2025. O\u00a0<strong>GRANDE PR\u00caMIO<\/strong>\u00a0acompanha todas as atividades\u00a0<strong><a href=\"https:\/\/www.grandepremio.com\/br\/f1\/ao-vivo\" target=\"_blank\" rel=\"noreferrer noopener\">AO VIVO E EM\u00a0<\/a><a href=\"https:\/\/www.grandepremio.com\/br\/ao-vivo\/\" target=\"_blank\" rel=\"noreferrer noopener\">TEMPO REAL<\/a><\/strong>, al\u00e9m de classifica\u00e7\u00f5es, sprint e corrida em\u00a0<strong><a href=\"https:\/\/www.youtube.com\/@GrandePremio1\/streams\" target=\"_blank\" rel=\"noreferrer noopener\">SEGUNDA TELA no YouTube<\/a><\/strong>, em parceria com a Voz do Esporte. O\u00a0<strong>Briefing<\/strong>\u00a0chega para analisar ap\u00f3s o fim de cada dia de atividades nas redes sociais e na GPTV.<\/p>\n\n\n\n<p class=\"wp-block-paragraph\">Al\u00e9m da cobertura tradicional, o\u00a0<strong>GRANDE PR\u00caMIO<\/strong>\u00a0estar\u00e1\u00a0<strong>IN LOCO<\/strong>\u00a0em\u00a0<strong><a href=\"https:\/\/www.grandepremio.com\/br\/circuito\/spa-francorchamps\/\" target=\"_blank\" rel=\"noreferrer noopener\">Spa-Francorchamps<\/a>\u00a0<\/strong>para acompanhar todas as emo\u00e7\u00f5es da etapa com o rep\u00f3rter\u00a0<strong>Leonid Kliuev<\/strong>.<\/p>\n\n\n\n<p class=\"wp-block-paragraph\"><strong>GP da B\u00e9lgica de F1: veja os hor\u00e1rios em Brasil, Cabo Verde,\u00a0<a href=\"https:\/\/grandepremio.pt\/\" target=\"_blank\" rel=\"noreferrer noopener\">Portugal<\/a>, Angola e Mo\u00e7ambique:<\/strong><\/p>\n\n\n\n<figure class=\"wp-block-table\"><table class=\"has-fixed-layout\"><tbody><tr><td><strong>Sess\u00e3o<\/strong><\/td><td><strong>BRA*<\/strong><\/td><td><strong>CBV<\/strong><\/td><td><strong>POR<\/strong><br><strong>ANG<\/strong><\/td><td><strong>MOZ<\/strong><\/td><\/tr><tr><td>Treino livre<\/td><td>07:30<\/td><td>09:30<\/td><td>11:30<\/td><td>12:30<\/td><\/tr><tr><td>Classifica\u00e7\u00e3o sprint<\/td><td>11:30<\/td><td>13:30<\/td><td>15:30<\/td><td>16:30<\/td><\/tr><tr><td>Corrida sprint<\/td><td>07:00<\/td><td>09:00<\/td><td>11:00<\/td><td>12:00<\/td><\/tr><tr><td>Classifica\u00e7\u00e3o<\/td><td>11:00<\/td><td>13:00<\/td><td>15:00<\/td><td>16:00<\/td><\/tr><tr><td>Corrida<\/td><td>10:00<\/td><td>12:00<\/td><td>14:00<\/td><td>15:00<\/td><\/tr><\/tbody><\/table><\/figure>\n\n\n\n<p class=\"wp-block-paragraph\"><em>*Hor\u00e1rio de Bras\u00edlia<\/em><\/p>\n\n\n\n<p class=\"wp-block-paragraph\">\u25b6\ufe0f <strong>Inscreva-se nos dois canais do GRANDE PR\u00caMIO no YouTube:\u00a0<a href=\"https:\/\/www.youtube.com\/channel\/UC9OlHEgxoaY6QY6nWPoiqQg?sub_confirmation=1\" target=\"_blank\" rel=\"noreferrer noopener\">GP<\/a>\u00a0|\u00a0<a href=\"https:\/\/www.youtube.com\/channel\/UC9csiS6q_C3C0FYhyr1rnFA?sub_confirmation=1\" target=\"_blank\" rel=\"noreferrer noopener\">GP2<\/a><\/strong><\/p>\n\n\n\n<figure class=\"wp-block-embed is-type-video is-provider-youtube wp-block-embed-youtube wp-embed-aspect-16-9 wp-has-aspect-ratio\"><div class=\"wp-block-embed__wrapper\">\n<iframe loading=\"lazy\" title=\"F1 VOLTA COM PIASTRI x NORRIS e RED BULL SEM HORNER | Paddock GP #424 [grande pr\u00eamio]\" width=\"500\" height=\"281\" src=\"https:\/\/www.youtube.com\/embed\/vJwU5PJ5098?feature=oembed\" frameborder=\"0\" allow=\"accelerometer; autoplay; clipboard-write; encrypted-media; gyroscope; picture-in-picture; web-share\" referrerpolicy=\"strict-origin-when-cross-origin\" allowfullscreen><\/iframe>\n<\/div><\/figure>\n","protected":false},"excerpt":{"rendered":"<p>Diretor-t\u00e9cnico da Mercedes, James Allison explicou como a equipe tem sofrido para entender o comportamente dos pneus corrida ap\u00f3s corrida na temporada 2025 da F\u00f3rmula 1<\/p>\n","protected":false},"author":0,"featured_media":1000988303,"comment_status":"closed","ping_status":"closed","sticky":false,"template":"","format":"standard","meta":{"42wp_featured_image_caption":"","42wp_featured_image_credits":"","42wp_featured_video":"","42wp_featured_image_hidden":false,"42wp_authors_list":[],"footnotes":""},"categories":[2],"tags":[27776,34186,27487,39086,41965,5660,8235,41950,969,147,3630,642,11958,160,41966,180,3628,1491,30103,28285,2301,82,41588],"42wp_author":[47160],"class_list":["post-19632","post","type-post","status-publish","format-standard","has-post-thumbnail","hentry","category-f1","tag-assistir-f1-ao-vivo","tag-assistir-f1-gratis","tag-assistir-f1-online","tag-calendario-f1-2025","tag-calendario-f1-2025-horarios","tag-classificacao","tag-classificacao-da-f1","tag-classificacao-f1-2025","tag-corrida","tag-f1","tag-f1-2025","tag-f1-ao-vivo","tag-f1-live","tag-f1-tv","tag-f1-tv-2025","tag-formula-1","tag-formula-1-2025","tag-grande-premio","tag-grande-premio-f1","tag-grandepremio","tag-james-allison","tag-mercedes","tag-w16","42wp_author-vicente-soella"],"_links":{"self":[{"href":"https:\/\/grandepremio.com\/br\/wp-json\/wp\/v2\/posts\/19632","targetHints":{"allow":["GET"]}}],"collection":[{"href":"https:\/\/grandepremio.com\/br\/wp-json\/wp\/v2\/posts"}],"about":[{"href":"https:\/\/grandepremio.com\/br\/wp-json\/wp\/v2\/types\/post"}],"replies":[{"embeddable":true,"href":"https:\/\/grandepremio.com\/br\/wp-json\/wp\/v2\/comments?post=19632"}],"version-history":[{"count":0,"href":"https:\/\/grandepremio.com\/br\/wp-json\/wp\/v2\/posts\/19632\/revisions"}],"wp:featuredmedia":[{"embeddable":true,"href":"https:\/\/grandepremio.com\/br\/wp-json\/wp\/v2\/media\/1000988303"}],"wp:attachment":[{"href":"https:\/\/grandepremio.com\/br\/wp-json\/wp\/v2\/media?parent=19632"}],"wp:term":[{"taxonomy":"category","embeddable":true,"href":"https:\/\/grandepremio.com\/br\/wp-json\/wp\/v2\/categories?post=19632"},{"taxonomy":"post_tag","embeddable":true,"href":"https:\/\/grandepremio.com\/br\/wp-json\/wp\/v2\/tags?post=19632"},{"taxonomy":"42wp_author","embeddable":true,"href":"https:\/\/grandepremio.com\/br\/wp-json\/wp\/v2\/42wp_author?post=19632"}],"curies":[{"name":"wp","href":"https:\/\/api.w.org\/{rel}","templated":true}]}}