{"id":19671,"date":"2025-07-21T12:08:20","date_gmt":"2025-07-21T15:08:20","guid":{"rendered":"https:\/\/grandepremio.com\/br\/noticias\/onde-assistir-ao-vivo-rodada-belgica-formula-2-formula-3-2025\/"},"modified":"2025-07-22T08:27:35","modified_gmt":"2025-07-22T11:27:35","slug":"onde-assistir-ao-vivo-rodada-belgica-formula-2-formula-3-2025","status":"publish","type":"post","link":"https:\/\/grandepremio.com\/br\/f2\/onde-assistir-ao-vivo-rodada-belgica-formula-2-formula-3-2025\/","title":{"rendered":"Onde assistir ao vivo \u00e0 rodada da B\u00e9lgica da F\u00f3rmula 2 e da F\u00f3rmula 3 2025"},"content":{"rendered":"\n<p class=\"wp-block-paragraph\"><strong>F\u00f3rmula 2<\/strong> e<strong> F\u00f3rmula 3<\/strong> retornam neste fim de semana, na <strong>B\u00e9lgica<\/strong>, para mais uma rodada da <strong>temporada 2025<\/strong>. Para a turma da F3, o momento \u00e9 de defini\u00e7\u00e3o, uma vez que o campeonato se encerra na <strong>It\u00e1lia<\/strong>, daqui a apenas mais duas etapas, enquanto a F2 d\u00e1 sequ\u00eancia \u00e0 segunda metade at\u00e9 o t\u00e9rmino em <strong>Abu Dhabi<\/strong>. <\/p>\n\n\n\n<p class=\"wp-block-paragraph\">Na categoria que antecede a F1, a lideran\u00e7a est\u00e1 nas m\u00e3os de <strong>Richard Verschoor<\/strong>, que conseguiu sobreviver ao caos causado pela chuva na <strong>Inglaterra<\/strong>. Ele tem 122 pontos e leva 6 de vantagem para <strong>Jak Crawford<\/strong>, enquanto <strong>Alexander Dunne<\/strong> caiu para terceiro.<\/p>\n\n\n\n<p class=\"wp-block-paragraph\">J\u00e1 na F3, <strong>Rafael C\u00e2mara<\/strong> deu sorte que os advers\u00e1rios diretos tamb\u00e9m tiveram uma passagem conturbada por <strong>Silverstone <\/strong>e ampliou a vantagem na ponta para 27 tentos. <strong>Tim Tramnitz <\/strong>e <strong>Nikola Tsolov<\/strong> v\u00eam na sequ\u00eancia. <\/p>\n\n\n\n<p class=\"wp-block-paragraph\">Confira a seguir a programa\u00e7\u00e3o completa nos pa\u00edses de l\u00edngua portuguesa.<\/p>\n\n\n\n<p class=\"wp-block-paragraph\"><strong>Rodada da\u00a0B\u00e9lgica da\u00a0<a href=\"https:\/\/www.grandepremio.com\/br\/f2\/\" target=\"_blank\" rel=\"noreferrer noopener\">F2<\/a>: veja os hor\u00e1rios em Brasil, Cabo Verde,\u00a0<a href=\"https:\/\/grandepremio.pt\/\" target=\"_blank\" rel=\"noreferrer noopener\">Portugal<\/a>, Angola e Mo\u00e7ambique<\/strong><\/p>\n\n\n\n<figure class=\"wp-block-table\"><table class=\"has-fixed-layout\"><tbody><tr><td><strong>Sess\u00e3o<\/strong><\/td><td><strong>BRA*<\/strong><\/td><td><strong>CBV<\/strong><\/td><td><strong>POR<\/strong><br><strong>ANG<\/strong><\/td><td><strong>MOZ<\/strong><\/td><\/tr><tr><td>Treino livre<\/td><td>05:05<\/td><td>07:05<\/td><td>09:05<\/td><td>10:05<\/td><\/tr><tr><td>Classifica\u00e7\u00e3o<\/td><td>09:55<\/td><td>11:55<\/td><td>13:55<\/td><td>14:55<\/td><\/tr><tr><td>Corrida sprint<\/td><td>08:45<\/td><td>10:45<\/td><td>12:45<\/td><td>13:45<\/td><\/tr><tr><td>Corrida<\/td><td>05:00<\/td><td>07:00<\/td><td>09:00<\/td><td>10:00<\/td><\/tr><\/tbody><\/table><\/figure>\n\n\n\n<p class=\"wp-block-paragraph\"><em>*Hor\u00e1rio de Bras\u00edlia<\/em><\/p>\n\n\n\n<figure class=\"wp-block-image size-large\"><img decoding=\"async\" src=\"https:\/\/www.grandepremio.com\/br\/wp-content\/uploads\/2025\/06\/453510_1158795_rafaelcamara_01-1-1200x800.jpg\" alt=\"\" class=\"wp-image-987131\"\/><figcaption class=\"wp-element-caption\">Rafael C\u00e2mara, l\u00edder da F3 2025 (Foto: Ferrari Driver Academy)<\/figcaption><\/figure>\n\n\n\n<p class=\"wp-block-paragraph\"><strong>Rodada da\u00a0B\u00e9lgica da\u00a0F3: veja os hor\u00e1rios em Brasil, Cabo Verde,\u00a0<a href=\"https:\/\/grandepremio.pt\/\" target=\"_blank\" rel=\"noreferrer noopener\">Portugal<\/a>, Angola e Mo\u00e7ambique<\/strong><\/p>\n\n\n\n<figure class=\"wp-block-table\"><table class=\"has-fixed-layout\"><tbody><tr><td><strong>Sess\u00e3o<\/strong><\/td><td><strong>BRA*<\/strong><\/td><td><strong>CBV<\/strong><\/td><td><strong>POR<\/strong><br><strong>ANG<\/strong><\/td><td><strong>MOZ<\/strong><\/td><\/tr><tr><td>Treino livre<\/td><td>04:00<\/td><td>06:00<\/td><td>08:00<\/td><td>09:00<\/td><\/tr><tr><td>Classifica\u00e7\u00e3o<\/td><td>09:00<\/td><td>11:00<\/td><td>13:00<\/td><td>14:00<\/td><\/tr><tr><td>Corrida sprint<\/td><td>04:15<\/td><td>06:15<\/td><td>08:15<\/td><td>09:15<\/td><\/tr><tr><td>Corrida<\/td><td>03:30<\/td><td>05:30<\/td><td>07:30<\/td><td>08:30<\/td><\/tr><\/tbody><\/table><\/figure>\n\n\n\n<p class=\"wp-block-paragraph\">*Hor\u00e1rio de Bras\u00edlia<\/p>\n\n\n\n<p class=\"wp-block-paragraph\"><strong>Onde assistir \u00e0 rodada da\u00a0B\u00e9lgica da\u00a0<a href=\"https:\/\/www.grandepremio.com\/br\/f2\/\" target=\"_blank\" rel=\"noreferrer noopener\">F2<\/a>\u00a0e da F3 e da no Brasil, na \u00c1frica e em\u00a0<a href=\"https:\/\/grandepremio.pt\/\" target=\"_blank\" rel=\"noreferrer noopener\">Portugal<\/a><\/strong><\/p>\n\n\n\n<figure class=\"wp-block-table\"><table class=\"has-fixed-layout\"><tbody><tr><td>Brasil<\/td><td>BandSports e F1TV<\/td><\/tr><tr><td>\u00c1frica<\/td><td>DStv (Supersport) e F1TV<\/td><\/tr><tr><td>Portugal<\/td><td>DAZN e F1TV<\/td><\/tr><\/tbody><\/table><\/figure>\n\n\n\n<p class=\"wp-block-paragraph\"><strong>\u25b6\ufe0f<\/strong> <strong>Inscreva-se nos dois canais do GRANDE PR\u00caMIO no YouTube:\u00a0<a href=\"https:\/\/www.youtube.com\/channel\/UC9OlHEgxoaY6QY6nWPoiqQg?sub_confirmation=1\" target=\"_blank\" rel=\"noreferrer noopener\">GP<\/a>\u00a0|\u00a0<a href=\"https:\/\/www.youtube.com\/channel\/UC9csiS6q_C3C0FYhyr1rnFA?sub_confirmation=1\" target=\"_blank\" rel=\"noreferrer noopener\">GP2<\/a><\/strong><\/p>\n","protected":false},"excerpt":{"rendered":"<p>Categorias de base dividem fim de semana da B\u00e9lgica com F\u00f3rmula 1. Confira a programa\u00e7\u00e3o completa e saiba onde assistir nos pa\u00edses de l\u00edngua estrangeira<\/p>\n","protected":false},"author":0,"featured_media":1000988746,"comment_status":"closed","ping_status":"closed","sticky":false,"template":"","format":"standard","meta":{"42wp_featured_image_caption":"","42wp_featured_image_credits":"","42wp_featured_video":"","42wp_featured_image_hidden":false,"42wp_authors_list":[],"footnotes":""},"categories":[9],"tags":[25062,29654,29655,30246,31948,111,41547,1008,40508,2208,41881,8057,40507,1491,28285,35029,35181,35030,35651,35908,108,44011,35909,41882,40740],"42wp_author":[47147],"class_list":["post-19671","post","type-post","status-publish","format-standard","has-post-thumbnail","hentry","category-f2","tag-belgica","tag-calendario-f2","tag-calendario-f3","tag-classificacao-f2","tag-classificacao-f3","tag-f2","tag-f2-2025","tag-f3","tag-f3-2025","tag-formula-2","tag-formula-2-2025","tag-formula-3","tag-formula-3-2025","tag-grande-premio","tag-grandepremio","tag-horarios-f2","tag-horarios-f3","tag-onde-assistir-f2","tag-onde-assistir-f3","tag-rodada-da-belgica","tag-spa-francorchamps","tag-spa-francorchamps-2025","tag-spa-francorchamps-f2","tag-temporada-2025-f2","tag-temporada-2025-f3","42wp_author-luana-marino"],"_links":{"self":[{"href":"https:\/\/grandepremio.com\/br\/wp-json\/wp\/v2\/posts\/19671","targetHints":{"allow":["GET"]}}],"collection":[{"href":"https:\/\/grandepremio.com\/br\/wp-json\/wp\/v2\/posts"}],"about":[{"href":"https:\/\/grandepremio.com\/br\/wp-json\/wp\/v2\/types\/post"}],"replies":[{"embeddable":true,"href":"https:\/\/grandepremio.com\/br\/wp-json\/wp\/v2\/comments?post=19671"}],"version-history":[{"count":0,"href":"https:\/\/grandepremio.com\/br\/wp-json\/wp\/v2\/posts\/19671\/revisions"}],"wp:featuredmedia":[{"embeddable":true,"href":"https:\/\/grandepremio.com\/br\/wp-json\/wp\/v2\/media\/1000988746"}],"wp:attachment":[{"href":"https:\/\/grandepremio.com\/br\/wp-json\/wp\/v2\/media?parent=19671"}],"wp:term":[{"taxonomy":"category","embeddable":true,"href":"https:\/\/grandepremio.com\/br\/wp-json\/wp\/v2\/categories?post=19671"},{"taxonomy":"post_tag","embeddable":true,"href":"https:\/\/grandepremio.com\/br\/wp-json\/wp\/v2\/tags?post=19671"},{"taxonomy":"42wp_author","embeddable":true,"href":"https:\/\/grandepremio.com\/br\/wp-json\/wp\/v2\/42wp_author?post=19671"}],"curies":[{"name":"wp","href":"https:\/\/api.w.org\/{rel}","templated":true}]}}