{"id":19687,"date":"2025-07-21T08:16:04","date_gmt":"2025-07-21T11:16:04","guid":{"rendered":"https:\/\/grandepremio.com\/br\/noticias\/aprilia-revela-pedido-jorge-martin-volta-motogp-esquecam-vamos-olhar-futuro\/"},"modified":"2025-07-21T08:17:39","modified_gmt":"2025-07-21T11:17:39","slug":"aprilia-revela-pedido-jorge-martin-volta-motogp-esquecam-vamos-olhar-futuro","status":"publish","type":"post","link":"https:\/\/grandepremio.com\/br\/motogp\/aprilia-revela-pedido-jorge-martin-volta-motogp-esquecam-vamos-olhar-futuro\/","title":{"rendered":"Aprilia revela pedido de Mart\u00edn na volta \u00e0 MotoGP: \u201cEsque\u00e7am. Vamos olhar para futuro\u201d"},"content":{"rendered":"\n<p class=\"wp-block-paragraph\">Chefe da <strong>Aprilia<\/strong>, <strong>Paolo Bonora <\/strong>entregou detalhes de uma reuni\u00e3o entre <strong>Jorge Mart\u00edn <\/strong>e os integrantes da equipe no in\u00edcio do fim de semana do GP da <strong>Tch\u00e9quia<\/strong>. O dirigente explicou que o campe\u00e3o do ano passado pediu que os integrantes do time \u201cesque\u00e7am\u201d o que passou e pensem apenas \u201cno futuro\u201d.<\/p>\n\n\n\n<p class=\"wp-block-paragraph\">Mart\u00edn voltou \u00e0 ativa na <strong>MotoGP <\/strong>neste fim de semana, quase 100 dias ap\u00f3s as s\u00e9rias les\u00f5es que sofreu em um acidente no GP do <strong>Catar<\/strong>. Al\u00e9m de marcar o fim de um problema de sa\u00fade, a volta marcou, tamb\u00e9m, o encerramento de uma crise, j\u00e1 que o espanhol chegou a cogitar abandonar a equipe na metade do contrato.<\/p>\n\n\n\n<p class=\"wp-block-paragraph\">Na \u00faltima quinta-feira, <a href=\"https:\/\/www.grandepremio.com\/br\/motogp\/noticias\/jorge-martin-confirma-permanencia-aprilia-2026-decisao-ficar-mais-uma-temporada\/\">Mart\u00edn anunciou que vai seguir com a Aprilia at\u00e9 o fim de <strong>2026<\/strong><\/a><strong> <\/strong>e reconheceu que teria de reconstruir o relacionamento com a casa de <strong>Noale<\/strong>. Mesmo afirmando que n\u00e3o v\u00ea motivos para pedir desculpas, Jorge reuniu a equipe na quinta-feira e tratou de tentar remediar a situa\u00e7\u00e3o.<\/p>\n\n\n\n<p class=\"wp-block-paragraph\">O chefe da Aprilia revelou em uma entrevista \u00e0 emissora brit\u00e2nica <em>TNT Sport<\/em> que Mart\u00edn fez uma reuni\u00e3o com a equipe no in\u00edcio do fim de semana.<\/p>\n\n\n\n<figure class=\"wp-block-image size-large\"><img decoding=\"async\" src=\"https:\/\/www.grandepremio.com\/br\/wp-content\/uploads\/2025\/07\/ar-czechgp-saturday-05-1200x800.jpg\" alt=\"\" class=\"wp-image-994007\"\/><figcaption class=\"wp-element-caption\">Jorge Mart\u00edn reuniu a equipe para pedir foco apenas no futuro (Foto: Aprilia)<\/figcaption><\/figure>\n\n\n\n<p class=\"wp-block-paragraph\"><strong>\u25b6\ufe0f&nbsp;Inscreva-se nos dois canais do GRANDE PR\u00caMIO no YouTube:&nbsp;<a href=\"https:\/\/www.youtube.com\/channel\/UC9OlHEgxoaY6QY6nWPoiqQg?sub_confirmation=1\" target=\"_blank\" rel=\"noreferrer noopener\">GP<\/a>&nbsp;|&nbsp;<a href=\"https:\/\/www.youtube.com\/channel\/UC9csiS6q_C3C0FYhyr1rnFA?sub_confirmation=1\" target=\"_blank\" rel=\"noreferrer noopener\">GP2<\/a><\/strong><\/p>\n\n\n\n<p class=\"wp-block-paragraph\">\u201cNa quinta-feira, Jorge fez uma pequena reuni\u00e3o com lado dele da garagem, os membros da equipe dele\u201d, contou Bonora. \u201cEle queria coloc\u00e1-los por dentro das emo\u00e7\u00f5es dele. Ele foi claro: \u2018Por favor, esque\u00e7am. Vamos s\u00f3 olhar para o futuro. Queremos unir essa equipe, todo mundo precisa dar o m\u00e1ximo de si e da sua eneegia, como eu farei\u2019\u201d, relatou.<\/p>\n\n\n\n<p class=\"wp-block-paragraph\">\u201cFoi um discurso muito bom. Todos os membros da equipe esperaram por ele sem nenhuma d\u00favida ou problemas\u201d, encerrou.<\/p>\n\n\n\n<p class=\"wp-block-paragraph\">A&nbsp;<strong><a href=\"https:\/\/grandepremio.com\/motovelocidade\/\" target=\"_blank\" rel=\"noreferrer noopener\">Moto2<\/a><\/strong>&nbsp;agora&nbsp;parte para as f\u00e9rias de ver\u00e3o na&nbsp;<strong>Europa<\/strong>&nbsp;a volta a acelerar entre os dias 15 e 17 de agosto com o&nbsp;<strong>GP da \u00c1ustria<\/strong>, direto de&nbsp;<strong>Spielberg<\/strong>, 13\u00aa etapa da temporada 2025. O&nbsp;<strong>GRANDE PR\u00caMIO&nbsp;<\/strong>faz a cobertura completa do evento, assim como das outras classes do&nbsp;<strong>Mundial de&nbsp;<a href=\"https:\/\/www.grandepremio.com\/motovelocidade\/\">Motovelocidade<\/a><\/strong><a href=\"https:\/\/www.grandepremio.com\/motovelocidade\/\">&nbsp;<\/a>durante todo o ano.<\/p>\n\n\n\n<figure class=\"wp-block-embed is-type-video is-provider-youtube wp-block-embed-youtube wp-embed-aspect-16-9 wp-has-aspect-ratio\"><div class=\"wp-block-embed__wrapper\">\n<iframe loading=\"lazy\" title=\"MART\u00cdN ENCERRA NOVELA E FICA NA APRILIA EM 2026 | Paddock Sprint Moto\" width=\"500\" height=\"281\" src=\"https:\/\/www.youtube.com\/embed\/EmjOeJOEwmg?feature=oembed\" frameborder=\"0\" allow=\"accelerometer; autoplay; clipboard-write; encrypted-media; gyroscope; picture-in-picture; web-share\" referrerpolicy=\"strict-origin-when-cross-origin\" allowfullscreen><\/iframe>\n<\/div><\/figure>\n","protected":false},"excerpt":{"rendered":"<p>Chefe da Aprilia, Paolo Bonora entregou detalhes de uma reuni\u00e3o liderada por Jorge Mart\u00edn com os membros da equipe no retorno \u00e0 MotoGP em Brno<\/p>\n","protected":false},"author":0,"featured_media":1000994006,"comment_status":"closed","ping_status":"closed","sticky":false,"template":"","format":"standard","meta":{"42wp_featured_image_caption":"","42wp_featured_image_credits":"","42wp_featured_video":"","42wp_featured_image_hidden":false,"42wp_authors_list":[],"footnotes":""},"categories":[8],"tags":[4087,5214,131,6513,2327,28285,3504,130,24704,132,137,1300,79,78,39739,42042,41956,42032,42033,25819,29345,32257,28766,307,42034,25667,26690,136,18481,2984,25769,41398,172],"42wp_author":[47113],"class_list":["post-19687","post","type-post","status-publish","format-standard","has-post-thumbnail","hentry","category-motogp","tag-brno","tag-classificacao-motogp","tag-ducati","tag-espn","tag-francesco-bagnaia","tag-grandepremio","tag-gresini","tag-honda","tag-jorge-martin","tag-ktm","tag-lcr","tag-marc-marquez","tag-moto-gp","tag-motogp","tag-motogp-2025","tag-motogp-2025-calendario","tag-motogp-25","tag-motogp-calendario-2025","tag-motogp-classificacao-2025","tag-motogp-hoje","tag-motogp-horario","tag-motogp-sprint","tag-motogp-standings","tag-motor","tag-onde-assistir-motogp-2025","tag-pecco-bagnaia","tag-pilotos-motogp","tag-pramac","tag-republica-tcheca","tag-sprint","tag-tchequia","tag-temporada-motogp","tag-yamaha","42wp_author-juliana-tesser"],"_links":{"self":[{"href":"https:\/\/grandepremio.com\/br\/wp-json\/wp\/v2\/posts\/19687","targetHints":{"allow":["GET"]}}],"collection":[{"href":"https:\/\/grandepremio.com\/br\/wp-json\/wp\/v2\/posts"}],"about":[{"href":"https:\/\/grandepremio.com\/br\/wp-json\/wp\/v2\/types\/post"}],"replies":[{"embeddable":true,"href":"https:\/\/grandepremio.com\/br\/wp-json\/wp\/v2\/comments?post=19687"}],"version-history":[{"count":0,"href":"https:\/\/grandepremio.com\/br\/wp-json\/wp\/v2\/posts\/19687\/revisions"}],"wp:featuredmedia":[{"embeddable":true,"href":"https:\/\/grandepremio.com\/br\/wp-json\/wp\/v2\/media\/1000994006"}],"wp:attachment":[{"href":"https:\/\/grandepremio.com\/br\/wp-json\/wp\/v2\/media?parent=19687"}],"wp:term":[{"taxonomy":"category","embeddable":true,"href":"https:\/\/grandepremio.com\/br\/wp-json\/wp\/v2\/categories?post=19687"},{"taxonomy":"post_tag","embeddable":true,"href":"https:\/\/grandepremio.com\/br\/wp-json\/wp\/v2\/tags?post=19687"},{"taxonomy":"42wp_author","embeddable":true,"href":"https:\/\/grandepremio.com\/br\/wp-json\/wp\/v2\/42wp_author?post=19687"}],"curies":[{"name":"wp","href":"https:\/\/api.w.org\/{rel}","templated":true}]}}