{"id":19730,"date":"2025-07-20T04:15:00","date_gmt":"2025-07-20T07:15:00","guid":{"rendered":"https:\/\/grandepremio.com\/br\/noticias\/gunther-steiner-ve-max-verstappen-fora-red-bull-2027-vai-esperar-ver-melhor-carro\/"},"modified":"2025-07-20T09:28:51","modified_gmt":"2025-07-20T12:28:51","slug":"gunther-steiner-ve-max-verstappen-fora-red-bull-2027-vai-esperar-ver-melhor-carro","status":"publish","type":"post","link":"https:\/\/grandepremio.com\/br\/f1\/gunther-steiner-ve-max-verstappen-fora-red-bull-2027-vai-esperar-ver-melhor-carro\/","title":{"rendered":"Steiner s\u00f3 v\u00ea Verstappen fora da Red Bull em 2027: &#8220;Vai esperar para saber o melhor carro&#8221;"},"content":{"rendered":"\n<p class=\"wp-block-paragraph\"><strong>G\u00fcnther Steiner<\/strong> acredita que <strong>Max Verstappen<\/strong> j\u00e1 tem o destino tra\u00e7ado fora da <strong>Red Bull<\/strong> \u2014 mas <strong>n\u00e3o antes de a F\u00f3rmula 1 passar pela revolu\u00e7\u00e3o t\u00e9cnica de 2026<\/strong>. Em entrevista \u00e0 r\u00e1dio <em>Talksport<\/em>, o ex-chefe da <strong>Haas<\/strong> comentou o assunto e disse acreditar que o neerland\u00eas vai esperar para ver <strong>como as equipes se adaptam \u00e0s novas regras<\/strong> antes de decidir para onde ir.<\/p>\n\n\n\n<p class=\"wp-block-paragraph\">Embora o contrato de Verstappen com a Red Bull v\u00e1 at\u00e9 o fim de 2028, h\u00e1 cl\u00e1usulas de desempenho que <strong>podem permitir a sa\u00edda antecipada<\/strong>. As especula\u00e7\u00f5es sobre uma poss\u00edvel ida para a <strong>Mercedes<\/strong> s\u00f3 aumentaram ao longo da temporada.<\/p>\n\n\n\n<p class=\"wp-block-paragraph\">&#8220;Eu diria que sim, vai sair da Red Bull em algum momento, <strong>mas n\u00e3o no pr\u00f3ximo ano<\/strong>. Minha opini\u00e3o \u00e9 que vai ficar onde est\u00e1 em 2026 <strong>para ver como ficam os carros com as novas regras<\/strong>, novos motores, tudo novo. Ningu\u00e9m realmente sabe quem vai se sair bem&#8221;, afirmou.<\/p>\n\n\n\n<p class=\"wp-block-paragraph\">Steiner destacou que mudar de equipe antes da chegada do novo regulamento <strong>envolve um risco enorme<\/strong>, especialmente para algu\u00e9m que pode escolher qualquer carro vencedor. &#8220;Normalmente, se voc\u00ea \u00e9 o melhor piloto, <strong>consegue estar no melhor carro<\/strong>, porque as equipes te buscam. Ele \u00e9 inteligente, muito bem orientado pelo pai e pelo empres\u00e1rio. Acho que <strong>vai esperar o pr\u00f3ximo ano e s\u00f3 ent\u00e3o tomar uma decis\u00e3o<\/strong> sobre onde correr em 2027&#8243;, explicou.<\/p>\n\n\n\n<figure class=\"wp-block-image size-large\"><img decoding=\"async\" src=\"https:\/\/www.grandepremio.com\/br\/wp-content\/uploads\/2025\/07\/inglaterra-2025-f1-corrida-red-bull-max-verstappen-afp-01-1200x800.jpg\" alt=\"\" class=\"wp-image-989311\"\/><figcaption class=\"wp-element-caption\">Max Verstappen tem cl\u00e1usula contratual que permite sa\u00edda da Red Bull antes de 2028 (Foto: AFP) <\/figcaption><\/figure>\n\n\n\n<p class=\"wp-block-paragraph\">O dirigente lembrou que o apelo da Mercedes est\u00e1 justamente na <strong>compet\u00eancia hist\u00f3rica dos alem\u00e3es em desenvolver motores vencedores<\/strong>, especialmente em um cen\u00e1rio em que os propulsores sustent\u00e1veis e o combust\u00edvel sint\u00e9tico ganham protagonismo em 2026. J\u00e1 a <strong>Red Bull Powertrains<\/strong>, ainda sem provas concretas, <strong>gera incertezas para a nova era<\/strong>.<\/p>\n\n\n\n<p class=\"wp-block-paragraph\">&#8220;Se mudar agora, assume um grande risco. Acredito que prefira esperar para ver como ficam as coisas no final do pr\u00f3ximo ano e s\u00f3 ent\u00e3o escolher o melhor carro&#8221;, completou.<\/p>\n\n\n\n<p class=\"wp-block-paragraph\">A&nbsp;<a href=\"https:\/\/www.grandepremio.com\/br\/f1\/\" target=\"_blank\" rel=\"noreferrer noopener\"><\/a><a href=\"https:\/\/www.grandepremio.com\/br\/f1\/\" target=\"_blank\" rel=\"noreferrer noopener\">F\u00f3rmula 1<\/a>&nbsp;volta de 25 a 27 de julho em&nbsp;<a href=\"https:\/\/www.grandepremio.com\/br\/circuito\/spa-francorchamps\/\" target=\"_blank\" rel=\"noreferrer noopener\"><strong>Spa-Francorchamps<\/strong><\/a>, que recebe o&nbsp;<strong>GP da B\u00e9lgica<\/strong>.<\/p>\n\n\n\n<p class=\"wp-block-paragraph\">\u25b6\ufe0f&nbsp;<strong>Inscreva-se nos dois canais do GRANDE PR\u00caMIO no YouTube:&nbsp;<a href=\"https:\/\/www.youtube.com\/channel\/UC9OlHEgxoaY6QY6nWPoiqQg?sub_confirmation=1\" target=\"_blank\" rel=\"noreferrer noopener\">GP<\/a>&nbsp;|&nbsp;<a href=\"https:\/\/www.youtube.com\/channel\/UC9csiS6q_C3C0FYhyr1rnFA?sub_confirmation=1\" target=\"_blank\" rel=\"noreferrer noopener\">GP2<\/a><\/strong><\/p>\n\n\n\n<figure class=\"wp-block-embed is-type-video is-provider-youtube wp-block-embed-youtube wp-embed-aspect-16-9 wp-has-aspect-ratio\"><div class=\"wp-block-embed__wrapper\">\n<iframe loading=\"lazy\" title=\"NEWEY NO &amp;apos;MODO 2026&amp;apos; \u00c9 PARA FAZER RIVAIS DA ASTON MARTIN TREMEREM NA F1\" width=\"500\" height=\"281\" src=\"https:\/\/www.youtube.com\/embed\/o2JwPnJt5rg?feature=oembed\" frameborder=\"0\" allow=\"accelerometer; autoplay; clipboard-write; encrypted-media; gyroscope; picture-in-picture; web-share\" referrerpolicy=\"strict-origin-when-cross-origin\" allowfullscreen><\/iframe>\n<\/div><\/figure>\n","protected":false},"excerpt":{"rendered":"<p>G\u00fcnther Steiner afirmou que mudar de equipe neste momento seria &#8220;grande risco&#8221; para Max Verstappen e que neerland\u00eas deve esperar para ver quem se adapta melhor \u00e0s novas regras<\/p>\n","protected":false},"author":0,"featured_media":1000988038,"comment_status":"closed","ping_status":"closed","sticky":false,"template":"","format":"standard","meta":{"42wp_featured_image_caption":"","42wp_featured_image_credits":"","42wp_featured_video":"","42wp_featured_image_hidden":false,"42wp_authors_list":[],"footnotes":""},"categories":[2],"tags":[26271,5273,147,3630,180,3628,1491,28285,1256,30840,203,82,35129,204,42001],"42wp_author":[47164],"class_list":["post-19730","post","type-post","status-publish","format-standard","has-post-thumbnail","hentry","category-f1","tag-calendario-f1","tag-classificacao-f1","tag-f1","tag-f1-2025","tag-formula-1","tag-formula-1-2025","tag-grande-premio","tag-grandepremio","tag-gunther-steiner","tag-horarios-f1","tag-max-verstappen","tag-mercedes","tag-onde-assistir-f1","tag-red-bull","tag-temporada-2025-f1","42wp_author-marcos-gil-ribeiro"],"_links":{"self":[{"href":"https:\/\/grandepremio.com\/br\/wp-json\/wp\/v2\/posts\/19730","targetHints":{"allow":["GET"]}}],"collection":[{"href":"https:\/\/grandepremio.com\/br\/wp-json\/wp\/v2\/posts"}],"about":[{"href":"https:\/\/grandepremio.com\/br\/wp-json\/wp\/v2\/types\/post"}],"replies":[{"embeddable":true,"href":"https:\/\/grandepremio.com\/br\/wp-json\/wp\/v2\/comments?post=19730"}],"version-history":[{"count":0,"href":"https:\/\/grandepremio.com\/br\/wp-json\/wp\/v2\/posts\/19730\/revisions"}],"wp:featuredmedia":[{"embeddable":true,"href":"https:\/\/grandepremio.com\/br\/wp-json\/wp\/v2\/media\/1000988038"}],"wp:attachment":[{"href":"https:\/\/grandepremio.com\/br\/wp-json\/wp\/v2\/media?parent=19730"}],"wp:term":[{"taxonomy":"category","embeddable":true,"href":"https:\/\/grandepremio.com\/br\/wp-json\/wp\/v2\/categories?post=19730"},{"taxonomy":"post_tag","embeddable":true,"href":"https:\/\/grandepremio.com\/br\/wp-json\/wp\/v2\/tags?post=19730"},{"taxonomy":"42wp_author","embeddable":true,"href":"https:\/\/grandepremio.com\/br\/wp-json\/wp\/v2\/42wp_author?post=19730"}],"curies":[{"name":"wp","href":"https:\/\/api.w.org\/{rel}","templated":true}]}}