{"id":19779,"date":"2025-07-18T18:58:10","date_gmt":"2025-07-18T21:58:10","guid":{"rendered":"https:\/\/grandepremio.com\/br\/noticias\/heitor-dallagnol-sobra-supera-pedro-lima-0s549-pole-corrida-3-f4-brasil-velocitta\/"},"modified":"2025-07-18T19:06:39","modified_gmt":"2025-07-18T22:06:39","slug":"heitor-dallagnol-sobra-supera-pedro-lima-0s549-pole-corrida-3-f4-brasil-velocitta","status":"publish","type":"post","link":"https:\/\/grandepremio.com\/br\/f4\/heitor-dallagnol-sobra-supera-pedro-lima-0s549-pole-corrida-3-f4-brasil-velocitta\/","title":{"rendered":"Dall&#8217;agnol sobra, supera Lima por 0s549 e \u00e9 pole da corrida 3 da F4 Brasil no Velocitta"},"content":{"rendered":"\n<p class=\"wp-block-paragraph\"><strong>Heitor Dall&#8217;agnol<\/strong> voou durante a classifica\u00e7\u00e3o da <strong>F4 Brasil<\/strong>, que aconteceu nesta sexta-feira (18) e garantiu a pole-position para a corrida 3 do <a href=\"https:\/\/www.grandepremio.com\/br\/stock-car\/noticias\/stock-car-cancela-sessao-1o-dia-treinos-extras-velocitta-por-quebras-nos-carros\/\">fim de semana no <strong>Velocitta<\/strong><\/a>, que acontece no domingo (20). O piloto da <strong>TMG<\/strong> cravou 1min25s967 e n\u00e3o deu chances para a concorr\u00eancia, colocando 0s549 de vantagem para o segundo colocado<strong> Pedro Lima<\/strong>. <\/p>\n\n\n\n<p class=\"wp-block-paragraph\">O regulamento da <strong>F4 Brasil <\/strong>diz que o grid da corrida 3 \u00e9 definido a partir da melhor volta obtida por cada piloto durante a classifica\u00e7\u00e3o. Por isso,<strong> Dall&#8217;agnol <\/strong>alinha o carro no primeiro lugar no domingo e vai ser seguido por <strong>Lima<\/strong>, <strong>Filippo Fiorentino, Pietro Mesquita e Pedro Lins<\/strong>. No top-10, ainda est\u00e3o <strong>Alceu Feldmann, Marcelo Hahn, Cadi Baptista <\/strong>e <strong>Ciro Sobral<\/strong>. <\/p>\n\n\n\n<p class=\"wp-block-paragraph\">Por\u00e9m, n\u00e3o \u00e9 apenas na corrida 3 que <strong>Heitor <\/strong>vai sair da ponta. Ainda de acordo com as regras da <strong>F4 Brasil<\/strong>, o grid da prova 1 \u00e9 definido a partir da segunda volta mais r\u00e1pida de cada piloto durante a classifica\u00e7\u00e3o. A segunda melhor parcial de <strong>Dall&#8217;agnol<\/strong> foi 1min26s108, 0s519 melhor do que a mesma refer\u00eancia de Fiorentino. <\/p>\n\n\n\n<p class=\"wp-block-paragraph\">Na corrida 1, a segunda fila ainda conta com <strong>Lima <\/strong>e <strong>Rocha<\/strong>. <strong>Mesquita <\/strong>completa o top-5. O grid da corrida 2 \u00e9 formado a partir da Invers\u00e3o dos oito primeiros colocados na etapa 1, mantendo a posi\u00e7\u00e3o de chegada do nono colocado em diante.<\/p>\n\n\n\n<p class=\"wp-block-paragraph\">\u25b6\ufe0f\u00a0<strong>Inscreva-se nos dois canais do GRANDE PR\u00caMIO no YouTube:\u00a0<a href=\"https:\/\/www.youtube.com\/channel\/UC9OlHEgxoaY6QY6nWPoiqQg?sub_confirmation=1\" target=\"_blank\" rel=\"noreferrer noopener\">GP<\/a>\u00a0|\u00a0<a href=\"https:\/\/www.youtube.com\/channel\/UC9csiS6q_C3C0FYhyr1rnFA?sub_confirmation=1\" target=\"_blank\" rel=\"noreferrer noopener\">GP2<\/a><\/strong><\/p>\n\n\n\n<h2 class=\"wp-block-heading\" id=\"h-classificacao-f4-brasil-velocitta\"><strong>Classifica\u00e7\u00e3o F4 Brasil Velocitta<\/strong><\/h2>\n\n\n\n<figure class=\"wp-block-table\"><table class=\"has-fixed-layout\"><tbody><tr><td>POS<\/td><td>Piloto<\/td><td>Carro<\/td><td>Equipe<\/td><td>Tempo<\/td><td>Diff<\/td><\/tr><tr><td>1<\/td><td>HEITOR DALL&#8217;AGNOL<\/td><td>27<\/td><td>TMG RACING<\/td><td>1:25.967<\/td><td><\/td><\/tr><tr><td>2<\/td><td>PEDRO LIMA<\/td><td>188<\/td><td>STARRETT BASSANI F4<\/td><td>1:26.516<\/td><td><br>+0,549<\/td><\/tr><tr><td>3<\/td><td>FILIPPO FIORENTINO<\/td><td>135<\/td><td>TMG RACING<\/td><td>1:26.571<\/td><td><br>+0,604<\/td><\/tr><tr><td>4<\/td><td>PIETRO MESQUITA<\/td><td>59<\/td><td>TMG RACING<\/td><td>1:26.735<\/td><td><br>+0,768<\/td><\/tr><tr><td>5<\/td><td>PEDRO LINS<\/td><td>26<\/td><td>STARRETT BASSANI F4<\/td><td>1:26.767<\/td><td><br>+0,800<\/td><\/tr><tr><td>6<\/td><td>MURILO ROCHA<\/td><td>55<\/td><td>STARRETT BASSANI F4<\/td><td>1:26.776<\/td><td><br>+0,809<\/td><\/tr><tr><td>7<\/td><td>ALCEU FELDMANN NETO<\/td><td>95<\/td><td>CAVALEIRO SPORTS<\/td><td>1:26.836<\/td><td>+0,869<\/td><\/tr><tr><td>8<\/td><td>MARCELO HAHN<\/td><td>0<\/td><td>TMG RACING<\/td><td>1:26.845<\/td><td><br>+0,878<\/td><\/tr><tr><td>9<\/td><td>CADI BAPTISTA<\/td><td>41<\/td><td>TMG RACING<\/td><td>1:26.855<\/td><td><br>+0,888<\/td><\/tr><tr><td>10<\/td><td>CIRO SOBRAL<\/td><td>71<\/td><td>TMG RACING<\/td><td>1:26.897<\/td><td><br>+0,930<\/td><\/tr><tr><td>11<\/td><td>RENZO BARBUY<\/td><td>31<\/td><td>STARRETT BASSANI F4<\/td><td>1:26.939<\/td><td><br>+0,972<\/td><\/tr><tr><td>12<\/td><td>ROGERIO GROTTA<\/td><td>7<\/td><td>CAVALEIRO SPORTS<\/td><td>1:27.010<\/td><td><br>+1,043<\/td><\/tr><tr><td>13<\/td><td>BERNARDO GENTIL<\/td><td>88<\/td><td>CAVALEIRO SPORTS<\/td><td>1:27.054<\/td><td><br>+1,087<\/td><\/tr><tr><td>14<\/td><td>ETHAN NOBELS<\/td><td>12<\/td><td>CAVALEIRO SPORTS<\/td><td>1:27.230<\/td><td><br>+1,263<\/td><\/tr><tr><td>15<\/td><td>ENRICCO ABREU<\/td><td>29<\/td><td>CAVALEIRO SPORTS<\/td><td>1:27.431<\/td><td><br>+1,464<\/td><\/tr><tr><td>16<\/td><td>CHRISTIAN HELOU<\/td><td>3<\/td><td>STARRETT BASSANI F4<\/td><td>1:27.459<\/td><td><br>+1,492<\/td><\/tr><\/tbody><\/table><\/figure>\n","protected":false},"excerpt":{"rendered":"<p>Heitor Dall&#8217;agnol n\u00e3o tomou conhecimento dos advers\u00e1rios e garantiu a pole-position para as corridas 1 e 3 da F4 Brasil no Velocitta<\/p>\n","protected":false},"author":0,"featured_media":1000993323,"comment_status":"closed","ping_status":"closed","sticky":false,"template":"","format":"standard","meta":{"42wp_featured_image_caption":"","42wp_featured_image_credits":"","42wp_featured_video":"","42wp_featured_image_hidden":false,"42wp_authors_list":[],"footnotes":""},"categories":[47],"tags":[],"42wp_author":[47149],"class_list":["post-19779","post","type-post","status-publish","format-standard","has-post-thumbnail","hentry","category-f4","42wp_author-bernardo-castro"],"_links":{"self":[{"href":"https:\/\/grandepremio.com\/br\/wp-json\/wp\/v2\/posts\/19779","targetHints":{"allow":["GET"]}}],"collection":[{"href":"https:\/\/grandepremio.com\/br\/wp-json\/wp\/v2\/posts"}],"about":[{"href":"https:\/\/grandepremio.com\/br\/wp-json\/wp\/v2\/types\/post"}],"replies":[{"embeddable":true,"href":"https:\/\/grandepremio.com\/br\/wp-json\/wp\/v2\/comments?post=19779"}],"version-history":[{"count":0,"href":"https:\/\/grandepremio.com\/br\/wp-json\/wp\/v2\/posts\/19779\/revisions"}],"wp:featuredmedia":[{"embeddable":true,"href":"https:\/\/grandepremio.com\/br\/wp-json\/wp\/v2\/media\/1000993323"}],"wp:attachment":[{"href":"https:\/\/grandepremio.com\/br\/wp-json\/wp\/v2\/media?parent=19779"}],"wp:term":[{"taxonomy":"category","embeddable":true,"href":"https:\/\/grandepremio.com\/br\/wp-json\/wp\/v2\/categories?post=19779"},{"taxonomy":"post_tag","embeddable":true,"href":"https:\/\/grandepremio.com\/br\/wp-json\/wp\/v2\/tags?post=19779"},{"taxonomy":"42wp_author","embeddable":true,"href":"https:\/\/grandepremio.com\/br\/wp-json\/wp\/v2\/42wp_author?post=19779"}],"curies":[{"name":"wp","href":"https:\/\/api.w.org\/{rel}","templated":true}]}}