{"id":19803,"date":"2025-07-18T10:41:22","date_gmt":"2025-07-18T13:41:22","guid":{"rendered":"https:\/\/grandepremio.com\/br\/noticias\/ferrari-inspira-estrutura-mclaren-avalia-colocar-supervisor-frederic-vasseur\/"},"modified":"2025-07-18T13:11:22","modified_gmt":"2025-07-18T16:11:22","slug":"ferrari-inspira-estrutura-mclaren-avalia-colocar-supervisor-frederic-vasseur","status":"publish","type":"post","link":"https:\/\/grandepremio.com\/br\/f1\/ferrari-inspira-estrutura-mclaren-avalia-colocar-supervisor-frederic-vasseur\/","title":{"rendered":"Ferrari se inspira em estrutura da McLaren e avalia colocar supervisor para Vasseur"},"content":{"rendered":"\n<p class=\"wp-block-paragraph\">A <strong>Ferrari<\/strong> come\u00e7a a estudar <strong>mudan\u00e7as na sua estrutura de comando<\/strong> para tentar sair da crise vivida na temporada 2025 e reconduzir a equipe aos t\u00edtulos na <strong>F\u00f3rmula 1<\/strong>. Segundo o jornal italiano <em>Corriere dello Sport<\/em>, a alta c\u00fapula de Maranello, sob comando do presidente <strong>John Elkann<\/strong> e do CEO <strong>Benedetto Vigna<\/strong>, considera a cria\u00e7\u00e3o de um <strong>cargo de supervisor acima de Fr\u00e9d\u00e9ric Vasseur<\/strong>, em esquema semelhante ao adotado pela <strong>McLaren<\/strong> \u2014 com <strong>Zak Brown<\/strong> e <strong>Andrea Stella<\/strong>.<\/p>\n\n\n\n<p class=\"wp-block-paragraph\">O comando da Scuderia enxerga um <strong>problema de gest\u00e3o mais profundo do que apenas as limita\u00e7\u00f5es do carro<\/strong>. Atualmente, Vasseur \u00e9 respons\u00e1vel por comandar tanto o <strong>projeto t\u00e9cnico<\/strong> quanto as quest\u00f5es <strong>pol\u00edticas, financeiras e estrat\u00e9gicas<\/strong> da equipe. A dire\u00e7\u00e3o avalia a possibilidade de nomear um profissional que <strong>atue supervisionando essas \u00e1reas<\/strong>, permitindo ao franc\u00eas <strong>focar totalmente no dia a dia do time<\/strong>.<\/p>\n\n\n\n<p class=\"wp-block-paragraph\">Nas \u00faltimas corridas, Vasseur j\u00e1 vinha sendo acompanhado de perto: por<strong> Piero Ferrari<\/strong> no Canad\u00e1, <strong>Michele Antoniazzi<\/strong> \u2014 chefe de RH \u2014 na \u00c1ustria e pelo pr\u00f3prio Vigna em Silverstone.<\/p>\n\n\n\n<p class=\"wp-block-paragraph\">A ideia amadureceu ap\u00f3s o novo fracasso no GP da Inglaterra. A Ferrari, que j\u00e1 est\u00e1 a 238 pontos da l\u00edder McLaren no Mundial de Construtores \u2014 460 x 222 \u2014, saiu com cr\u00edticas <strong><a href=\"https:\/\/www.grandepremio.com\/br\/f1\/noticias\/charles-leclerc-admite-dia-dificil-inglaterra-14o-lugar-carro-nao-tinha-ritmo\/\">abertas de Charles Leclerc<\/a><\/strong>, que terminou apenas em 14\u00ba, e <strong><a href=\"https:\/\/www.grandepremio.com\/br\/f1\/noticias\/lewis-hamilton-afirma-inglaterra-mostrou-que-nao-quero-carro-ferrari-2026\/\">um desabafo de Lewis Hamilton<\/a><\/strong> sobre o carro.<\/p>\n\n\n\n<figure class=\"wp-block-image size-large\"><img decoding=\"async\" src=\"https:\/\/www.grandepremio.com\/br\/wp-content\/uploads\/2025\/07\/inglaterra-2025-f1-classificacao-ferrari-lewis-hamilton-afp-04-1200x800.jpg\" alt=\"\" class=\"wp-image-988846\"\/><figcaption class=\"wp-element-caption\">Ferrari ainda n\u00e3o venceu corridas na temporada 2025 da F1 (Foto: AFP) <\/figcaption><\/figure>\n\n\n\n<p class=\"wp-block-paragraph\">Apesar do cen\u00e1rio inst\u00e1vel, os pilotos seguem apoiando Vasseur \u2014 principalmente Hamilton, <strong><a href=\"https:\/\/www.grandepremio.com\/br\/f1\/noticias\/lewis-hamilton-reforca-discurso-exalta-frederic-vasseur-ferrari-homem-certo-para-levar-topo\/\">que tem defendido publicamente o dirigente<\/a><\/strong>. A montadora, no entanto, teme que a atual gest\u00e3o n\u00e3o consiga reagir diante da for\u00e7a da McLaren.<\/p>\n\n\n\n<p class=\"wp-block-paragraph\">A situa\u00e7\u00e3o coloca Elkann e Vigna em um dilema: substituir Vasseur significaria <strong>recome\u00e7ar quase do zero<\/strong> \u00e0s v\u00e9speras da revolu\u00e7\u00e3o t\u00e9cnica de 2026, mas mant\u00ea-lo sem mudan\u00e7as <strong>pode aprofundar a crise<\/strong>. Por enquanto, a solu\u00e7\u00e3o estudada \u00e9 justamente <strong>a estrutura mista<\/strong>, inspirada na equipe de maior sucesso do grid no momento.<\/p>\n\n\n\n<p class=\"wp-block-paragraph\">A&nbsp;<a href=\"https:\/\/www.grandepremio.com\/br\/f1\/\" target=\"_blank\" rel=\"noreferrer noopener\"><\/a><a href=\"https:\/\/www.grandepremio.com\/br\/f1\/\" target=\"_blank\" rel=\"noreferrer noopener\">F\u00f3rmula 1<\/a>&nbsp;volta de 25 a 27 de julho em&nbsp;<a href=\"https:\/\/www.grandepremio.com\/br\/circuito\/spa-francorchamps\/\" target=\"_blank\" rel=\"noreferrer noopener\"><strong>Spa-Francorchamps<\/strong><\/a>, que recebe o&nbsp;<strong>GP da B\u00e9lgica<\/strong>.<\/p>\n\n\n\n<p class=\"wp-block-paragraph\">\u25b6\ufe0f&nbsp;<strong>Inscreva-se nos dois canais do GRANDE PR\u00caMIO no YouTube:&nbsp;<a href=\"https:\/\/www.youtube.com\/channel\/UC9OlHEgxoaY6QY6nWPoiqQg?sub_confirmation=1\" target=\"_blank\" rel=\"noreferrer noopener\">GP<\/a>&nbsp;|&nbsp;<a href=\"https:\/\/www.youtube.com\/channel\/UC9csiS6q_C3C0FYhyr1rnFA?sub_confirmation=1\" target=\"_blank\" rel=\"noreferrer noopener\">GP2<\/a><\/strong><\/p>\n\n\n\n<figure class=\"wp-block-embed is-type-video is-provider-youtube wp-block-embed-youtube wp-embed-aspect-16-9 wp-has-aspect-ratio\"><div class=\"wp-block-embed__wrapper\">\n<iframe loading=\"lazy\" title=\"NEWEY NO &amp;apos;MODO 2026&amp;apos; \u00c9 PARA FAZER RIVAIS DA ASTON MARTIN TREMEREM NA F1\" width=\"500\" height=\"281\" src=\"https:\/\/www.youtube.com\/embed\/o2JwPnJt5rg?feature=oembed\" frameborder=\"0\" allow=\"accelerometer; autoplay; clipboard-write; encrypted-media; gyroscope; picture-in-picture; web-share\" referrerpolicy=\"strict-origin-when-cross-origin\" allowfullscreen><\/iframe>\n<\/div><\/figure>\n","protected":false},"excerpt":{"rendered":"<p>Alta c\u00fapula da Ferrari, comandada pelo presidente John Elkann e o CEO Benedetto Vigna, avalia criar um cargo para supervisionar e dividir fun\u00e7\u00f5es com Fr\u00e9d\u00e9ric Vasseur em meio \u00e0 crise em Maranello<\/p>\n","protected":false},"author":0,"featured_media":1000947892,"comment_status":"closed","ping_status":"closed","sticky":false,"template":"","format":"standard","meta":{"42wp_featured_image_caption":"","42wp_featured_image_credits":"","42wp_featured_video":"","42wp_featured_image_hidden":false,"42wp_authors_list":[],"footnotes":""},"categories":[2],"tags":[7094,28273,26271,5273,147,3630,207,180,3628,1322,1491,28285,30840,1968,90,35129,42001,580],"42wp_author":[47164],"class_list":["post-19803","post","type-post","status-publish","format-standard","has-post-thumbnail","hentry","category-f1","tag-andrea-stella","tag-benedetto-vigna","tag-calendario-f1","tag-classificacao-f1","tag-f1","tag-f1-2025","tag-ferrari","tag-formula-1","tag-formula-1-2025","tag-frederic-vasseur","tag-grande-premio","tag-grandepremio","tag-horarios-f1","tag-john-elkann","tag-mclaren","tag-onde-assistir-f1","tag-temporada-2025-f1","tag-zak-brown","42wp_author-marcos-gil-ribeiro"],"_links":{"self":[{"href":"https:\/\/grandepremio.com\/br\/wp-json\/wp\/v2\/posts\/19803","targetHints":{"allow":["GET"]}}],"collection":[{"href":"https:\/\/grandepremio.com\/br\/wp-json\/wp\/v2\/posts"}],"about":[{"href":"https:\/\/grandepremio.com\/br\/wp-json\/wp\/v2\/types\/post"}],"replies":[{"embeddable":true,"href":"https:\/\/grandepremio.com\/br\/wp-json\/wp\/v2\/comments?post=19803"}],"version-history":[{"count":0,"href":"https:\/\/grandepremio.com\/br\/wp-json\/wp\/v2\/posts\/19803\/revisions"}],"wp:featuredmedia":[{"embeddable":true,"href":"https:\/\/grandepremio.com\/br\/wp-json\/wp\/v2\/media\/1000947892"}],"wp:attachment":[{"href":"https:\/\/grandepremio.com\/br\/wp-json\/wp\/v2\/media?parent=19803"}],"wp:term":[{"taxonomy":"category","embeddable":true,"href":"https:\/\/grandepremio.com\/br\/wp-json\/wp\/v2\/categories?post=19803"},{"taxonomy":"post_tag","embeddable":true,"href":"https:\/\/grandepremio.com\/br\/wp-json\/wp\/v2\/tags?post=19803"},{"taxonomy":"42wp_author","embeddable":true,"href":"https:\/\/grandepremio.com\/br\/wp-json\/wp\/v2\/42wp_author?post=19803"}],"curies":[{"name":"wp","href":"https:\/\/api.w.org\/{rel}","templated":true}]}}