{"id":19840,"date":"2025-07-17T04:30:00","date_gmt":"2025-07-17T07:30:00","guid":{"rendered":"https:\/\/grandepremio.com\/br\/noticias\/johnny-herbert-celebra-volta-lola-pistas-formula-e-promete-boas-noticias-em-breve\/"},"modified":"2025-07-16T18:19:07","modified_gmt":"2025-07-16T21:19:07","slug":"johnny-herbert-celebra-volta-lola-pistas-formula-e-promete-boas-noticias-em-breve","status":"publish","type":"post","link":"https:\/\/grandepremio.com\/br\/formula-e\/johnny-herbert-celebra-volta-lola-pistas-formula-e-promete-boas-noticias-em-breve\/","title":{"rendered":"Herbert celebra volta da Lola \u00e0s pistas na F\u00f3rmula E e promete &#8220;boas not\u00edcias&#8221; em breve"},"content":{"rendered":"\n<p class=\"wp-block-paragraph\"><strong>Johnny Herbert<\/strong>, ex-piloto de <strong>F\u00f3rmula 1<\/strong> e ex-comiss\u00e1rio da <strong>Federa\u00e7\u00e3o Internacional de Automobilismo (FIA)<\/strong>, falou sobre a nova fun\u00e7\u00e3o como <strong>embaixador global da Lola<\/strong> e revelou que a lend\u00e1ria montadora brit\u00e2nica prepara \u201cboas not\u00edcias\u201d. Falando ao site <em>RacingNews365<\/em>, destacou a satisfa\u00e7\u00e3o de trabalhar pela revitaliza\u00e7\u00e3o da marca, que retomou suas atividades em 2022 e j\u00e1 colhe frutos na F\u00f3rmula E com a parceria com a <strong>Yamaha<\/strong>.<\/p>\n\n\n\n<p class=\"wp-block-paragraph\">Herbert deixou o cargo de comiss\u00e1rio da FIA no in\u00edcio do ano ap\u00f3s a <strong><a href=\"https:\/\/www.grandepremio.com\/br\/f1\/noticias\/fia-remete-conflito-interesses-anuncia-saida-johnny-herbert-cargo-comissario\/\">entidade considerar sua atua\u00e7\u00e3o como comentarista \u201cincompat\u00edvel\u201d<\/a><\/strong> com a fun\u00e7\u00e3o no corpo diretivo. Desde ent\u00e3o, passou a trabalhar diretamente com a Lola, participando de eventos como o <strong>Festival de Goodwood<\/strong>, onde inclusive pilotou o carro da F\u00f3rmula E da equipe.<\/p>\n\n\n\n<p class=\"wp-block-paragraph\">\u201c<strong>Tem sido muito bom estar envolvido com a equipe<\/strong>. J\u00e1 vivi algumas vezes como piloto, ent\u00e3o entendo como as coisas funcionam por dentro. A Lola, valor hist\u00f3rico e sucesso passado, <strong>\u00e9 um daqueles nomes que todo mundo sentiu falta<\/strong>. Foi maravilhoso em Goodwood ver como as pessoas ainda t\u00eam carinho e mem\u00f3ria da Lola\u201d, afirmou.<\/p>\n\n\n\n<p class=\"wp-block-paragraph\">Fundada em 1958 por Eric Broadley, a Lola j\u00e1 competiu na <strong>F1<\/strong>, <strong>Indy<\/strong>, nas <strong>24 Horas de Le Mans<\/strong> e outras categorias de endurance antes de fechar as portas em 2012. Dez anos depois, a marca foi adquirida por <strong>Till Bechtolsheimer<\/strong> e reativada. J\u00e1 em sua temporada de estreia na F\u00f3rmula E, <strong><a href=\"https:\/\/www.grandepremio.com\/br\/formula-e\/noticias\/lucas-di-grassi-primeiro-podio-lola-cenario-internacional-desde-f3000-1988\/\">conquistou um p\u00f3dio com Lucas di Grassi em Miami<\/a><\/strong>.<\/p>\n\n\n\n\n\n\n\n<p class=\"wp-block-paragraph\">Herbert, que trabalhou com a Lola na Indy no in\u00edcio dos anos 2000, refor\u00e7ou o orgulho de ver a montadora se reerguendo e prometeu novidades.<\/p>\n\n\n\n<p class=\"wp-block-paragraph\">\u201cPara mim, especialmente por ver Nigel Mansell ser campe\u00e3o com a Lola nos Estados Unidos, pelo sucesso em Le Mans com o T70, <strong>\u00e9 muito bom ver esse nome de volta<\/strong>. E agora, na F\u00f3rmula E, fazendo um bom trabalho, <strong>conseguindo um p\u00f3dio logo na primeira temporada<\/strong> com Lucas\u201d, celebrou.<\/p>\n\n\n\n<p class=\"wp-block-paragraph\">\u201cA Lola est\u00e1 avan\u00e7ando de forma positiva. A parceria com a Yamaha \u00e9 muito importante, mas h\u00e1 muitas coisas planejadas para o futuro. <strong>Boas not\u00edcias vir\u00e3o muito em breve<\/strong>\u201d, concluiu.<\/p>\n\n\n\n<p class=\"wp-block-paragraph\">A&nbsp;<a href=\"https:\/\/www.grandepremio.com\/br\/formula-e\/\" target=\"_blank\" rel=\"noreferrer noopener\"><\/a><a href=\"https:\/\/www.grandepremio.com\/br\/formula-e\/\" target=\"_blank\" rel=\"noreferrer noopener\">F\u00f3rmula E<\/a>&nbsp;parte para a \u00faltima etapa da temporada 2024\/25. Entre os dias&nbsp;<strong>25 e 27 de julho<\/strong>, a categoria volta para casa e disputa o&nbsp;<strong>eP de&nbsp;<a href=\"https:\/\/www.grandepremio.com\/br\/circuito\/londres\/\" target=\"_blank\" rel=\"noreferrer noopener\">Londres<\/a><\/strong>, que deve ser o pen\u00faltimo na&nbsp;<strong>ExCel Arena<\/strong>. O&nbsp;<strong>GRANDE PR\u00caMIO<\/strong>&nbsp;transmite todas as atividades de pista&nbsp;<strong>AO VIVO<\/strong>&nbsp;e&nbsp;<strong>COM IMAGENS<\/strong>&nbsp;no&nbsp;<strong>YouTube&nbsp;<\/strong>e no&nbsp;<strong>Kwai<\/strong>.<\/p>\n\n\n\n<p class=\"wp-block-paragraph\"><strong>\u25b6\ufe0f&nbsp;Inscreva-se nos dois canais do GRANDE PR\u00caMIO no YouTube:&nbsp;<a href=\"https:\/\/www.youtube.com\/channel\/UC9OlHEgxoaY6QY6nWPoiqQg?sub_confirmation=1\" target=\"_blank\" rel=\"noreferrer noopener\">GP<\/a>&nbsp;|&nbsp;<a href=\"https:\/\/www.youtube.com\/channel\/UC9csiS6q_C3C0FYhyr1rnFA?sub_confirmation=1\" target=\"_blank\" rel=\"noreferrer noopener\">GP2<\/a><\/strong><\/p>\n\n\n\n<figure class=\"wp-block-embed is-type-video is-provider-youtube wp-block-embed-youtube wp-embed-aspect-16-9 wp-has-aspect-ratio\"><div class=\"wp-block-embed__wrapper\">\n<iframe loading=\"lazy\" title=\"ROWLAND \u00c9 CAMPE\u00c3O MUNDIAL COM VERDADEIRA JORNADA DO HER\u00d3I NA F\u00d3RMULA E\" width=\"500\" height=\"281\" src=\"https:\/\/www.youtube.com\/embed\/Ukxg3EoKiss?feature=oembed\" frameborder=\"0\" allow=\"accelerometer; autoplay; clipboard-write; encrypted-media; gyroscope; picture-in-picture; web-share\" referrerpolicy=\"strict-origin-when-cross-origin\" allowfullscreen><\/iframe>\n<\/div><\/figure>\n","protected":false},"excerpt":{"rendered":"<p>Johnny Herbert destacou valor hist\u00f3rico da Lola e primeira temporada promissora na F\u00f3rmula E, com p\u00f3dio em Miami. Ex-piloto atua como embaixador da montadora desde o in\u00edcio do ano<\/p>\n","protected":false},"author":0,"featured_media":1000992736,"comment_status":"closed","ping_status":"closed","sticky":false,"template":"","format":"standard","meta":{"42wp_featured_image_caption":"","42wp_featured_image_credits":"","42wp_featured_video":"","42wp_featured_image_hidden":false,"42wp_authors_list":[],"footnotes":""},"categories":[19],"tags":[28679,6853,180,840,38802,1491,28285,35442,93,3434,39730,36219,41542],"42wp_author":[47164],"class_list":["post-19840","post","type-post","status-publish","format-standard","has-post-thumbnail","hentry","category-formula-e","tag-calendario-formula-e","tag-classificacao-formula-e","tag-formula-1","tag-formula-e","tag-formula-e-2025","tag-grande-premio","tag-grandepremio","tag-horarios-formula-e","tag-indy","tag-johnny-herbert","tag-lola-yamaha","tag-onde-assistir-formula-e","tag-temporada-2025-da-formula-e","42wp_author-marcos-gil-ribeiro"],"_links":{"self":[{"href":"https:\/\/grandepremio.com\/br\/wp-json\/wp\/v2\/posts\/19840","targetHints":{"allow":["GET"]}}],"collection":[{"href":"https:\/\/grandepremio.com\/br\/wp-json\/wp\/v2\/posts"}],"about":[{"href":"https:\/\/grandepremio.com\/br\/wp-json\/wp\/v2\/types\/post"}],"replies":[{"embeddable":true,"href":"https:\/\/grandepremio.com\/br\/wp-json\/wp\/v2\/comments?post=19840"}],"version-history":[{"count":0,"href":"https:\/\/grandepremio.com\/br\/wp-json\/wp\/v2\/posts\/19840\/revisions"}],"wp:featuredmedia":[{"embeddable":true,"href":"https:\/\/grandepremio.com\/br\/wp-json\/wp\/v2\/media\/1000992736"}],"wp:attachment":[{"href":"https:\/\/grandepremio.com\/br\/wp-json\/wp\/v2\/media?parent=19840"}],"wp:term":[{"taxonomy":"category","embeddable":true,"href":"https:\/\/grandepremio.com\/br\/wp-json\/wp\/v2\/categories?post=19840"},{"taxonomy":"post_tag","embeddable":true,"href":"https:\/\/grandepremio.com\/br\/wp-json\/wp\/v2\/tags?post=19840"},{"taxonomy":"42wp_author","embeddable":true,"href":"https:\/\/grandepremio.com\/br\/wp-json\/wp\/v2\/42wp_author?post=19840"}],"curies":[{"name":"wp","href":"https:\/\/api.w.org\/{rel}","templated":true}]}}