{"id":19850,"date":"2025-07-16T13:46:33","date_gmt":"2025-07-16T16:46:33","guid":{"rendered":"https:\/\/grandepremio.com\/br\/noticias\/oliver-rowland-admite-peso-ombros-por-titulo-revela-quase-chorei-antes-largada\/"},"modified":"2025-07-16T14:34:11","modified_gmt":"2025-07-16T17:34:11","slug":"oliver-rowland-admite-peso-ombros-por-titulo-revela-quase-chorei-antes-largada","status":"publish","type":"post","link":"https:\/\/grandepremio.com\/br\/formula-e\/oliver-rowland-admite-peso-ombros-por-titulo-revela-quase-chorei-antes-largada\/","title":{"rendered":"Rowland admite &#8220;peso nos ombros&#8221; por t\u00edtulo e revela: &#8220;Quase chorei antes da largada&#8221;"},"content":{"rendered":"\n<p class=\"wp-block-paragraph\"><strong>Oliver Rowland<\/strong> revelou ter vivido verdadeiro &#8216;inferno emocional&#8217; antes da segunda corrida do eP de Berlim, que <strong><a href=\"https:\/\/www.grandepremio.com\/br\/formula-e\/noticias\/oliver-rowland-leva-titulo-formula-e-berlim-nick-cassidy-vence-felipe-drugovich-pontua\/\">sacramentou seu primeiro t\u00edtulo mundial na F\u00f3rmula E<\/a><\/strong>. Ap\u00f3s um s\u00e1bado desastroso, com abandono e p\u00f3dio de <strong>Pascal Wehrlein<\/strong> \u2014 al\u00e9m da pole do alem\u00e3o no domingo \u2014, admitiu que chegou a sentir que <strong>poderia chorar antes mesmo da largada<\/strong>.<\/p>\n\n\n\n<p class=\"wp-block-paragraph\">Rowland entrou na rodada dupla da Alemanha com <strong>69 pontos<\/strong> de vantagem sobre o rival da Porsche, mas viu a diferen\u00e7a cair para 50 ap\u00f3s a corrida de s\u00e1bado e para 47 ap\u00f3s a classifica\u00e7\u00e3o do domingo. Naquele momento, temia chegar ao <strong>eP de Londres<\/strong>, etapa final do campeonato, com vantagem muito menor.<\/p>\n\n\n\n<p class=\"wp-block-paragraph\">&#8220;No meu pensamento, j\u00e1 ia para Londres com 23 pontos de vantagem. Foi assim que encarei a corrida antes da largada. <strong>Estava nervoso e me sentindo p\u00e9ssimo<\/strong>. Parecia que ia chorar a qualquer momento&#8221;, contou ao site neerland\u00eas <em>RacingNews365<\/em>.<\/p>\n\n\n\n<p class=\"wp-block-paragraph\">O brit\u00e2nico contou que, para superar a tens\u00e3o, usou uma estrat\u00e9gia simples: <strong>acelerar o cora\u00e7\u00e3o<\/strong> com bastante a\u00e7\u00e3o antes da largada.<\/p>\n\n\n\n<figure class=\"wp-block-image size-large\"><img decoding=\"async\" src=\"https:\/\/www.grandepremio.com\/br\/wp-content\/uploads\/2025\/07\/SG1_6000_V00GOXh6_20250713052210-2048x2048-1-1200x800.jpg\" alt=\"\" class=\"wp-image-992497\"\/><figcaption class=\"wp-element-caption\">A festa de Oliver Rowland e da Nissan pelo t\u00edtulo mundial (Foto: F\u00f3rmula E)<\/figcaption><\/figure>\n\n\n\n<p class=\"wp-block-paragraph\">&#8220;Na volta para o grid, <strong>fiz bastante movimentos para aquecer os pneus<\/strong> e comecei a me sentir muito melhor. <strong>Cheguei cansado no grid e, de repente, j\u00e1 estava mais calmo<\/strong>. A partir da\u00ed, fiquei tranquilo para correr&#8221;, revelou.<\/p>\n\n\n\n<p class=\"wp-block-paragraph\">Apesar do nervosismo, Rowland conseguiu se recompor e fez uma corrida s\u00f3lida, terminando em quarto lugar, enquanto Wehrlein despencou para 16\u00ba. O resultado garantiu o t\u00edtulo de forma antecipada e aliviou toda a press\u00e3o que o brit\u00e2nico carregava.<\/p>\n\n\n\n<p class=\"wp-block-paragraph\">&#8220;Ainda n\u00e3o caiu a ficha, mas j\u00e1 me sinto aliviado. <strong>Sentia muito peso nos ombros<\/strong> antes da corrida, porque Pascal estava em grande forma. J\u00e1 estava ficando preocupado, mas no fim deu tudo certo&#8221;, concluiu.<\/p>\n\n\n\n<p class=\"wp-block-paragraph\">A&nbsp;<a href=\"https:\/\/www.grandepremio.com\/br\/formula-e\/\" target=\"_blank\" rel=\"noreferrer noopener\"><\/a><a href=\"https:\/\/www.grandepremio.com\/br\/formula-e\/\" target=\"_blank\" rel=\"noreferrer noopener\">F\u00f3rmula E<\/a>&nbsp;parte para a \u00faltima etapa da temporada 2024\/25. Entre os dias&nbsp;<strong>25 e 27 de julho<\/strong>, a categoria volta para casa e disputa o&nbsp;<strong>eP de&nbsp;<a href=\"https:\/\/www.grandepremio.com\/br\/circuito\/londres\/\" target=\"_blank\" rel=\"noreferrer noopener\">Londres<\/a><\/strong>, que deve ser o pen\u00faltimo na&nbsp;<strong>ExCel Arena<\/strong>. O&nbsp;<strong>GRANDE PR\u00caMIO<\/strong>&nbsp;transmite todas as atividades de pista&nbsp;<strong>AO VIVO<\/strong>&nbsp;e&nbsp;<strong>COM IMAGENS<\/strong>&nbsp;no&nbsp;<strong>YouTube&nbsp;<\/strong>e no&nbsp;<strong>Kwai<\/strong>.<\/p>\n\n\n\n<p class=\"wp-block-paragraph\"><strong>\u25b6\ufe0f&nbsp;Inscreva-se nos dois canais do GRANDE PR\u00caMIO no YouTube:&nbsp;<a href=\"https:\/\/www.youtube.com\/channel\/UC9OlHEgxoaY6QY6nWPoiqQg?sub_confirmation=1\" target=\"_blank\" rel=\"noreferrer noopener\">GP<\/a>&nbsp;|&nbsp;<a href=\"https:\/\/www.youtube.com\/channel\/UC9csiS6q_C3C0FYhyr1rnFA?sub_confirmation=1\" target=\"_blank\" rel=\"noreferrer noopener\">GP2<\/a><\/strong><\/p>\n\n\n\n<figure class=\"wp-block-embed is-type-video is-provider-youtube wp-block-embed-youtube wp-embed-aspect-16-9 wp-has-aspect-ratio\"><div class=\"wp-block-embed__wrapper\">\n<iframe loading=\"lazy\" title=\"ROWLAND \u00c9 CAMPE\u00c3O MUNDIAL COM VERDADEIRA JORNADA DO HER\u00d3I NA F\u00d3RMULA E\" width=\"500\" height=\"281\" src=\"https:\/\/www.youtube.com\/embed\/Ukxg3EoKiss?feature=oembed\" frameborder=\"0\" allow=\"accelerometer; autoplay; clipboard-write; encrypted-media; gyroscope; picture-in-picture; web-share\" referrerpolicy=\"strict-origin-when-cross-origin\" allowfullscreen><\/iframe>\n<\/div><\/figure>\n","protected":false},"excerpt":{"rendered":"<p>Oliver Rowland temia ver vantagem cair drasticamente ap\u00f3s Pascal Wehrlein subir ao p\u00f3dio no s\u00e1bado e fazer a pole-position no domingo em Berlim<\/p>\n","protected":false},"author":0,"featured_media":1000991980,"comment_status":"closed","ping_status":"closed","sticky":false,"template":"","format":"standard","meta":{"42wp_featured_image_caption":"","42wp_featured_image_credits":"","42wp_featured_video":"","42wp_featured_image_hidden":false,"42wp_authors_list":[],"footnotes":""},"categories":[19],"tags":[28679,6853,4981,840,38802,1491,28285,35442,894,965,36219,1194,736,41542],"42wp_author":[47164],"class_list":["post-19850","post","type-post","status-publish","format-standard","has-post-thumbnail","hentry","category-formula-e","tag-calendario-formula-e","tag-classificacao-formula-e","tag-ep-de-berlim","tag-formula-e","tag-formula-e-2025","tag-grande-premio","tag-grandepremio","tag-horarios-formula-e","tag-nissan","tag-oliver-rowland","tag-onde-assistir-formula-e","tag-pascal-wehrlein","tag-porsche","tag-temporada-2025-da-formula-e","42wp_author-marcos-gil-ribeiro"],"_links":{"self":[{"href":"https:\/\/grandepremio.com\/br\/wp-json\/wp\/v2\/posts\/19850","targetHints":{"allow":["GET"]}}],"collection":[{"href":"https:\/\/grandepremio.com\/br\/wp-json\/wp\/v2\/posts"}],"about":[{"href":"https:\/\/grandepremio.com\/br\/wp-json\/wp\/v2\/types\/post"}],"replies":[{"embeddable":true,"href":"https:\/\/grandepremio.com\/br\/wp-json\/wp\/v2\/comments?post=19850"}],"version-history":[{"count":0,"href":"https:\/\/grandepremio.com\/br\/wp-json\/wp\/v2\/posts\/19850\/revisions"}],"wp:featuredmedia":[{"embeddable":true,"href":"https:\/\/grandepremio.com\/br\/wp-json\/wp\/v2\/media\/1000991980"}],"wp:attachment":[{"href":"https:\/\/grandepremio.com\/br\/wp-json\/wp\/v2\/media?parent=19850"}],"wp:term":[{"taxonomy":"category","embeddable":true,"href":"https:\/\/grandepremio.com\/br\/wp-json\/wp\/v2\/categories?post=19850"},{"taxonomy":"post_tag","embeddable":true,"href":"https:\/\/grandepremio.com\/br\/wp-json\/wp\/v2\/tags?post=19850"},{"taxonomy":"42wp_author","embeddable":true,"href":"https:\/\/grandepremio.com\/br\/wp-json\/wp\/v2\/42wp_author?post=19850"}],"curies":[{"name":"wp","href":"https:\/\/api.w.org\/{rel}","templated":true}]}}