{"id":19871,"date":"2025-07-16T04:30:00","date_gmt":"2025-07-16T07:30:00","guid":{"rendered":"https:\/\/grandepremio.com\/br\/noticias\/chance-ser-visto-gabriele-mini-celebra-sucesso-nissan-teste-novatos-formula-e\/"},"modified":"2025-07-16T17:59:30","modified_gmt":"2025-07-16T20:59:30","slug":"chance-ser-visto-gabriele-mini-celebra-sucesso-nissan-teste-novatos-formula-e","status":"publish","type":"post","link":"https:\/\/grandepremio.com\/br\/formula-e\/chance-ser-visto-gabriele-mini-celebra-sucesso-nissan-teste-novatos-formula-e\/","title":{"rendered":"&#8220;Chance de ser visto&#8221;: Min\u00ec celebra sucesso com Nissan em Teste de Novatos da F\u00f3rmula E"},"content":{"rendered":"\n<p class=\"wp-block-paragraph\">Ap\u00f3s o <strong><a href=\"https:\/\/www.grandepremio.com\/br\/formula-e\/noticias\/oliver-rowland-leva-titulo-formula-e-berlim-nick-cassidy-vence-felipe-drugovich-pontua\/\">encerramento do eP de Berlim com a confirma\u00e7\u00e3o do t\u00edtulo<\/a><\/strong> mundial de <strong>Oliver Rowland<\/strong>, a <strong>Nissan<\/strong> ainda comemorou o dom\u00ednio completo de <strong>Gabriele Min\u00ec<\/strong> no <strong><a href=\"https:\/\/www.grandepremio.com\/br\/formula-e\/noticias\/gabriele-mini-vantagem-teste-novatos-formula-e-1o-lugar-berlim\/\">Teste de Novatos realizado na \u00faltima segunda-feira<\/a><\/strong> (14). O jovem italiano, l\u00edder nos dois turnos de atividades, deixou a pista bem contente por considerar que atingiu tudo que esperava e por se mostrar numa plataforma de grande alcance como a <strong>F\u00f3rmula E<\/strong>.<\/p>\n\n\n\n<p class=\"wp-block-paragraph\">Min\u00ec liderou tanto <strong><a href=\"https:\/\/www.grandepremio.com\/br\/formula-e\/noticias\/gabriele-mini-vence-duelo-kush-maini-berlim-lidera-manha-teste-novatos-formula-e\/\">a sess\u00e3o da manh\u00e3<\/a><\/strong>, seguido por <strong>Kush Maini<\/strong>, quanto a da tarde, quando <strong>Ayhancan G\u00fcven<\/strong> foi o segundo mais veloz. Mas foi o piloto vestindo as cores da Nissan quem teve as melhores voltas tanto com uso padr\u00e3o de bateria, quanto com a pot\u00eancia de classifica\u00e7\u00e3o e Modo Ataque.<\/p>\n\n\n\n<p class=\"wp-block-paragraph\">O suficiente para sair extremamente contente e aproveitar para elogiar a Nissan pelo t\u00edtulo, algo que garantiu saber que iria acontecer desde o ano passado, quando <strong><a href=\"https:\/\/www.grandepremio.com\/br\/formula-e\/noticias\/robert-shwartzman-lidera-teste-novatos-formula-e-berlim-felipe-drugovich-4o\/\">fez o Teste de Novatos anterior<\/a><\/strong>.<\/p>\n\n\n\n<p class=\"wp-block-paragraph\">&#8220;N\u00e3o foi a primeira vez que eu trabalhei com a Nissan na F\u00f3rmula E. Desde o come\u00e7o, j\u00e1 fomos bastante r\u00e1pidos. Lideramos a manh\u00e3 e a tarde, tanto nas voltas feitas a 300 kW quanto nas de 350 kW, ent\u00e3o foi um bom trabalho. Os objetivos eram mostrar velocidade e entregar \u00e0 equipe o melhor feedback poss\u00edvel. Creio que ambas foram alcan\u00e7adas, o que me deixa satisfeito&#8221;, afirmou.<\/p>\n\n\n\n<figure class=\"wp-block-image size-large\"><img decoding=\"async\" src=\"https:\/\/www.grandepremio.com\/br\/wp-content\/uploads\/2025\/07\/SMG_4451_nE2yNPqw_20250213040559-2048x2048-1-1200x799.jpg\" alt=\"\" class=\"wp-image-992225\"\/><figcaption class=\"wp-element-caption\">Gabriele Min\u00ec dominou os trabalhos dos novatos (Foto: F\u00f3rmula E)<\/figcaption><\/figure>\n\n\n\n<p class=\"wp-block-paragraph\">&#8220;Era uma quest\u00e3o de tempo [para que fossem campe\u00f5es]. A equipe tem trabalhado muito bem e Oli [Rowland] foi incr\u00edvel. Mesmo ano passado, quando eu cheguei aqui pela primeira vez, sabia que era uma quest\u00e3o de tempo e uma hora ou outra esse dia iria chegar. \u00c9 mais especial [a chance de andar com o carro] vindo de um dia como ontem, com a conquista do t\u00edtulo e tantas emo\u00e7\u00f5es fortes, mas hoje j\u00e1 foi dia de voltar ao trabalho&#8221;, continuou.<\/p>\n\n\n\n<p class=\"wp-block-paragraph\">\u00c9 fundamental tamb\u00e9m para que seja percebido como um nome de muito valor no meio de jovens pilotos que buscam competi\u00e7\u00e3o em grids fortes. Atualmente na F2, ainda sonha com a F1, mas a F\u00f3rmula E \u00e9 uma possibilidade para o futuro.<\/p>\n\n\n\n<p class=\"wp-block-paragraph\">&#8220;Colhemos muitos dados para a equipe e tentamos muitos ajustes diferentes, para falar a verdade, e tamb\u00e9m fomos atr\u00e1s de performance. Como eu disse, a equipe ficou com muitas informa\u00e7\u00f5es, porque a sess\u00e3o foi bem consistente. Mesmo na tarde, acho que dei tr\u00eas voltas que seriam suficientes para liderar, dentro das quatro que fiz [com pot\u00eancia de classifica\u00e7\u00e3o]. Ajuda muito, at\u00e9 para mim, enquanto piloto, ser visto, e tamb\u00e9m a equipe&#8221;, seguiu.<\/p>\n\n\n\n<p class=\"wp-block-paragraph\">&#8220;\u00c9 sempre bom aprender coisas novas, acho que \u00e9 uma oportunidade de mostrar a velocidade que tem e quanta ajuda pode oferecer. Esses Testes de Novatos, de certa maneira, tamb\u00e9m servem para testar pilotos que podem fazer parte da categoria no futuro. No momento, meu foco est\u00e1 em obter sucesso na F2, mas se n\u00e3o der certo, h\u00e1 outros caminhos. Esse \u00e9 um deles. Ser\u00e1 uma grande oportunidade [um dia estar na F\u00f3rmula E], mas por enquanto minha meta \u00e9 sucesso na F2 e tentar chegar \u00e0 F1&#8221;, finalizou.<\/p>\n\n\n\n<p class=\"wp-block-paragraph\">Min\u00ec ocupa atualmente o 14\u00ba lugar do campeonato 2025 da F2, onde atua pela Prema, e tem somente um p\u00f3dio. Entretanto, no teste da F\u00f3rmula E, deixou para tr\u00e1s rivais que brigam pelo t\u00edtulo da F2. \u00c9 o caso de <strong>Jak Crawford, Alex Dunne e Leonardo Fornaroli<\/strong>, segundo, terceiro e quarto colocados na temporada e que andaram, respectivamente, por <strong>Andretti, McLaren e Jaguar<\/strong>.<\/p>\n\n\n\n<p class=\"wp-block-paragraph\">A&nbsp;<a href=\"https:\/\/www.grandepremio.com\/br\/formula-e\/\" target=\"_blank\" rel=\"noreferrer noopener\">F\u00f3rmula E<\/a>&nbsp;parte para a \u00faltima etapa da temporada 2024\/25. Entre os dias&nbsp;<strong>25 e 27 de julho<\/strong>, a categoria volta para casa e disputa o&nbsp;<strong>eP de&nbsp;<a href=\"https:\/\/www.grandepremio.com\/br\/circuito\/londres\/\" target=\"_blank\" rel=\"noreferrer noopener\">Londres<\/a><\/strong>, que deve ser o pen\u00faltimo na&nbsp;<strong>ExCel Arena<\/strong>. O&nbsp;<strong>GRANDE PR\u00caMIO<\/strong>&nbsp;transmite todas as atividades de pista&nbsp;<strong>AO VIVO<\/strong>&nbsp;e&nbsp;<strong>COM IMAGENS<\/strong>&nbsp;no&nbsp;<strong>YouTube&nbsp;<\/strong>e no&nbsp;<strong>Kwai<\/strong>.<\/p>\n\n\n\n<figure class=\"wp-block-embed is-type-video is-provider-youtube wp-block-embed-youtube wp-embed-aspect-16-9 wp-has-aspect-ratio\"><div class=\"wp-block-embed__wrapper\">\n<iframe loading=\"lazy\" title=\"eP DE BERLIM | F\u00d3RMULA E 2024\/2025 AO VIVO E COM FELIPE DRUGOVICH | CORRIDA 2 | 14\u00aa ETAPA\" width=\"500\" height=\"281\" src=\"https:\/\/www.youtube.com\/embed\/pWi5xTjhJCw?feature=oembed\" frameborder=\"0\" allow=\"accelerometer; autoplay; clipboard-write; encrypted-media; gyroscope; picture-in-picture; web-share\" referrerpolicy=\"strict-origin-when-cross-origin\" allowfullscreen><\/iframe>\n<\/div><figcaption class=\"wp-element-caption\">eP DE BERLIM | F\u00d3RMULA E 2024\/2025 AO VIVO E COM IMAGENS | CORRIDA 2 | 14\u00aa ETAPA<\/figcaption><\/figure>\n","protected":false},"excerpt":{"rendered":"<p>Gabriele Min\u00ec, l\u00edder com louvor do dia de Teste de Novatos da F\u00f3rmula E em Berlim, saiu muito contente com o que alcan\u00e7ou<\/p>\n","protected":false},"author":0,"featured_media":1000992227,"comment_status":"closed","ping_status":"closed","sticky":false,"template":"","format":"standard","meta":{"42wp_featured_image_caption":"","42wp_featured_image_credits":"","42wp_featured_video":"","42wp_featured_image_hidden":false,"42wp_authors_list":[],"footnotes":""},"categories":[19],"tags":[5660,44110,4981,38802,44109,34647,39464,39341,37545,33841,41655,28373,36219,6809],"42wp_author":[47142,47120],"class_list":["post-19871","post","type-post","status-publish","format-standard","has-post-thumbnail","hentry","category-formula-e","tag-classificacao","tag-ep-berlin","tag-ep-de-berlim","tag-formula-e-2025","tag-formula-e-alemanha","tag-formula-e-ao-vivo","tag-formula-e-berlim","tag-formula-e-berlin","tag-formula-e-live","tag-formula-e-no-grande-premio","tag-formula-e-tv-2025","tag-gabriele-mini","tag-onde-assistir-formula-e","tag-teste-de-novatos","42wp_author-jp-nascimento","42wp_author-pedro-henrique-marum"],"_links":{"self":[{"href":"https:\/\/grandepremio.com\/br\/wp-json\/wp\/v2\/posts\/19871","targetHints":{"allow":["GET"]}}],"collection":[{"href":"https:\/\/grandepremio.com\/br\/wp-json\/wp\/v2\/posts"}],"about":[{"href":"https:\/\/grandepremio.com\/br\/wp-json\/wp\/v2\/types\/post"}],"replies":[{"embeddable":true,"href":"https:\/\/grandepremio.com\/br\/wp-json\/wp\/v2\/comments?post=19871"}],"version-history":[{"count":0,"href":"https:\/\/grandepremio.com\/br\/wp-json\/wp\/v2\/posts\/19871\/revisions"}],"wp:featuredmedia":[{"embeddable":true,"href":"https:\/\/grandepremio.com\/br\/wp-json\/wp\/v2\/media\/1000992227"}],"wp:attachment":[{"href":"https:\/\/grandepremio.com\/br\/wp-json\/wp\/v2\/media?parent=19871"}],"wp:term":[{"taxonomy":"category","embeddable":true,"href":"https:\/\/grandepremio.com\/br\/wp-json\/wp\/v2\/categories?post=19871"},{"taxonomy":"post_tag","embeddable":true,"href":"https:\/\/grandepremio.com\/br\/wp-json\/wp\/v2\/tags?post=19871"},{"taxonomy":"42wp_author","embeddable":true,"href":"https:\/\/grandepremio.com\/br\/wp-json\/wp\/v2\/42wp_author?post=19871"}],"curies":[{"name":"wp","href":"https:\/\/api.w.org\/{rel}","templated":true}]}}