{"id":19899,"date":"2025-07-15T05:15:00","date_gmt":"2025-07-15T08:15:00","guid":{"rendered":"https:\/\/grandepremio.com\/br\/noticias\/5-coisas-aprendemos-gp-alemanha-11a-etapa-motogp-2025\/"},"modified":"2025-07-15T18:14:13","modified_gmt":"2025-07-15T21:14:13","slug":"5-coisas-aprendemos-gp-alemanha-11a-etapa-motogp-2025","status":"publish","type":"post","link":"https:\/\/grandepremio.com\/br\/motogp\/5-coisas-aprendemos-gp-alemanha-11a-etapa-motogp-2025\/","title":{"rendered":"5 coisas que aprendemos com o GP da Alemanha, 11\u00aa etapa da MotoGP 2025"},"content":{"rendered":"\n<p class=\"wp-block-paragraph\">A <a href=\"https:\/\/www.grandepremio.com\/br\/motogp\/noticias\/marc-marquez-confirma-dominio-vence-gp-da-alemanha-recheado-abandonos\/\">11\u00aa etapa da temporada <strong>2025 <\/strong>da <strong>MotoGP<\/strong><\/a><strong> <\/strong>serviu justamente o que era esperado dela: vit\u00f3ria de <strong>Marc M\u00e1rquez<\/strong>. \u2018Rei de <strong>Sachsenring<\/strong>\u2019 n\u00e3o \u00e9 de hoje, o espanhol assegurou a nona vit\u00f3ria no tra\u00e7ado na classe rainha do <strong>Mundial de Motovelocidade <\/strong>e <a href=\"https:\/\/www.grandepremio.com\/br\/motogp\/noticias\/marc-marquez-se-torna-2o-maior-vencedor-motogp-triunfo-alemanha\/\">ainda superou <strong>Giacomo Agostini <\/strong>para ser o segundo piloto com mais vit\u00f3rias na elite do campeonato<\/a>.<\/p>\n\n\n\n<p class=\"wp-block-paragraph\">O mais velho dos M\u00e1rquez, contudo, n\u00e3o foi o \u00fanico a chamar a aten\u00e7\u00e3o na Alemanha. A <strong>Aprilia <\/strong>mostrou for\u00e7a com <strong>Marco Bezzecchi<\/strong>, enquanto a <strong>Yamaha<\/strong>, mesmo com bom resultado, saiu repleta de problemas.<\/p>\n\n\n\n<p class=\"wp-block-paragraph\">O <strong>GRANDE PR\u00caMIO <\/strong>traz os principais aprendizados do \u00faltimo domingo.<\/p>\n\n\n\n<p class=\"wp-block-paragraph\">A&nbsp;<strong><a href=\"https:\/\/grandepremio.com\/motovelocidade\/\" target=\"_blank\" rel=\"noreferrer noopener\">MotoGP<\/a><\/strong>&nbsp;volta a acelerar entre os dias 18 e 20 de julho, com o&nbsp;<strong>GP da Tch\u00e9quia<\/strong>, direto de&nbsp;<strong><a href=\"https:\/\/www.grandepremio.com\/br\/circuito\/brno\/\" target=\"_blank\" rel=\"noreferrer noopener\">Brno<\/a><\/strong>, 12\u00aa etapa da temporada 2025. O&nbsp;<strong>GRANDE PR\u00caMIO&nbsp;<\/strong>faz a cobertura completa do evento, assim como das outras classes do&nbsp;<strong>Mundial de&nbsp;<a href=\"https:\/\/www.grandepremio.com\/motovelocidade\/\">Motovelocidade<\/a><\/strong><a href=\"https:\/\/www.grandepremio.com\/motovelocidade\/\">&nbsp;<\/a>durante todo o ano.<\/p>\n\n\n\n<figure class=\"wp-block-image size-full\"><img decoding=\"async\" src=\"https:\/\/www.grandepremio.com\/br\/wp-content\/uploads\/2025\/07\/AFP__20250713__66MW6QM__v1__MidRes__MotoPrixGer-1.jpg\" alt=\"\" class=\"wp-image-991882\"\/><figcaption class=\"wp-element-caption\">Marc M\u00e1rquez reinou absoluto em Sachsenring (Foto: AFP)<\/figcaption><\/figure>\n\n\n\n<p class=\"wp-block-paragraph\"><strong>\u25b6\ufe0f&nbsp;Inscreva-se nos dois canais do GRANDE PR\u00caMIO no YouTube:&nbsp;<a href=\"https:\/\/www.youtube.com\/channel\/UC9OlHEgxoaY6QY6nWPoiqQg?sub_confirmation=1\" target=\"_blank\" rel=\"noreferrer noopener\">GP<\/a>&nbsp;|&nbsp;<a href=\"https:\/\/www.youtube.com\/channel\/UC9csiS6q_C3C0FYhyr1rnFA?sub_confirmation=1\" target=\"_blank\" rel=\"noreferrer noopener\">GP2<\/a><\/strong><\/p>\n\n\n\n<h3 class=\"wp-block-heading\" id=\"h-quem-e-rei-nunca-perde-a-majestade\">Quem \u00e9 rei nunca perde a majestade<\/h3>\n\n\n\n<p class=\"wp-block-paragraph\">Marc M\u00e1rquez reinou soberano em Sachsenring entre <strong>2013 <\/strong>e <strong>2019<\/strong>, voltou a venceu a vencer em <strong>2021 <\/strong>e viajou para a etapa deste fim de semana como franco favorito. E n\u00e3o deu outra. O <strong>#93<\/strong> faturou a s\u00e9tima pole do ano, venceu a sprint pela d\u00e9cima vez em <strong>2025 <\/strong>e garantiu uma vit\u00f3ria dominante \u2014 a s\u00e9tima do ano.<\/p>\n\n\n\n<h3 class=\"wp-block-heading\" id=\"h-aprilia-cresce-mas-mantem-flerte-com-rebaixamento\">Aprilia cresce, mas mant\u00e9m flerte com rebaixamento<\/h3>\n\n\n\n<p class=\"wp-block-paragraph\">Por mais estranho que possa parecer, uma vez que se trata da vice-l\u00edder do <strong>Mundial de Construtores<\/strong>, a Aprilia iniciou o fim de semana na Alemanha com uma tarefa: somar 26 pontos at\u00e9 o fim do GP da <strong>Tch\u00e9quia <\/strong>ou cair do grupo C para o D no ranking das concess\u00f5es.<\/p>\n\n\n\n<p class=\"wp-block-paragraph\">Na corrida sprint, <strong>Marco Bezzecchi <\/strong>mostrou boa forma no molhado e, no seco, vinha fazendo uma boa corrida, mas caiu e n\u00e3o completou. No entanto, o festival de abandonos permitiu que <strong>Ra\u00fal Fern\u00e1ndez <\/strong>somasse mais 7 pontos na conta da marca. Assim, a casa de <strong>Noale <\/strong>precisa de mais 10 pontos em <strong>Brno <\/strong>para se manter \u00e0 frente de Yamaha e Honda no ranking das benesses regulamentares.<\/p>\n\n\n\n<h3 class=\"wp-block-heading\" id=\"h-sinais-de-crise-na-yamaha\">Sinais de crise na Yamaha<\/h3>\n\n\n\n<p class=\"wp-block-paragraph\">A temporada 2025 vem mostrando uma Yamaha mais competitiva, mas o crescimento da <strong>YZR-M1 <\/strong>ainda est\u00e1 longe de ser o necess\u00e1rio. Irritado, <strong>Fabio Quartararo <\/strong>voltou a amea\u00e7ar pular do barco e deixou evidente a insatisfa\u00e7\u00e3o com a performance.<\/p>\n\n\n\n<p class=\"wp-block-paragraph\">Para piorar, <strong>\u00c1lex Rins <\/strong>teve uma atua\u00e7\u00e3o terr\u00edvel no fim de semana e mostrou estar 100% perdido na MotoGP.<\/p>\n\n\n\n<h3 class=\"wp-block-heading\" id=\"h-abencoado-pela-sorte\">Aben\u00e7oado pela sorte<\/h3>\n\n\n\n<p class=\"wp-block-paragraph\">O GP da Alemanha foi de muitos desfalques no grid da MotoGP. Al\u00e9m de <strong>Jorge Mart\u00edn<\/strong>, que prepara o retorno em Brno, a classe rainha viu a aus\u00eancia de <strong>Somkiat Chantra <\/strong>\u2014 rec\u00e9m-operado de uma les\u00e3o no joelho \u2014, e <strong>Enea Bastianini <\/strong>\u2014 que trata uma crise de apendicite \u2014, mas ainda perdeu <strong>Maverick Vi\u00f1ales <\/strong>e <strong>Franco Morbidelli<\/strong>, que se lesionaram durante as atividades em Sachsenring. Na contram\u00e3o, <strong>Luca Marini<\/strong> retornou \u00e0 ativa.<\/p>\n\n\n\n<p class=\"wp-block-paragraph\">Al\u00e9m de um grid desfalcado, a MotoGP viu diversos abandonos, com apenas dez pilotos recebendo a bandeirada. Mesmo longe do auge da forma, Marini aproveitou as circunst\u00e2ncias e fez o m\u00e1ximo que p\u00f4de para ser sexto colocado, o melhor resultado dele com a <strong>Honda<\/strong>.<\/p>\n\n\n\n<h3 class=\"wp-block-heading\" id=\"h-hora-do-brasil\">Hora do Brasil<\/h3>\n\n\n\n<p class=\"wp-block-paragraph\">Depois de conquistar a primeira vit\u00f3ria da carreira na <strong>Moto2<\/strong>, no GP dos <strong>Pa\u00edses Baixos<\/strong>, <strong>Diogo Moreira <\/strong>deu show no GP da Alemanha, ainda que o resultado tenha sido abaixo do esperado.<\/p>\n\n\n\n<p class=\"wp-block-paragraph\">S\u00f3 25\u00ba no grid, Moreira avan\u00e7ou at\u00e9 o quarto posto, mas acabou fora da pista depois de um toque com <strong>Jake Dixon <\/strong>na briga pelo terceiro lugar e, ao voltar, errou a conta, acabou atingido por <strong>David Alonso <\/strong>e n\u00e3o completou a prova.<\/p>\n\n\n\n<p class=\"wp-block-paragraph\">Apesar do rev\u00e9s, Moreira foi um protagonista da corrida, segue vivo na briga pelo t\u00edtulo e ainda no foco das f\u00e1bricas para um salto para a MotoGP.<\/p>\n\n\n\n<figure class=\"wp-block-embed is-type-video is-provider-youtube wp-block-embed-youtube wp-embed-aspect-16-9 wp-has-aspect-ratio\"><div class=\"wp-block-embed__wrapper\">\n<iframe loading=\"lazy\" title=\"MART\u00cdN COME\u00c7A A TRILHAR CAMINHO DE VOLTA \u00c0 MOTOGP. MAS EM QUE CLIMA?\" width=\"500\" height=\"281\" src=\"https:\/\/www.youtube.com\/embed\/c6ivGDWW5vc?feature=oembed\" frameborder=\"0\" allow=\"accelerometer; autoplay; clipboard-write; encrypted-media; gyroscope; picture-in-picture; web-share\" referrerpolicy=\"strict-origin-when-cross-origin\" allowfullscreen><\/iframe>\n<\/div><\/figure>\n","protected":false},"excerpt":{"rendered":"<p>Da profecia cumprida ao resultado inesperado, os aprendizados do GP da Alemanha de MotoGP<\/p>\n","protected":false},"author":0,"featured_media":1000991877,"comment_status":"closed","ping_status":"closed","sticky":false,"template":"","format":"standard","meta":{"42wp_featured_image_caption":"","42wp_featured_image_credits":"","42wp_featured_video":"","42wp_featured_image_hidden":false,"42wp_authors_list":[],"footnotes":""},"categories":[8],"tags":[983,5214,131,6513,2327,28285,3504,130,24704,132,137,1300,79,78,39739,42042,41956,42032,42033,25819,29345,32257,28766,307,42034,25667,26690,136,3346,2984,41398,172],"42wp_author":[47113],"class_list":["post-19899","post","type-post","status-publish","format-standard","has-post-thumbnail","hentry","category-motogp","tag-alemanha","tag-classificacao-motogp","tag-ducati","tag-espn","tag-francesco-bagnaia","tag-grandepremio","tag-gresini","tag-honda","tag-jorge-martin","tag-ktm","tag-lcr","tag-marc-marquez","tag-moto-gp","tag-motogp","tag-motogp-2025","tag-motogp-2025-calendario","tag-motogp-25","tag-motogp-calendario-2025","tag-motogp-classificacao-2025","tag-motogp-hoje","tag-motogp-horario","tag-motogp-sprint","tag-motogp-standings","tag-motor","tag-onde-assistir-motogp-2025","tag-pecco-bagnaia","tag-pilotos-motogp","tag-pramac","tag-sachsenring","tag-sprint","tag-temporada-motogp","tag-yamaha","42wp_author-juliana-tesser"],"_links":{"self":[{"href":"https:\/\/grandepremio.com\/br\/wp-json\/wp\/v2\/posts\/19899","targetHints":{"allow":["GET"]}}],"collection":[{"href":"https:\/\/grandepremio.com\/br\/wp-json\/wp\/v2\/posts"}],"about":[{"href":"https:\/\/grandepremio.com\/br\/wp-json\/wp\/v2\/types\/post"}],"replies":[{"embeddable":true,"href":"https:\/\/grandepremio.com\/br\/wp-json\/wp\/v2\/comments?post=19899"}],"version-history":[{"count":0,"href":"https:\/\/grandepremio.com\/br\/wp-json\/wp\/v2\/posts\/19899\/revisions"}],"wp:featuredmedia":[{"embeddable":true,"href":"https:\/\/grandepremio.com\/br\/wp-json\/wp\/v2\/media\/1000991877"}],"wp:attachment":[{"href":"https:\/\/grandepremio.com\/br\/wp-json\/wp\/v2\/media?parent=19899"}],"wp:term":[{"taxonomy":"category","embeddable":true,"href":"https:\/\/grandepremio.com\/br\/wp-json\/wp\/v2\/categories?post=19899"},{"taxonomy":"post_tag","embeddable":true,"href":"https:\/\/grandepremio.com\/br\/wp-json\/wp\/v2\/tags?post=19899"},{"taxonomy":"42wp_author","embeddable":true,"href":"https:\/\/grandepremio.com\/br\/wp-json\/wp\/v2\/42wp_author?post=19899"}],"curies":[{"name":"wp","href":"https:\/\/api.w.org\/{rel}","templated":true}]}}