{"id":19942,"date":"2025-07-13T19:03:59","date_gmt":"2025-07-13T22:03:59","guid":{"rendered":"https:\/\/grandepremio.com\/br\/noticias\/marcus-armstrong-destaca-progresso-apos-1o-podio-indy-2025-melhor-cada-corrida\/"},"modified":"2025-07-13T20:16:51","modified_gmt":"2025-07-13T23:16:51","slug":"marcus-armstrong-destaca-progresso-apos-1o-podio-indy-2025-melhor-cada-corrida","status":"publish","type":"post","link":"https:\/\/grandepremio.com\/br\/indy\/marcus-armstrong-destaca-progresso-apos-1o-podio-indy-2025-melhor-cada-corrida\/","title":{"rendered":"Armstrong destaca progresso ap\u00f3s 1\u00ba p\u00f3dio na Indy 2025: &#8220;Melhor a cada corrida&#8221;"},"content":{"rendered":"\n<p class=\"wp-block-paragraph\"><strong>Marcus Armstrong<\/strong> conquistou neste <strong>domingo (13)<\/strong> o primeiro p\u00f3dio pela <strong>Meyer Shank<\/strong> no <strong>GP de Iowa 2<\/strong>. Depois de migrar para o time de <strong>Mike Shank<\/strong>, <strong>Jim Meyer<\/strong> e <strong>Helio Castroneves<\/strong> via parceria da equipe com a <strong>Ganassi<\/strong>, o neozeland\u00eas mostrou que o entrosamento est\u00e1 cada vez mais afiado e manteve a sequ\u00eancia de corrida dentro dos dez primeiros \u2014 a sexta prova seguida no top-10.<\/p>\n\n\n\n<p class=\"wp-block-paragraph\">Vale destacar que este \u00e9 o segundo p\u00f3dio de Armstrong, que foi terceiro colocado no <strong>GP de Detroit<\/strong> de 2024, quando ainda corria pelo <strong>#11<\/strong> da Ganassi. O resultado deste domingo refor\u00e7a tamb\u00e9m o crescimento do ex-F\u00f3rmula 2 em circuitos ovais, depois de ter sido nono no s\u00e1bado.<\/p>\n\n\n\n<p class=\"wp-block-paragraph\">Podemos at\u00e9 considerar que o p\u00f3dio, com <strong>\u00c1lex Palou<\/strong> e <strong>Scott Dixon<\/strong> ao lado de Armstrong, \u00e9 todo Ganassi. Em decorr\u00eancia da alian\u00e7a t\u00e9cnica entre o time e a <strong>Meyer Shank<\/strong>, a estrutura do #11 migrou toda para a esquadra de Pataskala, Ohio.<\/p>\n\n\n\n<p class=\"wp-block-paragraph\">\u25b6\ufe0f\u00a0<strong>Inscreva-se nos dois canais do GRANDE PR\u00caMIO no YouTube:\u00a0<a href=\"https:\/\/www.youtube.com\/channel\/UC9OlHEgxoaY6QY6nWPoiqQg?sub_confirmation=1\" target=\"_blank\" rel=\"noreferrer noopener\">GP<\/a>\u00a0|\u00a0<a href=\"https:\/\/www.youtube.com\/channel\/UC9csiS6q_C3C0FYhyr1rnFA?sub_confirmation=1\" target=\"_blank\" rel=\"noreferrer noopener\">GP2<\/a><\/strong><br><strong>LEIA MAIS:\u00a0<a href=\"https:\/\/www.grandepremio.com\/br\/indy\/noticias\/alex-palou-destaca-vitoria-especial-iowa-sempre-tive-dificuldade-oval-curto\/\">Palou destaca vit\u00f3ria especial em Iowa: \u201cSempre tive dificuldade em oval curto\u201d<\/a><\/strong><\/p>\n\n\n\n<figure class=\"wp-block-image size-large\"><img decoding=\"async\" src=\"https:\/\/www.grandepremio.com\/br\/wp-content\/uploads\/2025\/07\/Marcus-Armstrong-Farm-to-Finish-275-powered-by-Sukup-By_-Travis-Hinkle_Large-Image-Without-Watermark_m137827-1200x800.jpg\" alt=\"\" class=\"wp-image-992189\"\/><figcaption class=\"wp-element-caption\">Marcus Armstrong (Foto: IndyCar)<\/figcaption><\/figure>\n\n\n\n<p class=\"wp-block-paragraph\">A estrat\u00e9gia de economizar combust\u00edvel foi fundamental para o resultado. Enquanto alguns advers\u00e1rios foram parando no fim, Armstrong subiu algumas posi\u00e7\u00f5es. Mas piloto admitiu que a amarela no fim contribuiu para ter etanol at\u00e9 o t\u00e9rmino da corrida.<\/p>\n\n\n\n<p class=\"wp-block-paragraph\">&#8220;Estava confiante de que ter\u00edamos um bom dia porque, ontem \u00e0 noite, nos acertamos no final da corrida. Tivemos duas provas economizando combust\u00edvel, ent\u00e3o, esperamos por uma situa\u00e7\u00e3o como essa no fim. Fiquei muito feliz quando vi aquela bandeira amarela no final. No geral, fizemos um trabalho incr\u00edvel. O time foi incr\u00edvel nos boxes. Fomos uma das refer\u00eancias aqui, ent\u00e3o estou realmente feliz&#8221;, comentou Armstrong.<\/p>\n\n\n\n<p class=\"wp-block-paragraph\">&#8220;Estamos melhorando a cada corrida. Estou me entrosando cada vez mais com a minha equipe a cada prova. Mas esse campeonato \u00e9 muito competitivo. \u00c9 preciso estar no limite em toda sess\u00e3o, toda volta \u2014 exatamente como Alex Palou faz. Estamos chegando l\u00e1. Devagar, estamos chegando l\u00e1&#8221;, encerrou Armstrong.<\/p>\n","protected":false},"excerpt":{"rendered":"<p>Com primeiro p\u00f3dio em ovais na carreira, Marcus Armstrong manteve sequ\u00eancia de seis corridas dentro do top-10 na temporada 2025 da Indy<\/p>\n","protected":false},"author":0,"featured_media":1000991708,"comment_status":"closed","ping_status":"closed","sticky":false,"template":"","format":"standard","meta":{"42wp_featured_image_caption":"","42wp_featured_image_credits":"","42wp_featured_video":"","42wp_featured_image_hidden":false,"42wp_authors_list":[],"footnotes":""},"categories":[3],"tags":[2980,5012,9828,417,20272,2908,28552,6133,1824,831,21215,14640,3837,796,6513,147,3630,3144,176,26800,39174,180,619,1595,1826,43645,4351,3622,5100,25472,1491,28285,267,35361,2561,2555,93,39054,232,43021,94,4333,4717,1555,4157,31343,3201,1569,90,1782,4166,2140,4377,25714,29784,3135,40229,27380,265,349,4156,3838,1869,44090,1245,733,732,266,9944,321,26544,3133],"42wp_author":[47155],"class_list":["post-19942","post","type-post","status-publish","format-standard","has-post-thumbnail","hentry","category-indy","tag-500-milhas-indianapolis","tag-al-unser-jr","tag-alex-palou","tag-andretti","tag-brad-hollinger","tag-bump-day","tag-calendario-indy","tag-classificacao-indy","tag-conor-daly","tag-dale-coyne","tag-disney","tag-doug-boles","tag-elkhart-lake","tag-emerson-fittipaldi","tag-espn","tag-f1","tag-f1-2025","tag-felix-rosenqvist","tag-fernando-alonso","tag-fora-2","tag-fora-da-corrida","tag-formula-1","tag-formula-indy","tag-ganassi","tag-gateway","tag-gp-da-gateway","tag-gp-de-iowa","tag-gp-de-mid-ohio","tag-gp-de-monaco","tag-gp-de-road-america","tag-grande-premio","tag-grandepremio","tag-helio-castroneves","tag-horarios-indy","tag-indianapolis","tag-indianapolis-motor-speedway","tag-indy","tag-indy-2025","tag-indy-500","tag-indy-ao-vivo-gratis","tag-indycar","tag-iowa","tag-jacob-abel","tag-josef-newgarden","tag-juncos","tag-juncos-hollinger","tag-kyle-larson","tag-marcus-ericsson","tag-mclaren","tag-meyer-shank","tag-mid-ohio","tag-monaco","tag-newton","tag-nolan-siegel","tag-onde-assistir-indy","tag-oval","tag-oval-de-iowa","tag-pato-oward-3","tag-penske","tag-prema","tag-ricardo-juncos","tag-road-america","tag-robert-shwartzman","tag-rodada-dupla-de-iowa","tag-roger-penske","tag-ryan-briscoe","tag-scott-dixon","tag-scott-mclaughlin","tag-tim-cindric","tag-tony-kanaan","tag-tv-cultura","tag-will-power","42wp_author-daniel-balsa"],"_links":{"self":[{"href":"https:\/\/grandepremio.com\/br\/wp-json\/wp\/v2\/posts\/19942","targetHints":{"allow":["GET"]}}],"collection":[{"href":"https:\/\/grandepremio.com\/br\/wp-json\/wp\/v2\/posts"}],"about":[{"href":"https:\/\/grandepremio.com\/br\/wp-json\/wp\/v2\/types\/post"}],"replies":[{"embeddable":true,"href":"https:\/\/grandepremio.com\/br\/wp-json\/wp\/v2\/comments?post=19942"}],"version-history":[{"count":0,"href":"https:\/\/grandepremio.com\/br\/wp-json\/wp\/v2\/posts\/19942\/revisions"}],"wp:featuredmedia":[{"embeddable":true,"href":"https:\/\/grandepremio.com\/br\/wp-json\/wp\/v2\/media\/1000991708"}],"wp:attachment":[{"href":"https:\/\/grandepremio.com\/br\/wp-json\/wp\/v2\/media?parent=19942"}],"wp:term":[{"taxonomy":"category","embeddable":true,"href":"https:\/\/grandepremio.com\/br\/wp-json\/wp\/v2\/categories?post=19942"},{"taxonomy":"post_tag","embeddable":true,"href":"https:\/\/grandepremio.com\/br\/wp-json\/wp\/v2\/tags?post=19942"},{"taxonomy":"42wp_author","embeddable":true,"href":"https:\/\/grandepremio.com\/br\/wp-json\/wp\/v2\/42wp_author?post=19942"}],"curies":[{"name":"wp","href":"https:\/\/api.w.org\/{rel}","templated":true}]}}