{"id":19972,"date":"2025-07-13T11:12:20","date_gmt":"2025-07-13T14:12:20","guid":{"rendered":"https:\/\/grandepremio.com\/br\/noticias\/marc-marquez-se-torna-2o-maior-vencedor-motogp-triunfo-alemanha\/"},"modified":"2025-07-13T12:38:55","modified_gmt":"2025-07-13T15:38:55","slug":"marc-marquez-se-torna-2o-maior-vencedor-motogp-triunfo-alemanha","status":"publish","type":"post","link":"https:\/\/grandepremio.com\/br\/motogp\/marc-marquez-se-torna-2o-maior-vencedor-motogp-triunfo-alemanha\/","title":{"rendered":"Marc M\u00e1rquez se torna 2\u00ba maior vencedor da MotoGP com triunfo na Alemanha"},"content":{"rendered":"\n<p class=\"wp-block-paragraph\"><strong>Marc M\u00e1rquez<\/strong> coleciona recordes atr\u00e1s de recordes na <strong>MotoGP<\/strong>. Neste domingo (13), o piloto da <strong>Ducati<\/strong> ultrapassou o hist\u00f3rico <strong>Giacomo Agostini <\/strong>e se colocou como o segundo maior vencedor da categoria, com 69, <a href=\"https:\/\/www.grandepremio.com\/br\/motogp\/noticias\/marc-marquez-vence-68a-motogp-empata-giacomo-agostini-2o-maior-vencedor\/\">com o triunfo sem sustos conquistados em <strong>Sachsenring<\/strong><\/a>. <\/p>\n\n\n\n<p class=\"wp-block-paragraph\">Dono de oito t\u00edtulos nas <strong>500cc<\/strong>, Agostini venceu 68 dos 120 GPs que disputou ao longo da carreira. O topo do ranking de vit\u00f3rias na classe rainha do <strong>Mundial de Motovelocidade<\/strong> \u00e9 de <strong>Valentino Rossi<\/strong>, que soma 89 triunfos.<\/p>\n\n\n\n<p class=\"wp-block-paragraph\">O ranking dos maiores vencedores de 500cc\/MotoGP tem ainda: <strong>Mick Doohan <\/strong>(54), <strong>Jorge Lorenzo <\/strong>(47), <strong>Casey Stoner <\/strong>(38), <strong>Mike Hailwood <\/strong>(37), <strong>Eddie Lawson <\/strong>(31) e <strong>Dani Pedrosa <\/strong>(31). <strong>Francesco Bagnaia <\/strong>\u00e9 o \u00fanico entre os pilotos da ativa a acompanhar M\u00e1rquez no ranking de maiores vencedores. O <strong>#63<\/strong> soma 30 vit\u00f3rias.<\/p>\n\n\n\n<p class=\"wp-block-paragraph\">A&nbsp;<strong><a href=\"https:\/\/grandepremio.com\/motovelocidade\/\" target=\"_blank\" rel=\"noreferrer noopener\">MotoGP<\/a><\/strong>&nbsp;volta a acelerar entre os dias 18 e 20 de julho, com o&nbsp;<strong>GP da Tch\u00e9quia<\/strong>, direto de&nbsp;<strong><a href=\"https:\/\/www.grandepremio.com\/br\/circuito\/brno\/\" target=\"_blank\" rel=\"noreferrer noopener\">Brno<\/a><\/strong>, 12\u00aa etapa da temporada 2025. O&nbsp;<strong>GRANDE PR\u00caMIO&nbsp;<\/strong>faz a cobertura completa do evento, assim como das outras classes do&nbsp;<strong>Mundial de&nbsp;<a href=\"https:\/\/www.grandepremio.com\/motovelocidade\/\">Motovelocidade<\/a><\/strong><a href=\"https:\/\/www.grandepremio.com\/motovelocidade\/\">&nbsp;<\/a>durante todo o ano.<\/p>\n\n\n\n<figure class=\"wp-block-image size-full\"><img decoding=\"async\" src=\"https:\/\/www.grandepremio.com\/br\/wp-content\/uploads\/2025\/07\/AFP__20250711__66HM8X2__v1__MidRes__MotoPrixGerMotogpPractice.jpg\" alt=\"\" class=\"wp-image-990775\"\/><figcaption class=\"wp-element-caption\">Bagnaia \u00e9 o \u00fanico do grid que pode ascender no ranking de vit\u00f3rias da MotoGP, al\u00e9m de Marc (Foto: AFP)<\/figcaption><\/figure>\n\n\n\n<h2 class=\"wp-block-heading\" id=\"h-motogp-ranking-de-vitorias\"><strong>MotoGP, Ranking de vit\u00f3rias:<\/strong><\/h2>\n\n\n\n<figure class=\"wp-block-table\"><table class=\"has-fixed-layout\"><tbody><tr><td><strong>Posi\u00e7\u00e3o<\/strong><\/td><td><strong>Piloto<\/strong><\/td><td><strong>Vit\u00f3rias<\/strong><\/td><\/tr><tr><td>1<\/td><td>VALENTINO ROSSI (ITA)<\/td><td>89<\/td><\/tr><tr><td>2<\/td><td>MARC M\u00c1RQUEZ (ESP)<\/td><td>69<\/td><\/tr><tr><td>3<\/td><td>GIACOMO AGOSTINI (ITA)<\/td><td>68<\/td><\/tr><tr><td>4<\/td><td>MIKE DOOHAN (AUS)<\/td><td>54<\/td><\/tr><tr><td>5<\/td><td>JORGE LORENZO (ESP)<\/td><td>47<\/td><\/tr><tr><td>6<\/td><td>CASEY STONER (AUS)<\/td><td>38<\/td><\/tr><tr><td>7<\/td><td>MIKE HAILWOOD (GBR)<\/td><td>37<\/td><\/tr><tr><td>8<\/td><td>EDDIE LAWSON (EUA)<\/td><td>31<\/td><\/tr><tr><td><\/td><td>DANI PEDROSA (ESP)<\/td><td>31<\/td><\/tr><tr><td>10<\/td><td>FRANCESCO BAGNAIA (ITA)<\/td><td>30<\/td><\/tr><tr><td>11<\/td><td>KEVIN SCHWANTZ (EUA)<\/td><td>25<\/td><\/tr><tr><td>12<\/td><td>WAYNE RAINEY (EUA)<\/td><td>24<\/td><\/tr><tr><td>13<\/td><td>GEOFF DUKE (GBR)<\/td><td>22<\/td><\/tr><tr><td><\/td><td>JOHN SURTEES (GBR)<\/td><td>22<\/td><\/tr><tr><td><\/td><td>KENNY ROBERTS (EUA)<\/td><td>22<\/td><\/tr><tr><td>16<\/td><td>FREDDIE SPENCER (EUA)<\/td><td>20<\/td><\/tr><tr><td>17<\/td><td>BARRY SHEENE (GBR)<\/td><td>19<\/td><\/tr><tr><td>18<\/td><td>WAYNE GARDNER (AUS)<\/td><td>18<\/td><\/tr><tr><td>19<\/td><td>\u00c0LEX CRIVILL\u00c9 (ESP)<\/td><td>15<\/td><\/tr><tr><td><\/td><td>ANDREA DOVIZIOSO (ITA)<\/td><td>15<\/td><\/tr><\/tbody><\/table><\/figure>\n\n\n\n<p class=\"wp-block-paragraph\"><strong>\u25b6\ufe0f&nbsp;Inscreva-se nos dois canais do GRANDE PR\u00caMIO no YouTube:&nbsp;<a href=\"https:\/\/www.youtube.com\/channel\/UC9OlHEgxoaY6QY6nWPoiqQg?sub_confirmation=1\" target=\"_blank\" rel=\"noreferrer noopener\">GP<\/a>&nbsp;|&nbsp;<a href=\"https:\/\/www.youtube.com\/channel\/UC9csiS6q_C3C0FYhyr1rnFA?sub_confirmation=1\" target=\"_blank\" rel=\"noreferrer noopener\">GP2<\/a><\/strong><\/p>\n\n\n\n<figure class=\"wp-block-embed is-type-video is-provider-youtube wp-block-embed-youtube wp-embed-aspect-16-9 wp-has-aspect-ratio\"><div class=\"wp-block-embed__wrapper\">\n<iframe loading=\"lazy\" title=\"MART\u00cdN COME\u00c7A A TRILHAR CAMINHO DE VOLTA \u00c0 MOTOGP. MAS EM QUE CLIMA?\" width=\"500\" height=\"281\" src=\"https:\/\/www.youtube.com\/embed\/c6ivGDWW5vc?feature=oembed\" frameborder=\"0\" allow=\"accelerometer; autoplay; clipboard-write; encrypted-media; gyroscope; picture-in-picture; web-share\" referrerpolicy=\"strict-origin-when-cross-origin\" allowfullscreen><\/iframe>\n<\/div><\/figure>\n","protected":false},"excerpt":{"rendered":"<p>A vit\u00f3ria no GP da Alemanha foi a 69\u00aa de Marc M\u00e1rquez. Assim, o espanhol ultrapassa Giacomo Agostini e vira o segundo maior vencedor da classe rainha na MotoGP<\/p>\n","protected":false},"author":0,"featured_media":1000991860,"comment_status":"closed","ping_status":"closed","sticky":false,"template":"","format":"standard","meta":{"42wp_featured_image_caption":"","42wp_featured_image_credits":"","42wp_featured_video":"","42wp_featured_image_hidden":false,"42wp_authors_list":[],"footnotes":""},"categories":[8],"tags":[983,24853,922,5214,131,2327,2784,1491,28285,5455,197,1300,78,39739,847,34187,3346,41828,80],"42wp_author":[47128,47113],"class_list":["post-19972","post","type-post","status-publish","format-standard","has-post-thumbnail","hentry","category-motogp","tag-alemanha","tag-calendario-motogp","tag-casey-stoner","tag-classificacao-motogp","tag-ducati","tag-francesco-bagnaia","tag-giacomo-agostini","tag-grande-premio","tag-grandepremio","tag-horarios-motogp","tag-jorge-lorenzo","tag-marc-marquez","tag-motogp","tag-motogp-2025","tag-mundial-de-motovelocidade","tag-onde-assistir-motogp","tag-sachsenring","tag-temporada-2025-da-motogp","tag-valentino-rossi","42wp_author-guilherme-bloisi","42wp_author-juliana-tesser"],"_links":{"self":[{"href":"https:\/\/grandepremio.com\/br\/wp-json\/wp\/v2\/posts\/19972","targetHints":{"allow":["GET"]}}],"collection":[{"href":"https:\/\/grandepremio.com\/br\/wp-json\/wp\/v2\/posts"}],"about":[{"href":"https:\/\/grandepremio.com\/br\/wp-json\/wp\/v2\/types\/post"}],"replies":[{"embeddable":true,"href":"https:\/\/grandepremio.com\/br\/wp-json\/wp\/v2\/comments?post=19972"}],"version-history":[{"count":0,"href":"https:\/\/grandepremio.com\/br\/wp-json\/wp\/v2\/posts\/19972\/revisions"}],"wp:featuredmedia":[{"embeddable":true,"href":"https:\/\/grandepremio.com\/br\/wp-json\/wp\/v2\/media\/1000991860"}],"wp:attachment":[{"href":"https:\/\/grandepremio.com\/br\/wp-json\/wp\/v2\/media?parent=19972"}],"wp:term":[{"taxonomy":"category","embeddable":true,"href":"https:\/\/grandepremio.com\/br\/wp-json\/wp\/v2\/categories?post=19972"},{"taxonomy":"post_tag","embeddable":true,"href":"https:\/\/grandepremio.com\/br\/wp-json\/wp\/v2\/tags?post=19972"},{"taxonomy":"42wp_author","embeddable":true,"href":"https:\/\/grandepremio.com\/br\/wp-json\/wp\/v2\/42wp_author?post=19972"}],"curies":[{"name":"wp","href":"https:\/\/api.w.org\/{rel}","templated":true}]}}