{"id":19987,"date":"2025-07-13T04:15:00","date_gmt":"2025-07-13T07:15:00","guid":{"rendered":"https:\/\/grandepremio.com\/br\/noticias\/ferrari-nega-ex-mercedes-favorecer-lewis-hamilton-carro-2026-ouvimos-2\/"},"modified":"2025-07-13T15:42:05","modified_gmt":"2025-07-13T18:42:05","slug":"ferrari-nega-ex-mercedes-favorecer-lewis-hamilton-carro-2026-ouvimos-2","status":"publish","type":"post","link":"https:\/\/grandepremio.com\/br\/f1\/ferrari-nega-ex-mercedes-favorecer-lewis-hamilton-carro-2026-ouvimos-2\/","title":{"rendered":"Ferrari nega que ex-Mercedes possa favorecer Hamilton em carro de 2026: &#8220;Ouvimos os 2&#8221;"},"content":{"rendered":"\n<p class=\"wp-block-paragraph\">Ciente de que luta ao menos para conseguir uma vit\u00f3ria e n\u00e3o dar a <strong>temporada 2025 <\/strong>como fracasso total, a <strong>Ferrari <\/strong>tem trabalhado intensamente no projeto de 2026 sob a batuta de<strong> Lo\u00efc Serra<\/strong>, mas h\u00e1 quem pense que o ex-diretor de desempenho da <strong>Mercedes <\/strong>pode favorecer<strong> Lewis Hamilton<\/strong> e pensar num carro mais adapt\u00e1vel ao estilo dele. Essa possibilidade, no entanto, foi rejeitada pelo vice-diretor de equipe da Ferrari, <strong>J\u00e9r\u00f4me D&#8217;Ambrosio<\/strong>.<\/p>\n\n\n\n<p class=\"wp-block-paragraph\">Coincidentemente, D&#8217;Ambrosio tamb\u00e9m veio de passagem pelo time de Brackley e formou ao lado de Serra e, depois, Hamilton, uma esp\u00e9cie de barca rumo a Maranello. Enquanto ele assumiu fun\u00e7\u00f5es na chefia ao lado de Fr\u00e9d\u00e9ric Vasseur, Serra passou a se dedicar com afinco ao regulamento de 2026, que sofrer\u00e1 mudan\u00e7as significativas na parte aerodin\u00e2mica por conta das novas unidades de pot\u00eancia.<\/p>\n\n\n\n<p class=\"wp-block-paragraph\">A expectativa para 2025, no entanto, era enorme por conta da chegada de Lewis, por\u00e9m a fase de adapta\u00e7\u00e3o provou ser um verdadeiro calv\u00e1rio para o #44. Sem perspectiva de melhora, Hamilton come\u00e7ou a cobrar foco da Ferrari no ano seguinte e ainda saiu do GP da Inglaterra dizendo saber &#8220;o que n\u00e3o quero&#8221; no carro.<\/p>\n\n\n\n<p class=\"wp-block-paragraph\">D&#8217;Ambrosio falou ao portal italiano <em>AutoRacer <\/em>sobre o trabalho de Serra e disse que era preciso &#8220;cuidado&#8221; ao afirmar que o carro seria desenvolvido em torno de um ponto espec\u00edfico ou mesmo desejo de um piloto.<\/p>\n\n\n\n<figure class=\"wp-block-image size-large\"><img decoding=\"async\" src=\"https:\/\/www.grandepremio.com\/br\/wp-content\/uploads\/2024\/05\/Loic-Serra-e-Jerome-DAmbrosio-1200x675.jpg\" alt=\"\" class=\"wp-image-812550\"\/><figcaption class=\"wp-element-caption\">Lo\u00efc Serra (\u00e0 esq.) e J\u00e9r\u00f4me d&#8217;Ambrosio sa\u00edram da Mercedes e foram para a Ferrari (Foto: Ferrari)<\/figcaption><\/figure>\n\n\n\n<p class=\"wp-block-paragraph\">&#8220;Acredito que Lo\u00efc e toda a equipe est\u00e3o trabalhando no projeto de 2026 para construir um carro mais r\u00e1pido&#8221;, come\u00e7ou o belga. &#8220;E, novamente, existem par\u00e2metros objetivos de como tentamos alcan\u00e7ar isso. H\u00e1 uma segunda fase em que precisamos garantir que os pilotos tenham as ferramentas para adaptar esse equil\u00edbrio e ajust\u00e1-lo de uma forma que funcione para eles.&#8221;<\/p>\n\n\n\n<p class=\"wp-block-paragraph\">&#8220;Temos de ter cuidado ao falar que um carro \u00e9 constru\u00eddo em torno disso ou daquilo. O carro \u00e9 sempre constru\u00eddo em torno da tentativa de extrair o m\u00e1ximo potencial, de ter o m\u00e1ximo de downforce. O fato de Lo\u00efc ter trabalhado com Lewis por v\u00e1rios anos na Mercedes obviamente ajuda na comunica\u00e7\u00e3o, mas ele tem um excelente relacionamento com Charles [Leclerc]&#8221;, enfatizou.<\/p>\n\n\n\n<p class=\"wp-block-paragraph\">&#8220;Algumas vezes por ano, nos reunimos com os dois pilotos, discutimos tudo, colocamos tudo na mesa e tentamos entender quais s\u00e3o as necessidades deles e como podemos traduzi-las em desenvolvimento. A quest\u00e3o \u00e9 que estamos trabalhando, estamos tentando melhorar o desempenho do carro em diferentes \u00e1reas, e \u00e9 nisso que estamos nos concentrando o m\u00e1ximo poss\u00edvel: o resultado, na pista, e o posicionamento em compara\u00e7\u00e3o com os rivais s\u00e3o, em \u00faltima an\u00e1lise, o resultado de um processo. \u00c9 preciso se concentrar nesse processo&#8221;, encerrou D&#8217;Ambrosio.<\/p>\n\n\n\n<p class=\"wp-block-paragraph\">A&nbsp;<a href=\"https:\/\/www.grandepremio.com\/br\/f1\/\" target=\"_blank\" rel=\"noreferrer noopener\"><\/a><a href=\"https:\/\/www.grandepremio.com\/br\/f1\/\" target=\"_blank\" rel=\"noreferrer noopener\">F\u00f3rmula 1<\/a>&nbsp;volta de&nbsp;<strong>25 a 27 de julho<\/strong>, em&nbsp;<strong><a href=\"https:\/\/www.grandepremio.com\/br\/circuito\/spa-francorchamps\/\" target=\"_blank\" rel=\"noreferrer noopener\">Spa-Francorchamps<\/a><\/strong>, que recebe o&nbsp;<strong>GP da B\u00e9lgica<\/strong>.<\/p>\n\n\n\n<p class=\"wp-block-paragraph\">\u25b6\ufe0f <strong>Inscreva-se nos dois canais do GRANDE PR\u00caMIO no YouTube:\u00a0<a href=\"https:\/\/www.youtube.com\/channel\/UC9OlHEgxoaY6QY6nWPoiqQg?sub_confirmation=1\" target=\"_blank\" rel=\"noreferrer noopener\">GP<\/a>\u00a0|\u00a0<a href=\"https:\/\/www.youtube.com\/channel\/UC9csiS6q_C3C0FYhyr1rnFA?sub_confirmation=1\" target=\"_blank\" rel=\"noreferrer noopener\">GP2<\/a><br><\/strong>\u25b6\ufe0f <strong>LEIA TAMB\u00c9M:\u00a0<a href=\"https:\/\/www.grandepremio.com\/br\/f1\/noticias\/red-bull-chega-segunda-metade-2025-max-verstappen-agarrado-porta-titanic\/\">Red Bull chega \u00e0 segunda metade de 2025 s\u00f3 com Verstappen agarrado \u00e0 porta do Titanic<\/a><\/strong><\/p>\n","protected":false},"excerpt":{"rendered":"<p>Vice-diretor de equipe da Ferrari, J\u00e9r\u00f4me D&#8217;Ambrosio afirmou que tanto Lewis Hamilton quanto Charles Leclerc se re\u00fanem com o atual diretor-t\u00e9cnico, Lo\u00efc Serra para discutir o que precisa ser melhorado no carro de 2026<\/p>\n","protected":false},"author":0,"featured_media":1000988670,"comment_status":"closed","ping_status":"closed","sticky":false,"template":"","format":"standard","meta":{"42wp_featured_image_caption":"","42wp_featured_image_credits":"","42wp_featured_video":"","42wp_featured_image_hidden":false,"42wp_authors_list":[],"footnotes":""},"categories":[2],"tags":[26271,209,5273,147,3630,207,180,3628,1491,28285,30840,1864,87,9198,35129,42001],"42wp_author":[47147],"class_list":["post-19987","post","type-post","status-publish","format-standard","has-post-thumbnail","hentry","category-f1","tag-calendario-f1","tag-charles-leclerc","tag-classificacao-f1","tag-f1","tag-f1-2025","tag-ferrari","tag-formula-1","tag-formula-1-2025","tag-grande-premio","tag-grandepremio","tag-horarios-f1","tag-jerome-dambrosio","tag-lewis-hamilton","tag-loic-serra","tag-onde-assistir-f1","tag-temporada-2025-f1","42wp_author-luana-marino"],"_links":{"self":[{"href":"https:\/\/grandepremio.com\/br\/wp-json\/wp\/v2\/posts\/19987","targetHints":{"allow":["GET"]}}],"collection":[{"href":"https:\/\/grandepremio.com\/br\/wp-json\/wp\/v2\/posts"}],"about":[{"href":"https:\/\/grandepremio.com\/br\/wp-json\/wp\/v2\/types\/post"}],"replies":[{"embeddable":true,"href":"https:\/\/grandepremio.com\/br\/wp-json\/wp\/v2\/comments?post=19987"}],"version-history":[{"count":0,"href":"https:\/\/grandepremio.com\/br\/wp-json\/wp\/v2\/posts\/19987\/revisions"}],"wp:featuredmedia":[{"embeddable":true,"href":"https:\/\/grandepremio.com\/br\/wp-json\/wp\/v2\/media\/1000988670"}],"wp:attachment":[{"href":"https:\/\/grandepremio.com\/br\/wp-json\/wp\/v2\/media?parent=19987"}],"wp:term":[{"taxonomy":"category","embeddable":true,"href":"https:\/\/grandepremio.com\/br\/wp-json\/wp\/v2\/categories?post=19987"},{"taxonomy":"post_tag","embeddable":true,"href":"https:\/\/grandepremio.com\/br\/wp-json\/wp\/v2\/tags?post=19987"},{"taxonomy":"42wp_author","embeddable":true,"href":"https:\/\/grandepremio.com\/br\/wp-json\/wp\/v2\/42wp_author?post=19987"}],"curies":[{"name":"wp","href":"https:\/\/api.w.org\/{rel}","templated":true}]}}