{"id":20006,"date":"2025-07-12T16:07:11","date_gmt":"2025-07-12T19:07:11","guid":{"rendered":"https:\/\/grandepremio.com\/br\/noticias\/alex-lynn-crava-pole-6h-sao-paulo-cadillac-12-dudu-barrichello-leva-lmgt3\/"},"modified":"2025-07-12T17:39:30","modified_gmt":"2025-07-12T20:39:30","slug":"alex-lynn-crava-pole-6h-sao-paulo-cadillac-12-dudu-barrichello-leva-lmgt3","status":"publish","type":"post","link":"https:\/\/grandepremio.com\/br\/endurance\/wec\/alex-lynn-crava-pole-6h-sao-paulo-cadillac-12-dudu-barrichello-leva-lmgt3\/","title":{"rendered":"Lynn crava pole das 6H de S\u00e3o Paulo com Cadillac #12. Barrichello leva na LMGT3"},"content":{"rendered":"\n<p class=\"wp-block-paragraph\">ATUALIZA\u00c7\u00c3O: O Cadillac #38 perdeu a segunda coloca\u00e7\u00e3o no grid ap\u00f3s uma puni\u00e7\u00e3o de uma posi\u00e7\u00e3o no grid por ter atrapalhado o Peugeot #93. O Mercedes #60 teve a volta deletada na primeira parte da classifica\u00e7\u00e3o da LMGT3 e vai largar do fundo do grid.<\/p>\n\n\n\n<p class=\"wp-block-paragraph\">Na classifica\u00e7\u00e3o deste s\u00e1bado (12) em <strong>Interlagos<\/strong>, a pole-position das<strong> 6 Horas de S\u00e3o Paulo <\/strong>ficou com o <strong>Cadillac #12<\/strong>, de <strong>Alex Lynn<\/strong>, <strong>Norman Nato<\/strong> e <strong>Will Stevens<\/strong>, que marcou 1min22s570 no melhor giro na hiperpole e conquistou a segunda pole seguida na temporada. Al\u00e9m disso, a marca norte-americana tamb\u00e9m formou uma dobradinha no topo com o <strong>#38<\/strong>, de<strong> Earl Bamber<\/strong>, <strong>Jenson Button<\/strong> e <strong>S\u00e9bastien Bourdais<\/strong>, ocupando a segunda posi\u00e7\u00e3o e completando a primeira fila. O top-3 foi finalizado pelo <strong>Porsche Penske #5<\/strong>, de <strong>Julien Andlauer<\/strong> e <strong>Michael Christensen<\/strong>. <\/p>\n\n\n\n<p class=\"wp-block-paragraph\">No top-5 ainda figuram a <strong>Peugeot #94<\/strong> e o <strong>BMW #20<\/strong>. <strong>Peugeot #93<\/strong>, <strong>Porsche Penske #6<\/strong>, <strong>BMW #15<\/strong>, <strong>AF Corse #83<\/strong> e <a href=\"https:\/\/www.grandepremio.com\/br\/endurance\/wec\/noticias\/ryo-hirakawa-poe-toyota-8-lideranca-tl3-6h-sao-paulo-dudu-barrichello-2o-lmgt3\/\"><strong>Toyota #8<\/strong> <\/a>tamb\u00e9m avan\u00e7aram para a parte final da sess\u00e3o entre os hipercarros e completaram o top-10. <\/p>\n\n\n\n<p class=\"wp-block-paragraph\">Na <strong>LMGT3<\/strong>, o mais r\u00e1pido da classifica\u00e7\u00e3o foi <strong>Dudu Barrichello<\/strong>, que marcou 1min33s849 a bordo do <strong>Aston Martin #10<\/strong> e garantiu a pole-position para o trio tamb\u00e9m composto por <strong>Anthony McIntosh<\/strong> e <strong>Valentin Hasse-Clot<\/strong>. O feito do brasileiro encerrou um jejum de seis anos sem poles para o Brasil no WEC e levou o p\u00fablico brasileiro em Interlagos \u00e0 loucura. <\/p>\n\n\n\n<p class=\"wp-block-paragraph\">Os <strong>Lexus #87<\/strong>, de <strong>Petru Umbrarescu<\/strong>, <strong>Clemens Schmid<\/strong> e <strong>Jos\u00e9 Mar\u00eda L\u00f3pez<\/strong>, e o <strong>#78<\/strong>, de <strong>Arnold Robin<\/strong>, <strong>Finn Gehrsitz<\/strong> e <strong>Yuichi Nakayama<\/strong>, completaram o top-3 da LMGT3. O <strong>Mercedes #61<\/strong> surpreendeu ao ocupar a quarta posi\u00e7\u00e3o, logo \u00e0 frente de <strong>McLaren #95<\/strong>, <strong>McLaren #59<\/strong>, <strong>Porsche #85<\/strong>, <strong>Ford #88<\/strong>, <strong>Corvette #33<\/strong> e <strong>Corvette #81<\/strong>, que complementaram o grupo dos dez mais r\u00e1pidos. <\/p>\n\n\n\n<p class=\"wp-block-paragraph\">Por outro lado, <strong>Augusto Farfus<\/strong> e <strong>Pedro Ebrahim<\/strong> v\u00e3o come\u00e7ar a prova na 18\u00aa e \u00faltima posi\u00e7\u00e3o depois de <strong>Yasser Shahin<\/strong> n\u00e3o conseguir encaixar uma volta competitiva na primeira parte da classifica\u00e7\u00e3o a bordo do <strong>BMW #31<\/strong>.<\/p>\n\n\n\n<figure class=\"wp-block-image size-large\"><img decoding=\"async\" src=\"https:\/\/www.grandepremio.com\/br\/wp-content\/uploads\/2025\/07\/DPPIPRODUCTION_00003553_0371-1200x800.jpg\" alt=\"\" class=\"wp-image-991559\"\/><figcaption class=\"wp-element-caption\">Dudu Barrichello conquistou a pole em S\u00e3o Paulo (Foto: Fabrizio Boldoni \/ DPPI)<\/figcaption><\/figure>\n\n\n\n<p class=\"wp-block-paragraph\">Agora, os carros voltam \u00e0 pista neste domingo (13), \u00e0s 11h30 (hor\u00e1rio de Bras\u00edlia, GMT-3), para a&nbsp;<strong>largada<\/strong>, com&nbsp;<a href=\"https:\/\/formula1aovivo.com\/\" target=\"_blank\" rel=\"noreferrer noopener\">transmiss\u00e3o<\/a>&nbsp;<strong>AO VIVO<\/strong>&nbsp;e&nbsp;<strong>COM IMAGENS<\/strong>&nbsp;no YouTube do&nbsp;<strong>GRANDE PR\u00caMIO<\/strong>&nbsp;e na&nbsp;<strong>GPTV<\/strong>. Al\u00e9m disso, o evento conta com cobertura&nbsp;<strong>IN LOCO<\/strong>&nbsp;do&nbsp;<strong>GP<\/strong>, que tamb\u00e9m transmite todas as etapas do campeonato.<\/p>\n\n\n\n<h2 class=\"wp-block-heading\" id=\"h-como-foi-a-classificacao-das-6-horas-de-sao-paulo-2025\">Como foi a classifica\u00e7\u00e3o das 6 Horas de S\u00e3o Paulo 2025:<\/h2>\n\n\n\n<p class=\"wp-block-paragraph\">A classifica\u00e7\u00e3o come\u00e7ou com os LMGT3s na pista, como de praxe. No in\u00edcio, quem despontou foi a <strong>McLaren<\/strong>, que esbo\u00e7ou uma dobradinha com o<strong> #95<\/strong> na lideran\u00e7a e o<strong> #59<\/strong> logo atr\u00e1s. A <strong>Corvette <\/strong>tamb\u00e9m vinha forte, com o<strong> #81<\/strong> da <strong>TF Sport<\/strong> logo atr\u00e1s, em terceiro. <\/p>\n\n\n\n<p class=\"wp-block-paragraph\">Com os tempos melhorando, o <strong>Lexus #87<\/strong> saltou para a primeira posi\u00e7\u00e3o, com Umbrarescu derrubando o tempo refer\u00eancia para a casa de 1min34s. Por outro lado, Shahin sofria para sair da lanterna da sess\u00e3o com o <strong>BMW #31<\/strong>, de Farfus e Ebrahim, e amargou a \u00faltima posi\u00e7\u00e3o. Com 1min restante, recolheu o carro para os boxes e aceitou o 18\u00ba posto.<\/p>\n\n\n\n<p class=\"wp-block-paragraph\">Barrichello, por outro lado, viu McIntosh saltar para s\u00e9timo e se colocar dentro do top-10. Com as voltas melhorando, o Aston Martin #10 caiu para d\u00e9cimo, mas foi o suficiente para seguir na zona de classifica\u00e7\u00e3o para a <strong>hiperpole<\/strong>. O l\u00edder do campeonato, no entanto, ficou pelo caminho, com <strong>Ryan Hardwick<\/strong> s\u00f3 conseguindo a 13\u00aa coloca\u00e7\u00e3o com o <strong>Porsche #92<\/strong>.<\/p>\n\n\n\n<p class=\"wp-block-paragraph\">A parte final da classifica\u00e7\u00e3o da LMGT3 come\u00e7ou com <strong>Rahel Frey<\/strong> abrindo as voltas r\u00e1pidas pelo <strong>Porsche #85<\/strong> da <strong>Iron Dames<\/strong> e ditando o ritmo, com 1min35s570. Logo depois, por\u00e9m, Barrichello fez 1min33s867 e pulou para a pole provis\u00f3ria com o Aston Martin #10. Os <strong>Lexus #87<\/strong> e <strong>#78<\/strong> tamb\u00e9m melhoraram e saltaram para segundo e terceiro, respectivamente. <\/p>\n\n\n\n<figure class=\"wp-block-image size-large\"><img decoding=\"async\" src=\"https:\/\/www.grandepremio.com\/br\/wp-content\/uploads\/2025\/07\/DPPIPRODUCTION_00003553_0226-1200x800.jpg\" alt=\"\" class=\"wp-image-991569\"\/><figcaption class=\"wp-element-caption\">A Lexus teve uma classifica\u00e7\u00e3o forte em S\u00e3o Paulo (Foto: Julien Delfosse \/ DPPI)<\/figcaption><\/figure>\n\n\n\n<p class=\"wp-block-paragraph\"><strong>Clemens Schmid<\/strong>, inclusive, fez o melhor terceiro setor a bordo do #87, mas ficou a 0s006 do tempo do brasileiro, que melhorou e cravou a pole-position das 6 Horas de S\u00e3o Paulo na classe LMGT3. <\/p>\n\n\n\n<p class=\"wp-block-paragraph\">Depois, chegou a vez dos hipercarros classificarem. De in\u00edcio, a <strong>BMW <\/strong>come\u00e7ou forte, mas logo foi superada pelo <strong>Porsche Penske #5<\/strong>, de <strong>Julien Andlauer<\/strong>, que marcou 1min27s357. Por\u00e9m, com os tempos melhorando consideravelmente a cada volta, quem se deu bem foi <strong>Alex Lynn<\/strong>, que tomou a dianteira no <strong>Cadillac #12<\/strong>. <\/p>\n\n\n\n<p class=\"wp-block-paragraph\">Quem tamb\u00e9m saltou para as primeiras posi\u00e7\u00f5es foi a <strong>Peugeot<\/strong>, que colocou o <strong>#93<\/strong> em terceiro e o<strong> #94<\/strong> em segundo, jogando o <strong>Porsche Penske #5<\/strong> para quarto com 3min restantes. A outra equipe francesa, a <strong>Alpine<\/strong>, por outro lado, ocupava apenas as duas \u00faltimas posi\u00e7\u00f5es. <\/p>\n\n\n\n<p class=\"wp-block-paragraph\">O fato mais curioso, no entanto, ficou por conta da equipe de f\u00e1brica da <strong>Ferrari<\/strong>, que n\u00e3o conseguiu avan\u00e7ar para a hiperpole. O<strong> #50 <\/strong>ocupou a 14\u00aa posi\u00e7\u00e3o, enquanto o <strong>#51<\/strong> vai largar da 17\u00aa e pen\u00faltima coloca\u00e7\u00e3o. A lanterna, por\u00e9m, ficou nas m\u00e3os do <strong>Toyota #7<\/strong>, de <strong>Kamui Kobayashi<\/strong>.<\/p>\n\n\n\n<figure class=\"wp-block-image size-large\"><img decoding=\"async\" src=\"https:\/\/www.grandepremio.com\/br\/wp-content\/uploads\/2025\/07\/DPPIPRODUCTION_00003553_0340-1-1200x800.jpg\" alt=\"\" class=\"wp-image-991579\"\/><figcaption class=\"wp-element-caption\">A Toyota amargou a lanterna da classifica\u00e7\u00e3o em S\u00e3o Paulo (Foto: Fabrizio Boldoni \/ DPPI)<\/figcaption><\/figure>\n\n\n\n<p class=\"wp-block-paragraph\">A hiperpole da classe principal encerrou o dia em Interlagos e come\u00e7ou com um leve atraso por conta de investiga\u00e7\u00f5es em andamento. Sem mudan\u00e7as e surpresas, a sess\u00e3o come\u00e7ou com a Porsche Penske abrindo voltas, mas sem afundar o p\u00e9 no acelerador, j\u00e1 que os pneus ainda estavam frios depois de dois giros.<\/p>\n\n\n\n<p class=\"wp-block-paragraph\">Quando as voltas ficaram mais competitivas, <strong>Sheldon van der Linde<\/strong> colocou o <strong>BMW #20<\/strong> na pole provis\u00f3ria, mas com mais de 4min restantes. E isso foi tempo suficiente para Lynn roubar a ponta com o Cadillac #12, mas tamb\u00e9m antes da bandeira quadriculada. <\/p>\n\n\n\n<p class=\"wp-block-paragraph\">O #38, de Bourdais, tamb\u00e9m pulou para a parte da frente na reta final e escalou para segundo, formando uma dobradinha da Cadillac. A Peugeot tamb\u00e9m evoluiu com o #94 indo para a quarta coloca\u00e7\u00e3o, mas ningu\u00e9m superou a Cadillac nas \u00faltimas tentativas.<\/p>\n\n\n\n<p class=\"wp-block-paragraph\"><strong><em>Classifica\u00e7\u00e3o, 6 Horas de S\u00e3o Paulo, hipercarros:<\/em><\/strong><\/p>\n\n\n\n<figure class=\"wp-block-table\"><table class=\"has-fixed-layout\"><tbody><tr><td><\/td><td>Carro<\/td><td>Trio<\/td><td>Equipe<\/td><td>Tempo<\/td><td>Diff<\/td><\/tr><tr><td>1<\/td><td>12<\/td><td>W STEVENS<br>A LYNN<br>N NATO<\/td><td>Jota Cadillac<\/td><td>1:22.570<\/td><td><\/td><\/tr><tr><td>2<\/td><td>5<\/td><td>J ANDLAUER<br>M CHRISTENSEN<\/td><td>Porsche Penske<\/td><td>1:22.670<\/td><td>+0.100<\/td><\/tr><tr><td>3<\/td><td>38<\/td><td>J BUTTON<br>E BAMBER<br>S BOURDAIS<\/td><td>Jota Cadillac<\/td><td>1:22.834<\/td><td>+0.264 P+1<\/td><\/tr><tr><td>4<\/td><td>94<\/td><td>M JAKOBSEN<br>L DUVAL<\/td><td>Peugeot<\/td><td>1:22.948<\/td><td>+0.378<\/td><\/tr><tr><td>5<\/td><td>20<\/td><td>S VAN DER LINDE<br>M WITTMANN<br>R RAST<\/td><td>BMW<\/td><td>1:23.062<\/td><td>+0.492<\/td><\/tr><tr><td>6<\/td><td>93<\/td><td>M JENSEN<br>P DI RESTA<\/td><td>Peugeot<\/td><td>1:23.101<\/td><td>+0.531<\/td><\/tr><tr><td>7<\/td><td>6<\/td><td>K ESTRE<br>L VANTHOOR<\/td><td>Porsche Penske<\/td><td>1:23.159<\/td><td>+0.589<\/td><\/tr><tr><td>8<\/td><td>15<\/td><td>D VANTHOOR<br>R MARCIELLO<br>K MAGNUSSEN<\/td><td>BMW<\/td><td>1:23.259<\/td><td>+0.689<\/td><\/tr><tr><td>9<\/td><td>83<\/td><td>R KUBICA<br>P HANSON<br>Y YE<\/td><td>AF Corse<\/td><td>1:23.386<\/td><td>+0.816<\/td><\/tr><tr><td>10<\/td><td>8<\/td><td>B HARTLEY<br>R HIRAKAWA<\/td><td>Toyota<\/td><td>1:23.496<\/td><td>+0.926<\/td><\/tr><tr><td>11<\/td><td>009<\/td><td>A RIBERAS<br>M SORENSEN<\/td><td>Aston Martin<\/td><td>1:23.710<\/td><td>+1.140<\/td><\/tr><tr><td>12<\/td><td>99<\/td><td>N JANI<br>N PINO<br>N VARRONE<\/td><td>Proton<\/td><td>1:23.740<\/td><td>+1.170<\/td><\/tr><tr><td>13<\/td><td>007<\/td><td>H TINCKNELL<br>T GAMBLE<\/td><td>Aston Martin<\/td><td>1:23.751<\/td><td>+1.181<\/td><\/tr><tr><td>14<\/td><td>50<\/td><td>A FUOCO<br>M MOLINA<br>N NIELSEN<\/td><td>Ferrari<\/td><td>1:23.759<\/td><td>+1.189<\/td><\/tr><tr><td>15<\/td><td>36<\/td><td>F MAKOWIECKI<br>M SCHUMACHER<br>J GOUNON<\/td><td>Alpine<\/td><td>1:23.770<\/td><td>+1.200<\/td><\/tr><tr><td>16<\/td><td>35<\/td><td>P.L. CHATIN<br>F HABSBURG<br>C MILESI<\/td><td>Alpine<\/td><td>1:23.816<\/td><td>+1.246<\/td><\/tr><tr><td>17<\/td><td>51<\/td><td>A PIER GUIDI<br>J CALADO<br>A GIOVINAZZI<\/td><td>Ferrari<\/td><td>1:23.831<\/td><td>+1.261<\/td><\/tr><tr><td>18<\/td><td>7<\/td><td>M CONWAY<br>K KOBAYASHI<br>N DE VRIES<\/td><td>Toyota<\/td><td>1:24.153<\/td><td>+1.583<\/td><\/tr><\/tbody><\/table><\/figure>\n\n\n\n<p class=\"wp-block-paragraph\"><strong><em>Classifica\u00e7\u00e3o, 6 Horas de S\u00e3o Paulo, LMGT3:<\/em><\/strong><\/p>\n\n\n\n<figure class=\"wp-block-table\"><table class=\"has-fixed-layout\"><tbody><tr><td><\/td><td>Carro<\/td><td>Trio<\/td><td>Equipe<\/td><td>Tempo<\/td><td>Diff<\/td><\/tr><tr><td>1<\/td><td>10<\/td><td>A MCINTOSH<br>V HASSE-CLOT<br>E BARRICHELLO<\/td><td>Racing Spirit of L\u00e9man Aston Martin<\/td><td>1:33.849<\/td><td><\/td><\/tr><tr><td>2<\/td><td>87<\/td><td>P UMBRARESCU<br>J MAR\u00cdA L\u00d3PEZ<br>C SCHMID<\/td><td>Akkodis ASP Team Lexus<\/td><td>1:33.874<\/td><td>+0.025<\/td><\/tr><tr><td>3<\/td><td>78<\/td><td>A ROBIN<br>Y NAKAYAMA<br>F GEHRSITZ<\/td><td>Akkodis ASP Team Lexus<\/td><td>1:33.963<\/td><td>+0.114<\/td><\/tr><tr><td>4<\/td><td>61<\/td><td>M BERRY<br>L HODENIUS<br>M MARTIN<\/td><td>Iron Lynx Mercedes<\/td><td>1:34.051<\/td><td>+0.202<\/td><\/tr><tr><td>5<\/td><td>95<\/td><td>D LEUNG<br>S GELAEL<br>M SATO<\/td><td>United Autosports McLaren<\/td><td>1:34.219<\/td><td>+0.370<\/td><\/tr><tr><td>6<\/td><td>59<\/td><td>J COTTINGHAM<br>G SAUCY<br>S BAUD<\/td><td>United Autosports McLaren<\/td><td>1:34.418<\/td><td>+0.569<\/td><\/tr><tr><td>7<\/td><td>85<\/td><td>C MARTIN<br>R FREY<br>M GATTING<\/td><td>Iron Dames Porsche<\/td><td>1:34.433<\/td><td>+0.584<\/td><\/tr><tr><td>8<\/td><td>88<\/td><td>S GATUSSO<br>G LEVORATO<br>D OLSEN<\/td><td>Proton Competition Ford<\/td><td>1:34.448<\/td><td>+0.599<\/td><\/tr><tr><td>9<\/td><td>33<\/td><td>B KEATING<br>J EDGAR<br>D JUNCADELLA<\/td><td>TF Sport Corvette<\/td><td>1:34.507<\/td><td>+0.658<\/td><\/tr><tr><td>10<\/td><td>81<\/td><td>T VAN ROMPUY<br>R ANDRADE<br>C EASTWOOD<\/td><td>TF Sports Corvette<\/td><td>1:34.952<\/td><td>+1.103<\/td><\/tr><tr><td>11<\/td><td>54<\/td><td>T FLOHR<br>F CASTELLACCI<br>D RIGON<\/td><td>Vista AF Corse Ferrari<\/td><td>1:35.366<\/td><td>+1.517<\/td><\/tr><tr><td>12<\/td><td>27<\/td><td>I JAMES<br>M DRUDI<br>Z ROBICHON<\/td><td>Heart of Racing Aston Martin<\/td><td>1:35.481<\/td><td>+1.632<\/td><\/tr><tr><td>13<\/td><td>92<\/td><td>R HARDWICK<br>R PERA<br>R LIETZ<\/td><td>Manthey 1st Phorm Porsche<\/td><td>1:35.504<\/td><td>+1.655<\/td><\/tr><tr><td>14<\/td><td>46<\/td><td>A AL HARTHY<br>V ROSSI<br>K VAN DER LINDE<\/td><td>Team WRT BMW<\/td><td>1:35.536<\/td><td>+1.687<\/td><\/tr><tr><td>15<\/td><td>21<\/td><td>F H\u00c9RIAU<br>S MANN<br>A ROVERA<\/td><td>Vista AF Corse Ferrari<\/td><td>1:35.542<\/td><td>+1.693<\/td><\/tr><tr><td>16<\/td><td>77<\/td><td>B SOUSA<br>B TUCK<br>B BARKER<\/td><td>Proton Competition Ford<\/td><td>1:35.554<\/td><td>+1.705<\/td><\/tr><tr><td>17<\/td><td>31<\/td><td>Y SHAHIN<br>P EBRAHIM<br>A FARFUS<\/td><td>The Bend Team WRT BMW<\/td><td>1:36.684<\/td><td>+2.835<\/td><\/tr><tr><td>18<\/td><td>60<\/td><td>A GILBERT<br>L HANAFIN<br>F RUEDA<\/td><td>Iron Lynx Mercedes<\/td><td>&#8211;<\/td><td>&#8211;<\/td><\/tr><\/tbody><\/table><\/figure>\n\n\n\n<p class=\"wp-block-paragraph\">\u25b6\ufe0f&nbsp;<strong>Inscreva-se nos dois canais do GRANDE PR\u00caMIO no YouTube:&nbsp;<a href=\"https:\/\/www.youtube.com\/channel\/UC9OlHEgxoaY6QY6nWPoiqQg?sub_confirmation=1\" target=\"_blank\" rel=\"noreferrer noopener\">GP<\/a>&nbsp;|&nbsp;<a href=\"https:\/\/www.youtube.com\/channel\/UC9csiS6q_C3C0FYhyr1rnFA?sub_confirmation=1\" target=\"_blank\" rel=\"noreferrer noopener\">GP2<\/a><\/strong><\/p>\n\n\n\n<figure class=\"wp-block-embed is-type-video is-provider-youtube wp-block-embed-youtube wp-embed-aspect-4-3 wp-has-aspect-ratio\"><div class=\"wp-block-embed__wrapper\">\n<iframe loading=\"lazy\" title=\"6H DE S\u00c3O PAULO AO VIVO E COM IMAGENS | CLASSIFICA\u00c7\u00c3O E HIPERPOLE | 5\u00aa ETAPA | FIA WEC 2025\" width=\"500\" height=\"281\" src=\"https:\/\/www.youtube.com\/embed\/PqtBkPLCSPQ?feature=oembed\" frameborder=\"0\" allow=\"accelerometer; autoplay; clipboard-write; encrypted-media; gyroscope; picture-in-picture; web-share\" referrerpolicy=\"strict-origin-when-cross-origin\" allowfullscreen><\/iframe>\n<\/div><\/figure>\n","protected":false},"excerpt":{"rendered":"<p>A Cadillac #12 conquistou a segunda pole seguida na temporada 2025 do WEC. Dudu Barrichello levou o p\u00fablico brasileiro \u00e0 loucura em Interlagos com a pole na LMGT3<\/p>\n","protected":false},"author":0,"featured_media":1000991593,"comment_status":"closed","ping_status":"closed","sticky":false,"template":"","format":"standard","meta":{"42wp_featured_image_caption":"","42wp_featured_image_credits":"","42wp_featured_video":"","42wp_featured_image_hidden":false,"42wp_authors_list":[],"footnotes":""},"categories":[52],"tags":[35263,5660,1420,1491,43384,792,124,36726,34540,37574,37575,42283],"42wp_author":[47162],"class_list":["post-20006","post","type-post","status-publish","format-standard","has-post-thumbnail","hentry","category-wec","tag-6-horas-sao-paulo","tag-classificacao","tag-dudu-barrichello","tag-grande-premio","tag-grandepremio-wec","tag-hipercarros","tag-interlagos","tag-lmgt3","tag-wec-2025","tag-wec-ao-vivo","tag-wec-live","tag-wec-tv-2025","42wp_author-giovani-danjo"],"_links":{"self":[{"href":"https:\/\/grandepremio.com\/br\/wp-json\/wp\/v2\/posts\/20006","targetHints":{"allow":["GET"]}}],"collection":[{"href":"https:\/\/grandepremio.com\/br\/wp-json\/wp\/v2\/posts"}],"about":[{"href":"https:\/\/grandepremio.com\/br\/wp-json\/wp\/v2\/types\/post"}],"replies":[{"embeddable":true,"href":"https:\/\/grandepremio.com\/br\/wp-json\/wp\/v2\/comments?post=20006"}],"version-history":[{"count":0,"href":"https:\/\/grandepremio.com\/br\/wp-json\/wp\/v2\/posts\/20006\/revisions"}],"wp:featuredmedia":[{"embeddable":true,"href":"https:\/\/grandepremio.com\/br\/wp-json\/wp\/v2\/media\/1000991593"}],"wp:attachment":[{"href":"https:\/\/grandepremio.com\/br\/wp-json\/wp\/v2\/media?parent=20006"}],"wp:term":[{"taxonomy":"category","embeddable":true,"href":"https:\/\/grandepremio.com\/br\/wp-json\/wp\/v2\/categories?post=20006"},{"taxonomy":"post_tag","embeddable":true,"href":"https:\/\/grandepremio.com\/br\/wp-json\/wp\/v2\/tags?post=20006"},{"taxonomy":"42wp_author","embeddable":true,"href":"https:\/\/grandepremio.com\/br\/wp-json\/wp\/v2\/42wp_author?post=20006"}],"curies":[{"name":"wp","href":"https:\/\/api.w.org\/{rel}","templated":true}]}}