{"id":20013,"date":"2025-07-12T14:17:09","date_gmt":"2025-07-12T17:17:09","guid":{"rendered":"https:\/\/grandepremio.com\/br\/noticias\/pascal-wehrlein-diminui-frente-oliver-rowland-mantem-briga-viva-confira-classificacao-formula-e\/"},"modified":"2025-07-26T16:48:57","modified_gmt":"2025-07-26T19:48:57","slug":"pascal-wehrlein-diminui-frente-oliver-rowland-mantem-briga-viva-confira-classificacao-formula-e","status":"publish","type":"post","link":"https:\/\/grandepremio.com\/br\/formula-e\/pascal-wehrlein-diminui-frente-oliver-rowland-mantem-briga-viva-confira-classificacao-formula-e\/","title":{"rendered":"Wehrlein diminui frente de Rowland e mant\u00e9m briga viva. Confira classifica\u00e7\u00e3o da F\u00f3rmula E"},"content":{"rendered":"\n<p class=\"wp-block-paragraph\">A primeira chance que <strong>Oliver Rowland<\/strong> tinha de conquistar o t\u00edtulo de maneira oficial e encerrar a briga no <strong>Mundial de Pilotos 2024\/25<\/strong> da <strong>F\u00f3rmula E<\/strong> caiu por terra. Na manh\u00e3 deste domingo (12), o l\u00edder do campeonato abandonou <strong><a href=\"https:\/\/www.grandepremio.com\/br\/formula-e\/noticias\/mitch-evans-segura-pascal-wehrlein-vence-ep-berlim-felipe-drugovich-sergio-sette-camara-sofrem\/\">a prova que abriu a rodada dupla em Berlim<\/a><\/strong>, \u00e9 verdade, mas n\u00e3o levaria a melhor de qualquer jeito j\u00e1 que <strong>Pascal Wehrlein<\/strong> teve boa exibi\u00e7\u00e3o e garantiu o p\u00f3dio. O campeonato ainda vive, ao menos para mais um dia.<\/p>\n\n\n\n<p class=\"wp-block-paragraph\">Wehrlein ficou com a segunda coloca\u00e7\u00e3o da primeira perna da rodada dupla do eP de Berlim e ainda anotou o ponto extra pela volta mais r\u00e1pida da corrida. Com isso, foi a 122 pontos, enquanto Rowland, que abandonou ap\u00f3s se envolver em enrosco com <strong>Stoffel Vandoorne<\/strong> e <strong>Felipe Drugovich<\/strong>, manteve os 172. Com 87 pontos ainda em disputa, os 50 que separam os dois n\u00e3o permitem festa pelos lados do ingl\u00eas.<\/p>\n\n\n\n<p class=\"wp-block-paragraph\"><strong>Taylor Barnard<\/strong> foi o quarto colocado na prova e virou o terceiro a cruzar a marca de 100 pontos na temporada, indo a 104. <strong>Ant\u00f3nio F\u00e9lix da Costa<\/strong>, com 99, \u00e9 o \u00faltimo que ainda tem chances matem\u00e1ticas de t\u00edtulo. <strong>Dan Ticktum<\/strong> (82 pontos), <strong>Edoardo Mortara<\/strong> (80), <strong>Maximilian G\u00fcnther<\/strong> (79), <strong>Nick Cassidy<\/strong> (76), <strong>Jean-\u00c9ric Vergne<\/strong> (74) e <strong>S\u00e9bastien Buemi<\/strong> (69) completam o top-10. <strong>Lucas Di Grassi <\/strong>continua com 30, enquanto <strong>S\u00e9rgio Sette C\u00e2mara<\/strong> e Drugovich, que estrearam no campeonato, ficaram no zero. <strong>Mitch Evans<\/strong>, vencedor da corrida, foi a 50 e assumiu o 13\u00ba lugar.<\/p>\n\n\n\n<p class=\"wp-block-paragraph\">No Mundial de Equipes, a <strong>Porsche<\/strong> botou mais 20 pontos de frente em rela\u00e7\u00e3o \u00e0 <strong>Nissan<\/strong>, que zerou. Agora, a contagem aponta 221 tentos dos alem\u00e3es contra 191 da marca felina. <strong>DS Penske<\/strong> (153), <strong>Mahindra<\/strong> (136), <strong>McLaren<\/strong> (135),<strong> Jaguar<\/strong> (129) e <strong>Andretti <\/strong>(107) s\u00e3o as outras que cruzaram a marca centen\u00e1ria.<\/p>\n\n\n\n<figure class=\"wp-block-image size-full\"><img decoding=\"async\" src=\"https:\/\/www.grandepremio.com\/br\/wp-content\/uploads\/2025\/07\/SG1_0658_Fy38M7L4_20250712031123.jpeg\" alt=\"\" class=\"wp-image-991469\"\/><figcaption class=\"wp-element-caption\">Mitch Evans ganhou a primeira corrida do fim de semana em Berlim (Foto: F\u00f3rmula E)<\/figcaption><\/figure>\n\n\n\n<p class=\"wp-block-paragraph\">Por fim, no Mundial de Construtores, a Porsche tomou a lideran\u00e7a da Nissan e agora tem 320 a 315 pontos. A Jaguar foi aos 244 pontos e assumiu o terceiro posto, com <strong>Stellantis<\/strong> (225), <strong>Mahindra<\/strong> (165) e <strong>Lola Yamaha <\/strong>(47) na sequ\u00eancia.<\/p>\n\n\n\n<p class=\"wp-block-paragraph\">A&nbsp;<a href=\"https:\/\/www.grandepremio.com\/br\/formula-e\/\" target=\"_blank\" rel=\"noreferrer noopener\"><\/a><a href=\"https:\/\/www.grandepremio.com\/br\/formula-e\/\" target=\"_blank\" rel=\"noreferrer noopener\">F\u00f3rmula E<\/a>&nbsp;volta a acelerar a partir das&nbsp;<strong>3h55<\/strong>&nbsp;(hor\u00e1rio de Bras\u00edlia, GMT-3) do domingo (13) com o<strong>&nbsp;TL3<\/strong>&nbsp;do&nbsp;<strong>eP de&nbsp;<a href=\"https:\/\/www.grandepremio.com\/br\/circuito\/berlim\/\" target=\"_blank\" rel=\"noreferrer noopener\">Berlim<\/a>,<\/strong>&nbsp;direto da&nbsp;<strong>Alemanha<\/strong>. A classifica\u00e7\u00e3o para a&nbsp;<strong>corrida 2<\/strong>&nbsp;acontece a partir das&nbsp;<strong>6h<\/strong>&nbsp;e a segunda prova do fim de semana tem largada prevista para&nbsp;<strong>10h30<\/strong>. Emissora oficial no Brasil, o&nbsp;<strong>GRANDE PR\u00caMIO&nbsp;<\/strong>transmite todas as atividades de pista&nbsp;<strong>AO VIVO<\/strong>&nbsp;e&nbsp;<strong>COM IMAGENS<\/strong>, no&nbsp;<strong><a href=\"https:\/\/www.youtube.com\/@GrandePremio1\">YouTube<\/a>&nbsp;<\/strong>e no&nbsp;<strong><a href=\"https:\/\/www.kwai.com\/@grandepremio?lang=pt-BR\">Kwai<\/a><\/strong>, e ainda faz a cobertura do evento&nbsp;<strong>IN LOCO<\/strong>, diretamente do&nbsp;<strong>Aeroporto de Tempelhof,&nbsp;<\/strong>com&nbsp;<strong>JP Nascimento<\/strong>.<\/p>\n\n\n\n<p class=\"wp-block-paragraph\"><strong>\u25b6\ufe0f&nbsp;Inscreva-se nos dois canais do GRANDE PR\u00caMIO no YouTube:&nbsp;<a href=\"https:\/\/www.youtube.com\/channel\/UC9OlHEgxoaY6QY6nWPoiqQg?sub_confirmation=1\" target=\"_blank\" rel=\"noreferrer noopener\">GP<\/a>&nbsp;|&nbsp;<a href=\"https:\/\/www.youtube.com\/channel\/UC9csiS6q_C3C0FYhyr1rnFA?sub_confirmation=1\" target=\"_blank\" rel=\"noreferrer noopener\">GP2<\/a><\/strong><\/p>\n\n\n\n<h3 class=\"wp-block-heading\" id=\"h-formula-e-2024-25-mundial-de-pilotos-apos-13-corridas\"><strong>F\u00f3rmula E 2024\/25, Mundial de Pilotos ap\u00f3s 13 corridas:<\/strong><\/h3>\n\n\n\n<figure class=\"wp-block-table\"><table class=\"has-fixed-layout\"><tbody><tr><td>Pos.<\/td><td>Piloto<\/td><td>Equipe<\/td><td>Poles<\/td><td>Vit\u00f3rias<\/td><td>P\u00f3dios<\/td><td>VMR<\/td><td>PONTOS<\/td><\/tr><tr><td>1<\/td><td>O ROWLAND<\/td><td>Nissan<\/td><td>2<\/td><td>4<\/td><td>7<\/td><td>\u2014<\/td><td>172<\/td><\/tr><tr><td>2<\/td><td>P WEHRLEIN<\/td><td>Porsche<\/td><td>2<\/td><td>1<\/td><td>5<\/td><td>4<\/td><td>122<\/td><\/tr><tr><td>3<\/td><td>T BARNARD<\/td><td>McLaren<\/td><td>2<\/td><td>\u2014<\/td><td>5<\/td><td>1<\/td><td>104<\/td><\/tr><tr><td>4<\/td><td>A.F DA COSTA<\/td><td>Porsche<\/td><td>\u2014<\/td><td>\u2014<\/td><td>4<\/td><td>2<\/td><td>99<\/td><\/tr><tr><td>5<\/td><td>D TICKTUM<\/td><td>Cupra Kiro<\/td><td>\u2014<\/td><td>1<\/td><td>2<\/td><td>\u2014<\/td><td>82<\/td><\/tr><tr><td>6<\/td><td>E MORTARA<\/td><td>Mahindra<\/td><td>\u2014<\/td><td>\u2014<\/td><td>2<\/td><td>\u2014<\/td><td>80<\/td><\/tr><tr><td>7<\/td><td>M G\u00dcNTHER<\/td><td>DS Penske<\/td><td>2<\/td><td>2<\/td><td>2<\/td><td>1<\/td><td>79<\/td><\/tr><tr><td>8<\/td><td>N CASSIDY<\/td><td>Jaguar<\/td><td>1<\/td><td>1<\/td><td>2<\/td><td>1<\/td><td>76<\/td><\/tr><tr><td>9<\/td><td>J.E VERGNE<\/td><td>DS Penske<\/td><td>\u2014<\/td><td>\u2014<\/td><td>1<\/td><td>\u2014<\/td><td>74<\/td><\/tr><tr><td>10<\/td><td>S BUEMI<\/td><td>Envision<\/td><td>\u2014<\/td><td>1<\/td><td>2<\/td><td>1<\/td><td>68<\/td><\/tr><tr><td>11<\/td><td>J DENNIS<\/td><td>Andretti<\/td><td>1<\/td><td>\u2014<\/td><td>1<\/td><td>1<\/td><td>59<\/td><\/tr><tr><td>12<\/td><td>N DE VRIES<\/td><td>Mahindra<\/td><td>\u2014<\/td><td>\u2014<\/td><td>1<\/td><td>\u2014<\/td><td>56<\/td><\/tr><tr><td>13<\/td><td>M EVANS<\/td><td>Jaguar<\/td><td>1<\/td><td>2<\/td><td>2<\/td><td>\u2014<\/td><td>50<\/td><\/tr><tr><td>14<\/td><td>S VANDOORNE<\/td><td>Maserati<\/td><td>\u2014<\/td><td>1<\/td><td>1<\/td><td>\u2014<\/td><td>50<\/td><\/tr><tr><td>15<\/td><td>N M\u00dcLLER<\/td><td>Andretti<\/td><td>\u2014<\/td><td>\u2014<\/td><td>\u2014<\/td><td>\u2014<\/td><td>48<\/td><\/tr><tr><td>16<\/td><td>J HUGHES<\/td><td>Maserati<\/td><td>\u2014<\/td><td>\u2014<\/td><td>1<\/td><td>1<\/td><td>39<\/td><\/tr><tr><td>17<\/td><td>S BIRD<\/td><td>McLaren<\/td><td>\u2014<\/td><td>\u2014<\/td><td>\u2014<\/td><td>1<\/td><td>31<\/td><\/tr><tr><td>18<\/td><td>L DI GRASSI<\/td><td>Lola Yamaha ABT<\/td><td>\u2014<\/td><td>\u2014<\/td><td>1<\/td><td>\u2014<\/td><td>30<\/td><\/tr><tr><td>19<\/td><td>N NATO<\/td><td>Nissan<\/td><td>1<\/td><td>\u2014<\/td><td>\u2014<\/td><td>\u2014<\/td><td>19<\/td><\/tr><tr><td>20<\/td><td>R FRIJNS<\/td><td>Envision<\/td><td>\u2014<\/td><td>\u2014<\/td><td>\u2014<\/td><td>\u2014<\/td><td>17<\/td><\/tr><tr><td>21<\/td><td>Z MALONEY<\/td><td>Lola Yamaha ABT<\/td><td>\u2014<\/td><td>\u2014<\/td><td>\u2014<\/td><td>\u2014<\/td><td>0<\/td><\/tr><tr><td>22<\/td><td>D BECKMANN<\/td><td>Cupra Kiro<\/td><td>\u2014<\/td><td>\u2014<\/td><td>\u2014<\/td><td>\u2014<\/td><td>0<\/td><\/tr><tr><td>23<\/td><td>S SETTE C\u00c2MARA<\/td><td>Nissan<\/td><td>\u2014<\/td><td>\u2014<\/td><td>\u2014<\/td><td>\u2014<\/td><td>0<\/td><\/tr><tr><td>24<\/td><td>F DRUGOVICH<\/td><td>Mahindra<\/td><td>\u2014<\/td><td>\u2014<\/td><td>\u2014<\/td><td>\u2014<\/td><td>0<\/td><\/tr><\/tbody><\/table><\/figure>\n\n\n\n<h3 class=\"wp-block-heading\" id=\"h-formula-e-2024-25-mundial-de-equipes-apos-13-corridas\">F\u00f3rmula E 2024\/25, Mundial de Equipes ap\u00f3s 13 corridas:<\/h3>\n\n\n\n<figure class=\"wp-block-table\"><table class=\"has-fixed-layout\"><tbody><tr><td>Pos.<\/td><td>Equipe<\/td><td>&nbsp;<\/td><td>Poles<\/td><td>Vit\u00f3rias<\/td><td>P\u00f3dios<\/td><td>VMR<\/td><td>PONTOS<\/td><td>&nbsp;<\/td><\/tr><tr><td>1<\/td><td>PORSCHE<\/td><td><\/td><td>2<\/td><td>1<\/td><td>9<\/td><td>7<\/td><td>221<\/td><td>&nbsp;<\/td><\/tr><tr><td>2<\/td><td>NISSAN<\/td><td><\/td><td>3<\/td><td>4<\/td><td>7<\/td><td>\u2014<\/td><td>191<\/td><td>&nbsp;<\/td><\/tr><tr><td>3<\/td><td>DS PENSKE<\/td><td><\/td><td>2<\/td><td>2<\/td><td>3<\/td><td>1<\/td><td>153<\/td><td>&nbsp;<\/td><\/tr><tr><td>4<\/td><td>MAHINDRA<\/td><td><\/td><td>\u2014<\/td><td>\u2014<\/td><td>3<\/td><td>\u2014<\/td><td>136<\/td><td>&nbsp;<\/td><\/tr><tr><td>5<\/td><td>McLAREN<\/td><td><\/td><td>2<\/td><td>\u2014<\/td><td>5<\/td><td>2<\/td><td>135<\/td><td>&nbsp;<\/td><\/tr><tr><td>6<\/td><td>JAGUAR<\/td><td><\/td><td>2<\/td><td>3<\/td><td>4<\/td><td>1<\/td><td>129<\/td><td>&nbsp;<\/td><\/tr><tr><td>7<\/td><td>ANDRETTI<\/td><td><\/td><td>1<\/td><td>\u2014<\/td><td>1<\/td><td>1<\/td><td>107<\/td><td>&nbsp;<\/td><\/tr><tr><td>8<\/td><td>MASERATI<\/td><td><\/td><td>\u2014<\/td><td>1<\/td><td>2<\/td><td>1<\/td><td>89<\/td><td>&nbsp;<\/td><\/tr><tr><td>9<\/td><td>ENVISION<\/td><td><\/td><td>\u2014<\/td><td>1<\/td><td>2<\/td><td>1<\/td><td>86<\/td><td>&nbsp;<\/td><\/tr><tr><td>10<\/td><td>CUPRA KIRO<\/td><td><\/td><td>\u2014<\/td><td>1<\/td><td>2<\/td><td>\u2014<\/td><td>82<\/td><td>&nbsp;<\/td><\/tr><tr><td>11<\/td><td>LOLA YAMAHA ABT<\/td><td><\/td><td>\u2014<\/td><td>\u2014<\/td><td>1<\/td><td>\u2014<\/td><td>30<\/td><td>&nbsp;<\/td><\/tr><\/tbody><\/table><\/figure>\n\n\n\n<h3 class=\"wp-block-heading\" id=\"h-formula-e-2024-25-mundial-de-construtores-apos-13-corridas\">F\u00f3rmula E 2024\/25, Mundial de Construtores ap\u00f3s 13 corridas:<\/h3>\n\n\n\n<figure class=\"wp-block-table\"><table class=\"has-fixed-layout\"><tbody><tr><td>Pos.<\/td><td>Fabricante<\/td><td>&nbsp;<\/td><td>Poles<\/td><td>Vit\u00f3rias<\/td><td>P\u00f3dios<\/td><td>VMR<\/td><td>PONTOS<\/td><\/tr><tr><td>1<\/td><td>PORSCHE<\/td><td><\/td><td>3<\/td><td>2<\/td><td>12<\/td><td>7<\/td><td>320<\/td><\/tr><tr><td>2<\/td><td>NISSAN<\/td><td><\/td><td>5<\/td><td>4<\/td><td>12<\/td><td>2<\/td><td>315<\/td><\/tr><tr><td>3<\/td><td>JAGUAR<\/td><td><\/td><td>2<\/td><td>4<\/td><td>6<\/td><td>2<\/td><td>244<\/td><\/tr><tr><td>4<\/td><td>STELLANTIS<\/td><td><\/td><td>1<\/td><td>3<\/td><td>5<\/td><td>2<\/td><td>225<\/td><\/tr><tr><td>5<\/td><td>MAHINDRA<\/td><td><\/td><td>\u2014<\/td><td>\u2014<\/td><td>3<\/td><td>\u2014<\/td><td>162<\/td><\/tr><tr><td>6<\/td><td>LOLA<\/td><td><\/td><td>\u2014<\/td><td>\u2014<\/td><td>1<\/td><td>\u2014<\/td><td>47<\/td><\/tr><\/tbody><\/table><\/figure>\n\n\n\n<figure class=\"wp-block-embed is-type-video is-provider-youtube wp-block-embed-youtube wp-embed-aspect-16-9 wp-has-aspect-ratio\"><div class=\"wp-block-embed__wrapper\">\n<iframe loading=\"lazy\" title=\"eP DE BERLIM | F\u00d3RMULA E 2024\/2025 AO VIVO E COM FELIPE DRUGOVICH | CORRIDA 1 | 13\u00aa ETAPA\" width=\"500\" height=\"281\" src=\"https:\/\/www.youtube.com\/embed\/mx59-roGwiI?feature=oembed\" frameborder=\"0\" allow=\"accelerometer; autoplay; clipboard-write; encrypted-media; gyroscope; picture-in-picture; web-share\" referrerpolicy=\"strict-origin-when-cross-origin\" allowfullscreen><\/iframe>\n<\/div><figcaption class=\"wp-element-caption\">eP DE BERLIM | F\u00d3RMULA E 2024\/2025 AO VIVO E COM IMAGENS | CORRIDA 1 | 13\u00aa ETAPA<\/figcaption><\/figure>\n","protected":false},"excerpt":{"rendered":"<p>Pelo menos o primeiro match-point de Oliver Rowland est\u00e1 cancelado: n\u00e3o teve grito de campe\u00e3o na corrida 1 da F\u00f3rmula 1 em Berlim, gra\u00e7as ao desempenho de Pascal Wehrlein<\/p>\n","protected":false},"author":0,"featured_media":1000991360,"comment_status":"closed","ping_status":"closed","sticky":false,"template":"","format":"standard","meta":{"42wp_featured_image_caption":"","42wp_featured_image_credits":"","42wp_featured_video":"","42wp_featured_image_hidden":false,"42wp_authors_list":[],"footnotes":""},"categories":[19],"tags":[417,25774,5660,41812,985,5449,31465,949,10437,44110,4981,1024,38802,44109,34647,39464,39341,37545,33841,41655,910,8928,4621,851,39730,966,1172,8870,912,90,909,2128,2349,894,1722,1556,965,36219,1194,736,1593,976,876,1025,967,32748,28107],"42wp_author":[47120],"class_list":["post-20013","post","type-post","status-publish","format-standard","has-post-thumbnail","hentry","category-formula-e","tag-andretti","tag-antonio-felix-da-costa","tag-classificacao","tag-cupra-kiro","tag-dan-ticktum","tag-david-beckmann","tag-ds-penske","tag-edoardo-mortara","tag-envision","tag-ep-berlin","tag-ep-de-berlim","tag-felipe-drugovich","tag-formula-e-2025","tag-formula-e-alemanha","tag-formula-e-ao-vivo","tag-formula-e-berlim","tag-formula-e-berlin","tag-formula-e-live","tag-formula-e-no-grande-premio","tag-formula-e-tv-2025","tag-jaguar","tag-jake-dennis","tag-jake-hughes","tag-jean-eric-vergne","tag-lola-yamaha","tag-lucas-di-grassi","tag-mahindra","tag-maserati","tag-maximilian-gunther","tag-mclaren","tag-mitch-evans","tag-nick-cassidy","tag-nico-muller","tag-nissan","tag-norman-nato","tag-nyck-de-vries","tag-oliver-rowland","tag-onde-assistir-formula-e","tag-pascal-wehrlein","tag-porsche","tag-robin-frijns","tag-sam-bird","tag-sebastien-buemi","tag-sergio-sette-camara","tag-stoffel-vandoorne","tag-taylor-barnard","tag-zane-maloney","42wp_author-pedro-henrique-marum"],"_links":{"self":[{"href":"https:\/\/grandepremio.com\/br\/wp-json\/wp\/v2\/posts\/20013","targetHints":{"allow":["GET"]}}],"collection":[{"href":"https:\/\/grandepremio.com\/br\/wp-json\/wp\/v2\/posts"}],"about":[{"href":"https:\/\/grandepremio.com\/br\/wp-json\/wp\/v2\/types\/post"}],"replies":[{"embeddable":true,"href":"https:\/\/grandepremio.com\/br\/wp-json\/wp\/v2\/comments?post=20013"}],"version-history":[{"count":0,"href":"https:\/\/grandepremio.com\/br\/wp-json\/wp\/v2\/posts\/20013\/revisions"}],"wp:featuredmedia":[{"embeddable":true,"href":"https:\/\/grandepremio.com\/br\/wp-json\/wp\/v2\/media\/1000991360"}],"wp:attachment":[{"href":"https:\/\/grandepremio.com\/br\/wp-json\/wp\/v2\/media?parent=20013"}],"wp:term":[{"taxonomy":"category","embeddable":true,"href":"https:\/\/grandepremio.com\/br\/wp-json\/wp\/v2\/categories?post=20013"},{"taxonomy":"post_tag","embeddable":true,"href":"https:\/\/grandepremio.com\/br\/wp-json\/wp\/v2\/tags?post=20013"},{"taxonomy":"42wp_author","embeddable":true,"href":"https:\/\/grandepremio.com\/br\/wp-json\/wp\/v2\/42wp_author?post=20013"}],"curies":[{"name":"wp","href":"https:\/\/api.w.org\/{rel}","templated":true}]}}