{"id":20018,"date":"2025-07-12T12:56:55","date_gmt":"2025-07-12T15:56:55","guid":{"rendered":"https:\/\/grandepremio.com\/br\/noticias\/mitch-evans-desabafa-apos-fim-jejum-vitorias-formula-e-berlim-precisavamos-disso\/"},"modified":"2025-07-14T16:26:42","modified_gmt":"2025-07-14T19:26:42","slug":"mitch-evans-desabafa-apos-fim-jejum-vitorias-formula-e-berlim-precisavamos-disso","status":"publish","type":"post","link":"https:\/\/grandepremio.com\/br\/formula-e\/mitch-evans-desabafa-apos-fim-jejum-vitorias-formula-e-berlim-precisavamos-disso\/","title":{"rendered":"Evans desabafa ap\u00f3s fim do jejum de vit\u00f3rias na F\u00f3rmula E em Berlim: &#8220;Precis\u00e1vamos disso&#8221;"},"content":{"rendered":"\n<p class=\"wp-block-paragraph\"><strong>Mitch Evans<\/strong> comemorou muito a <strong><a href=\"https:\/\/www.grandepremio.com\/br\/formula-e\/noticias\/mitch-evans-segura-pascal-wehrlein-vence-ep-berlim-felipe-drugovich-sergio-sette-camara-sofrem\/\">vit\u00f3ria no eP de Berlim 1 da F\u00f3rmula E<\/a><\/strong>, neste s\u00e1bado (12), ao segurar a forte press\u00e3o de <strong>Pascal Wehrlein<\/strong> nas voltas finais para cruzar a linha de chegada na frente. O neozeland\u00eas da <strong>Jaguar<\/strong> definiu o resultado como &#8220;inesperado&#8221; e ressaltou a import\u00e2ncia da <strong>estrat\u00e9gia<\/strong> e do ritmo do carro para controlar uma corrida cheia de incidentes e dificuldades na parte final.<\/p>\n\n\n\n<p class=\"wp-block-paragraph\">Foi o <strong>primeiro triunfo de Mitch desde o eP de S\u00e3o Paulo<\/strong>, em dezembro do ano passado. Ap\u00f3s brigar pelo t\u00edtulo nos \u00faltimos tr\u00eas anos, o neozeland\u00eas <strong>n\u00e3o conseguia nem pontuar<\/strong> depois da vit\u00f3ria na prova de abertura da temporada.<\/p>\n\n\n\n<p class=\"wp-block-paragraph\">&#8220;<strong>N\u00e3o esperava vencer hoje<\/strong>. As coisas n\u00e3o foram da forma que gostar\u00edamos desde S\u00e3o Paulo. <strong>A equipe precisava muito dessa vit\u00f3ria<\/strong>, ent\u00e3o estou muito feliz&#8221;, celebrou.<\/p>\n\n\n\n<p class=\"wp-block-paragraph\">&#8220;Teve muita confus\u00e3o na corrida, precisei controlar bastante coisa na parte final, como os freios,<strong> ent\u00e3o foi muito dif\u00edcil<\/strong>. Fui perdendo a vantagem, mas <strong>o carro respondeu bem e a estrat\u00e9gia foi \u00f3tima<\/strong>&#8220;, analisou.<\/p>\n\n\n\n<figure class=\"wp-block-image size-large\"><img decoding=\"async\" src=\"https:\/\/www.grandepremio.com\/br\/wp-content\/uploads\/2025\/07\/2G7A6198_pl3DX8kv_20250712110927-2048x2048-1-1200x800.jpg\" alt=\"\" class=\"wp-image-991331\"\/><figcaption class=\"wp-element-caption\">Mitch Evans (Foto: F\u00f3rmula E)<\/figcaption><\/figure>\n\n\n\n<p class=\"wp-block-paragraph\">A vit\u00f3ria de Mitch foi constru\u00edda desde a classifica\u00e7\u00e3o, na qual conquistou a pole com <strong>atua\u00e7\u00e3o dominante<\/strong>, mesmo sob forte chuva. Na corrida, manteve a ponta com <strong>uso certeiro do Modo Ataque e do Pit Boost<\/strong> e suportou os ataques do alem\u00e3o da <strong>Porsche<\/strong> nas \u00faltimas voltas.<\/p>\n\n\n\n<p class=\"wp-block-paragraph\">Evans tamb\u00e9m fez quest\u00e3o de enaltecer o companheiro de equipe <strong>Nick Cassidy<\/strong>, que fez excelente prova de recupera\u00e7\u00e3o e terminou em quinto ap\u00f3s largar em 21\u00ba.<\/p>\n\n\n\n<p class=\"wp-block-paragraph\">\u201c<strong>Quero tamb\u00e9m exaltar o desempenho do Nick<\/strong>, \u00e9 um grande resultado para a equipe. Temos trabalho a fazer ainda, mas \u00e9 uma <strong>recompensa muito legal<\/strong> pelo trabalho incessante do time. <strong>Podemos comemorar esse dia<\/strong>\u201d, concluiu.<\/p>\n\n\n\n<p class=\"wp-block-paragraph\">A&nbsp;<a href=\"https:\/\/www.grandepremio.com\/br\/formula-e\/\" target=\"_blank\" rel=\"noreferrer noopener\"><\/a><a href=\"https:\/\/www.grandepremio.com\/br\/formula-e\/\" target=\"_blank\" rel=\"noreferrer noopener\">F\u00f3rmula E<\/a>&nbsp;volta a acelerar a partir das&nbsp;<strong>5h10<\/strong>&nbsp;(hor\u00e1rio de Bras\u00edlia, GMT-3) do domingo (13) com o<strong>&nbsp;TL3<\/strong>&nbsp;do&nbsp;<strong>eP de&nbsp;<a href=\"https:\/\/www.grandepremio.com\/br\/circuito\/berlim\/\" target=\"_blank\" rel=\"noreferrer noopener\">Berlim<\/a>,<\/strong>&nbsp;direto da&nbsp;<strong>Alemanha<\/strong>. A classifica\u00e7\u00e3o para a&nbsp;<strong>corrida 2<\/strong>&nbsp;acontece a partir das&nbsp;<strong>6h20<\/strong>&nbsp;e a segunda prova do fim de semana tem largada prevista para&nbsp;<strong>11h05<\/strong>. Emissora oficial no Brasil, o&nbsp;<strong>GRANDE PR\u00caMIO&nbsp;<\/strong>transmite todas as atividades de pista&nbsp;<strong>AO VIVO<\/strong>&nbsp;e&nbsp;<strong>COM IMAGENS<\/strong>, no&nbsp;<strong><a href=\"https:\/\/www.youtube.com\/@GrandePremio1\">YouTube<\/a>&nbsp;<\/strong>e no&nbsp;<strong><a href=\"https:\/\/www.kwai.com\/@grandepremio?lang=pt-BR\">Kwai<\/a><\/strong>, e ainda faz a cobertura do evento&nbsp;<strong>IN LOCO<\/strong>, diretamente do&nbsp;<strong>Aeroporto de Tempelhof,&nbsp;<\/strong>com&nbsp;<strong>JP Nascimento<\/strong>.<\/p>\n\n\n\n<figure class=\"wp-block-embed is-type-video is-provider-youtube wp-block-embed-youtube wp-embed-aspect-4-3 wp-has-aspect-ratio\"><div class=\"wp-block-embed__wrapper\">\n<iframe loading=\"lazy\" title=\"eP DE BERLIM | F\u00d3RMULA E 2024\/2025 AO VIVO E COM FELIPE DRUGOVICH | CORRIDA 1 | 13\u00aa ETAPA\" width=\"500\" height=\"281\" src=\"https:\/\/www.youtube.com\/embed\/mx59-roGwiI?feature=oembed\" frameborder=\"0\" allow=\"accelerometer; autoplay; clipboard-write; encrypted-media; gyroscope; picture-in-picture; web-share\" referrerpolicy=\"strict-origin-when-cross-origin\" allowfullscreen><\/iframe>\n<\/div><\/figure>\n","protected":false},"excerpt":{"rendered":"<p>Mitch Evans resistiu \u00e0 press\u00e3o de Pascal Wehrlein nas \u00faltimas voltas e conquistou primeira vit\u00f3ria desde S\u00e3o Paulo, em dezembro de 2024<\/p>\n","protected":false},"author":0,"featured_media":1000991469,"comment_status":"closed","ping_status":"closed","sticky":false,"template":"","format":"standard","meta":{"42wp_featured_image_caption":"","42wp_featured_image_credits":"","42wp_featured_video":"","42wp_featured_image_hidden":false,"42wp_authors_list":[],"footnotes":""},"categories":[19],"tags":[44048,28679,6853,4981,44047,44046,840,38802,1491,28285,35442,910,909,36219,1194,41542],"42wp_author":[47164],"class_list":["post-20018","post","type-post","status-publish","format-standard","has-post-thumbnail","hentry","category-formula-e","tag-berlim-2025","tag-calendario-formula-e","tag-classificacao-formula-e","tag-ep-de-berlim","tag-ep-de-berlim-2025","tag-ep-de-berlim-de-formula-e","tag-formula-e","tag-formula-e-2025","tag-grande-premio","tag-grandepremio","tag-horarios-formula-e","tag-jaguar","tag-mitch-evans","tag-onde-assistir-formula-e","tag-pascal-wehrlein","tag-temporada-2025-da-formula-e","42wp_author-marcos-gil-ribeiro"],"_links":{"self":[{"href":"https:\/\/grandepremio.com\/br\/wp-json\/wp\/v2\/posts\/20018","targetHints":{"allow":["GET"]}}],"collection":[{"href":"https:\/\/grandepremio.com\/br\/wp-json\/wp\/v2\/posts"}],"about":[{"href":"https:\/\/grandepremio.com\/br\/wp-json\/wp\/v2\/types\/post"}],"replies":[{"embeddable":true,"href":"https:\/\/grandepremio.com\/br\/wp-json\/wp\/v2\/comments?post=20018"}],"version-history":[{"count":0,"href":"https:\/\/grandepremio.com\/br\/wp-json\/wp\/v2\/posts\/20018\/revisions"}],"wp:featuredmedia":[{"embeddable":true,"href":"https:\/\/grandepremio.com\/br\/wp-json\/wp\/v2\/media\/1000991469"}],"wp:attachment":[{"href":"https:\/\/grandepremio.com\/br\/wp-json\/wp\/v2\/media?parent=20018"}],"wp:term":[{"taxonomy":"category","embeddable":true,"href":"https:\/\/grandepremio.com\/br\/wp-json\/wp\/v2\/categories?post=20018"},{"taxonomy":"post_tag","embeddable":true,"href":"https:\/\/grandepremio.com\/br\/wp-json\/wp\/v2\/tags?post=20018"},{"taxonomy":"42wp_author","embeddable":true,"href":"https:\/\/grandepremio.com\/br\/wp-json\/wp\/v2\/42wp_author?post=20018"}],"curies":[{"name":"wp","href":"https:\/\/api.w.org\/{rel}","templated":true}]}}