{"id":20021,"date":"2025-07-12T12:28:56","date_gmt":"2025-07-12T15:28:56","guid":{"rendered":"https:\/\/grandepremio.com\/br\/noticias\/marc-marquez-mostra-garras-no-molhado-espanta-anticlimax-apos-susto-alemanha\/"},"modified":"2025-07-12T12:42:49","modified_gmt":"2025-07-12T15:42:49","slug":"marc-marquez-mostra-garras-no-molhado-espanta-anticlimax-apos-susto-alemanha","status":"publish","type":"post","link":"https:\/\/grandepremio.com\/br\/motogp\/marc-marquez-mostra-garras-no-molhado-espanta-anticlimax-apos-susto-alemanha\/","title":{"rendered":"Marc M\u00e1rquez mostra garras no molhado e espanta anticl\u00edmax ap\u00f3s susto na Alemanha"},"content":{"rendered":"\n<p class=\"wp-block-paragraph\"><strong>Marc M\u00e1rquez<\/strong> mostrou as garras neste s\u00e1bado (12) e, como j\u00e1 havia sido apontado pelo <strong>GRANDE PR\u00caMIO<\/strong> ap\u00f3s os treinos de sexta-feira (11), guardou sua for\u00e7a para o que realmente importa no <strong>GP da Alemanha<\/strong>: as corridas. Al\u00e9m de garantir a pole-position, na sprint deste s\u00e1bado, o catal\u00e3o deu uma dose extra de emo\u00e7\u00e3o ao f\u00e3 da <strong>MotoGP<\/strong> ao cometer um erro logo na primeira curva, caindo de primeiro para quinto. Mas, em meio \u00e0 chuva em <strong>Sachsenring<\/strong>, Marc <a href=\"https:\/\/www.grandepremio.com\/br\/motogp\/noticias\/marc-marquez-supera-erro-largada-escala-grid-vence-sprint-alemanha-francesco-bagnaia-12\/\">rasgou o tra\u00e7ado alem\u00e3o, escalou o pelot\u00e3o e garantiu mais uma vit\u00f3ria nas corridas curtas da temporada 2025<\/a>.<\/p>\n\n\n\n<p class=\"wp-block-paragraph\">As 15 voltas no trai\u00e7oeiro circuito foram suficientes para dar \u00e0 ele a chance de se redimir do erro e impedir uma zebra, ao menos na primeira disputa do fim de semana. <strong>Marco Bezzecchi<\/strong> fez uma corrida muito forte e chegou a abrir uma boa vantagem para <strong>Fabio Quartararo<\/strong> e at\u00e9 mesmo o #93, mas a diferen\u00e7a entre o piloto da <strong>Ducati <\/strong>e o restante do grid \u00e9 brutal. Em Sachsenring, maior ainda. Com sol ou chuva, isso ficou mais do que comprovado hoje.<\/p>\n\n\n\n<p class=\"wp-block-paragraph\">Ap\u00f3s a prova, Marc admitiu que poderia ter sido menos agressivo, mas o instinto sempre fala mais alto quando se trata de vencer.<\/p>\n\n\n\n<p class=\"wp-block-paragraph\">\u201cNo momento em que me senti bem com os pneus, pude acelerar. Tive paci\u00eancia e, quando os pneus atingiram a temperatura ideal, com a press\u00e3o correta, comecei a acelerar. \u00c9 verdade que depois de ultrapassar Quartararo eu deveria ter ficado l\u00e1, pensando no Mundial. Eu deveria ter pensado mais no campeonato, mas n\u00e3o. Quando estava l\u00e1, me deixei levar\u201d, admitiu.<\/p>\n\n\n\n<figure class=\"wp-block-image size-full\"><img decoding=\"async\" src=\"https:\/\/www.grandepremio.com\/br\/wp-content\/uploads\/2025\/07\/AFP__20250712__66LP8Q9__v1__MidRes__MotoPrixGerMotogpSprint.jpg\" alt=\"\" class=\"wp-image-991436\"\/><figcaption class=\"wp-element-caption\">Bezzecchi, Marc M\u00e1rquez e Quartararo (Foto: AFP)<\/figcaption><\/figure>\n\n\n\n<p class=\"wp-block-paragraph\"><strong>\u25b6\ufe0f\u00a0Inscreva-se nos dois canais do GRANDE PR\u00caMIO no YouTube:\u00a0<a href=\"https:\/\/www.youtube.com\/channel\/UC9OlHEgxoaY6QY6nWPoiqQg?sub_confirmation=1\" target=\"_blank\" rel=\"noreferrer noopener\">GP<\/a>\u00a0|\u00a0<a href=\"https:\/\/www.youtube.com\/channel\/UC9csiS6q_C3C0FYhyr1rnFA?sub_confirmation=1\" target=\"_blank\" rel=\"noreferrer noopener\">GP2<\/a><\/strong><\/p>\n\n\n\n<p class=\"wp-block-paragraph\">&#8220;A verdade \u00e9 que sofri muito mais nas duas primeiras voltas, rodando devagar, do que depois. Quando me deixei levar, fluir, tive menos sustos, consegui levantar a moto mais facilmente. \u00c9 claro que, para alcan\u00e7ar Bezzecchi, assumi riscos. Hoje \u00e9 dia de sorrir. Senti que podia acelerar. Veremos como ser\u00e1 amanh\u00e3\u201d, concluiu o octacampe\u00e3o mundial.<\/p>\n\n\n\n<p class=\"wp-block-paragraph\">Vale tamb\u00e9m uma men\u00e7\u00e3o a Quartararo, que finalmente encontrou ritmo com a <strong>M1<\/strong> e conseguiu uma medalha importante na prova curta, finalizando em 3\u00ba. A moto da <strong>Yamaha<\/strong> \u00e9 r\u00e1pida em volta lan\u00e7ada, mas precisa melhorar muito em ritmo de corrida para que o <strong>#20<\/strong> brigue mais. Talento \u00e9 ineg\u00e1vel, mas falta equipamento.<\/p>\n\n\n\n<p class=\"wp-block-paragraph\">J\u00e1 o ponto negativo do dia fica, mais uma vez, para <strong>Francesco Bagnaia<\/strong>, que terminou a sprint em <strong>12\u00ba<\/strong>. Do outro lado da garagem equipe de <strong>Bolonha<\/strong>, o semblante estampa uma incapacidade de atingir n\u00edveis superiores, embora a performance de Pecco tenha melhorado nas \u00faltimas corridas.<\/p>\n\n\n\n<figure class=\"wp-block-image size-full\"><img decoding=\"async\" src=\"https:\/\/www.grandepremio.com\/br\/wp-content\/uploads\/2025\/07\/AFP__20250711__66JU8JY__v1__MidRes__MotoPrixGerMotogpPractice.jpg\" alt=\"\" class=\"wp-image-991219\"\/><figcaption class=\"wp-element-caption\">Francesco Bagnaia (Foto: AFP)<\/figcaption><\/figure>\n\n\n\n<p class=\"wp-block-paragraph\">Na Alemanha, o fim de semana \u00e9 muito ruim e sem sinais de uma resposta para o domingo. O <strong>#63<\/strong> larga em 11\u00ba amanh\u00e3 e ter\u00e1 de performar como n\u00e3o performou at\u00e9 agora para salvar alguns pontos no campeonato.<\/p>\n\n\n\n<p class=\"wp-block-paragraph\">A&nbsp;<strong><a href=\"https:\/\/grandepremio.com\/motogp\/\" target=\"_blank\" rel=\"noreferrer noopener\">MotoGP<\/a><\/strong>&nbsp;volta a acelerar neste domingo (13), com a corrida principal do&nbsp;<strong>GP da Alemanha<\/strong>, em&nbsp;<strong><a href=\"https:\/\/www.grandepremio.com\/br\/circuito\/sachsenring\/\" target=\"_blank\" rel=\"noreferrer noopener\">Sachsenring<\/a><\/strong>, 11\u00aa etapa da temporada 2025. O&nbsp;<strong>GRANDE PR\u00caMIO&nbsp;<\/strong>faz a cobertura completa do evento, assim como das outras classes do&nbsp;<strong>Mundial de&nbsp;<a href=\"https:\/\/www.grandepremio.com\/motovelocidade\/\">Motovelocidade<\/a><\/strong><a href=\"https:\/\/www.grandepremio.com\/motovelocidade\/\">&nbsp;<\/a>durante todo o ano.<\/p>\n\n\n\n<p class=\"wp-block-paragraph\"><strong>\u25b6\ufe0f&nbsp;Inscreva-se nos dois canais do GRANDE PR\u00caMIO no YouTube:&nbsp;<a href=\"https:\/\/www.youtube.com\/channel\/UC9OlHEgxoaY6QY6nWPoiqQg?sub_confirmation=1\" target=\"_blank\" rel=\"noreferrer noopener\">GP<\/a>&nbsp;|&nbsp;<a href=\"https:\/\/www.youtube.com\/channel\/UC9csiS6q_C3C0FYhyr1rnFA?sub_confirmation=1\" target=\"_blank\" rel=\"noreferrer noopener\">GP2<\/a><\/strong><\/p>\n\n\n\n<figure class=\"wp-block-embed is-type-video is-provider-youtube wp-block-embed-youtube wp-embed-aspect-16-9 wp-has-aspect-ratio\"><div class=\"wp-block-embed__wrapper\">\n<iframe loading=\"lazy\" title=\"MART\u00cdN COME\u00c7A A TRILHAR CAMINHO DE VOLTA \u00c0 MOTOGP. MAS EM QUE CLIMA?\" width=\"500\" height=\"281\" src=\"https:\/\/www.youtube.com\/embed\/c6ivGDWW5vc?feature=oembed\" frameborder=\"0\" allow=\"accelerometer; autoplay; clipboard-write; encrypted-media; gyroscope; picture-in-picture; web-share\" referrerpolicy=\"strict-origin-when-cross-origin\" allowfullscreen><\/iframe>\n<\/div><\/figure>\n","protected":false},"excerpt":{"rendered":"<p>Marc M\u00e1rquez at\u00e9 deu um susto no in\u00edcio da sprint, mas reagiu com autoridade e transformou o s\u00e1bado chuvoso em mais um cap\u00edtulo do seu dom\u00ednio na MotoGP<\/p>\n","protected":false},"author":0,"featured_media":1000991437,"comment_status":"closed","ping_status":"closed","sticky":false,"template":"","format":"standard","meta":{"42wp_featured_image_caption":"","42wp_featured_image_credits":"","42wp_featured_video":"","42wp_featured_image_hidden":false,"42wp_authors_list":[],"footnotes":""},"categories":[8],"tags":[133,24853,5214,131,110,2327,1504,1491,28285,5455,1300,2287,78,39739,847,34187,3346,41828,172],"42wp_author":[47161],"class_list":["post-20021","post","type-post","status-publish","format-standard","has-post-thumbnail","hentry","category-motogp","tag-aprilia","tag-calendario-motogp","tag-classificacao-motogp","tag-ducati","tag-fabio-quartararo","tag-francesco-bagnaia","tag-gp-da-alemanha","tag-grande-premio","tag-grandepremio","tag-horarios-motogp","tag-marc-marquez","tag-marco-bezzecchi","tag-motogp","tag-motogp-2025","tag-mundial-de-motovelocidade","tag-onde-assistir-motogp","tag-sachsenring","tag-temporada-2025-da-motogp","tag-yamaha","42wp_author-kaio-esteves"],"_links":{"self":[{"href":"https:\/\/grandepremio.com\/br\/wp-json\/wp\/v2\/posts\/20021","targetHints":{"allow":["GET"]}}],"collection":[{"href":"https:\/\/grandepremio.com\/br\/wp-json\/wp\/v2\/posts"}],"about":[{"href":"https:\/\/grandepremio.com\/br\/wp-json\/wp\/v2\/types\/post"}],"replies":[{"embeddable":true,"href":"https:\/\/grandepremio.com\/br\/wp-json\/wp\/v2\/comments?post=20021"}],"version-history":[{"count":0,"href":"https:\/\/grandepremio.com\/br\/wp-json\/wp\/v2\/posts\/20021\/revisions"}],"wp:featuredmedia":[{"embeddable":true,"href":"https:\/\/grandepremio.com\/br\/wp-json\/wp\/v2\/media\/1000991437"}],"wp:attachment":[{"href":"https:\/\/grandepremio.com\/br\/wp-json\/wp\/v2\/media?parent=20021"}],"wp:term":[{"taxonomy":"category","embeddable":true,"href":"https:\/\/grandepremio.com\/br\/wp-json\/wp\/v2\/categories?post=20021"},{"taxonomy":"post_tag","embeddable":true,"href":"https:\/\/grandepremio.com\/br\/wp-json\/wp\/v2\/tags?post=20021"},{"taxonomy":"42wp_author","embeddable":true,"href":"https:\/\/grandepremio.com\/br\/wp-json\/wp\/v2\/42wp_author?post=20021"}],"curies":[{"name":"wp","href":"https:\/\/api.w.org\/{rel}","templated":true}]}}