{"id":20027,"date":"2025-07-12T11:30:38","date_gmt":"2025-07-12T14:30:38","guid":{"rendered":"https:\/\/grandepremio.com\/br\/noticias\/marc-marquez-abre-78-pontos-vantagem-lideranca-motogp-confira-classificacao\/"},"modified":"2025-07-13T12:41:37","modified_gmt":"2025-07-13T15:41:37","slug":"marc-marquez-abre-78-pontos-vantagem-lideranca-motogp-confira-classificacao","status":"publish","type":"post","link":"https:\/\/grandepremio.com\/br\/motogp\/marc-marquez-abre-78-pontos-vantagem-lideranca-motogp-confira-classificacao\/","title":{"rendered":"Marc M\u00e1rquez abre 78 pontos de vantagem na lideran\u00e7a da MotoGP. Confira classifica\u00e7\u00e3o"},"content":{"rendered":"\n<p class=\"wp-block-paragraph\"><strong>Marc M\u00e1rquez <\/strong>faz um 2025 irrepreens\u00edvel na <strong>MotoGP<\/strong>. Neste s\u00e1bado (12), o piloto da <strong>Ducati <\/strong><a href=\"https:\/\/www.grandepremio.com\/br\/motogp\/noticias\/marc-marquez-supera-erro-largada-escala-grid-vence-sprint-alemanha-francesco-bagnaia-12\/\">venceu mais uma corrida sprint, a d\u00e9cima em 11 disputadas na temporada<\/a>. Na <strong>Alemanha<\/strong>, o espanhol largou mal, mas se recuperou e com uma ultrapassagem na volta final, garantiu mais um triunfo.<\/p>\n\n\n\n<p class=\"wp-block-paragraph\">Desta forma, Marc soma 319 pontos na lideran\u00e7a, com 78 de vantagem para o irm\u00e3o <strong>\u00c1lex M\u00e1rquez<\/strong> (241). Na terceira posi\u00e7\u00e3o da tabela, um discret\u00edssimo <strong>Pecco Bagnaia<\/strong> (181), que saiu zerado da corrida curta em <strong>Sachsenring<\/strong>.<\/p>\n\n\n\n<p class=\"wp-block-paragraph\"><strong>Fabio Di Giannantonio<\/strong> (142), <strong>Franco Morbidelli<\/strong> (139), <strong>Marco Bezzecchi<\/strong> (130), <strong>Johann Zarco<\/strong> (104), <strong>Pedro Acosta<\/strong> (99), <strong>Ferm\u00edn Aldeguer<\/strong> (81) e <strong>Fabio Quartararo<\/strong> (74) fecham a lista dos dez primeiros do <strong>Mundial de Motovelocidade<\/strong>.<\/p>\n\n\n\n<p class=\"wp-block-paragraph\">A&nbsp;<strong><a href=\"https:\/\/grandepremio.com\/motogp\/\" target=\"_blank\" rel=\"noreferrer noopener\">MotoGP<\/a><\/strong>&nbsp;volta a acelerar neste domingo (13), com a corrida principal do&nbsp;<strong>GP da Alemanha<\/strong>, em&nbsp;<strong><a href=\"https:\/\/www.grandepremio.com\/br\/circuito\/sachsenring\/\" target=\"_blank\" rel=\"noreferrer noopener\">Sachsenring<\/a><\/strong>, 11\u00aa etapa da temporada 2025. O&nbsp;<strong>GRANDE PR\u00caMIO&nbsp;<\/strong>faz a cobertura completa do evento, assim como das outras classes do&nbsp;<strong>Mundial de&nbsp;<a href=\"https:\/\/www.grandepremio.com\/motovelocidade\/\">Motovelocidade<\/a><\/strong><a href=\"https:\/\/www.grandepremio.com\/motovelocidade\/\">&nbsp;<\/a>durante todo o ano.<\/p>\n\n\n\n<figure class=\"wp-block-image size-full\"><img decoding=\"async\" src=\"https:\/\/www.grandepremio.com\/br\/wp-content\/uploads\/2025\/07\/AFP__20250712__66L93PX__v1__MidRes__MotoPrixGerMotogpPractice.jpg\" alt=\"\" class=\"wp-image-991222\"\/><figcaption class=\"wp-element-caption\">\u00c1lex M\u00e1rquez segue na vice-lideran\u00e7a da MotoGP, com 241 pontos (Foto: AFP)<\/figcaption><\/figure>\n\n\n\n<h2 class=\"wp-block-heading\" id=\"h-motogp-2025-mundial-de-pilotos\"><strong>MotoGP 2025, Mundial de Pilotos:<\/strong><\/h2>\n\n\n\n<figure class=\"wp-block-table\"><table class=\"has-fixed-layout\"><tbody><tr><td>POS<\/td><td>Piloto<\/td><td>Moto<\/td><td>Equipe<\/td><td>Poles<\/td><td>Vit\u00f3rias Sprint<\/td><td>Vit\u00f3rias GP<\/td><td>Pontos<\/td><\/tr><tr><td>1<\/td><td>M M\u00c1RQUEZ<\/td><td>93<\/td><td>Ducati<\/td><td>7<\/td><td>10<\/td><td>6<\/td><td>319<\/td><\/tr><tr><td>2<\/td><td>A M\u00c1RQUEZ<\/td><td>73<\/td><td>Gresini Ducati<\/td><td>&#8211;<\/td><td>1<\/td><td>1<\/td><td>241<\/td><\/tr><tr><td>3<\/td><td>F BAGNAIA<\/td><td>63<\/td><td>Ducati<\/td><td>&#8211;<\/td><td>&#8211;<\/td><td>1<\/td><td>181<\/td><\/tr><tr><td>4<\/td><td>F DI GIANNANTONIO<\/td><td>49<\/td><td>VR46 Ducati<\/td><td>&#8211;<\/td><td>&#8211;<\/td><td>&#8211;<\/td><td>142<\/td><\/tr><tr><td>5<\/td><td>F MORBIDELLI<\/td><td>21<\/td><td>VR46 Ducati<\/td><td>&#8211;<\/td><td>&#8211;<\/td><td>&#8211;<\/td><td>139<\/td><\/tr><tr><td>6<\/td><td>M BEZZECCHI<\/td><td>72<\/td><td>Aprilia<\/td><td>&#8211;<\/td><td>&#8211;<\/td><td>1<\/td><td>130<\/td><\/tr><tr><td>7<\/td><td>J ZARCO<\/td><td>5<\/td><td>LCR Honda<\/td><td>&#8211;<\/td><td>&#8211;<\/td><td>1<\/td><td>104<\/td><\/tr><tr><td>8<\/td><td>P ACOSTA<\/td><td>37<\/td><td>KTM<\/td><td>&#8211;<\/td><td>&#8211;<\/td><td>&#8211;<\/td><td>99<\/td><\/tr><tr><td>9<\/td><td>F ALDEGUER<\/td><td>54<\/td><td>Gresini Ducati<\/td><td>&#8211;<\/td><td>&#8211;<\/td><td>&#8211;<\/td><td>81<\/td><\/tr><tr><td>10<\/td><td>F QUARTARARO<\/td><td>20<\/td><td>Yamaha<\/td><td>4<\/td><td>&#8211;<\/td><td>&#8211;<\/td><td>74<\/td><\/tr><tr><td>11<\/td><td>M VI\u00d1ALES<\/td><td>12<\/td><td>Tech3 KTM<\/td><td>&#8211;<\/td><td>&#8211;<\/td><td>&#8211;<\/td><td>69<\/td><\/tr><tr><td>12<\/td><td>B BINDER<\/td><td>33<\/td><td>KTM<\/td><td>&#8211;<\/td><td>&#8211;<\/td><td>&#8211;<\/td><td>51<\/td><\/tr><tr><td>13<\/td><td>A OGURA<\/td><td>79<\/td><td>Trackhouse Aprilia<\/td><td>&#8211;<\/td><td>&#8211;<\/td><td>&#8211;<\/td><td>49<\/td><\/tr><tr><td>14<\/td><td>R FERN\u00c1NDEZ<\/td><td>25<\/td><td>Trackhouse Aprilia<\/td><td>&#8211;<\/td><td>&#8211;<\/td><td>&#8211;<\/td><td>44<\/td><\/tr><tr><td>15<\/td><td>E BASTIANINI<\/td><td>23<\/td><td>Tech3 KTM<\/td><td>&#8211;<\/td><td>&#8211;<\/td><td>&#8211;<\/td><td>42<\/td><\/tr><tr><td>16<\/td><td>J MILLER<\/td><td>43<\/td><td>Pramac Yamaha<\/td><td>&#8211;<\/td><td>&#8211;<\/td><td>&#8211;<\/td><td>38<\/td><\/tr><tr><td>17<\/td><td>L MARINI<\/td><td>10<\/td><td>Honda<\/td><td>&#8211;<\/td><td>&#8211;<\/td><td>&#8211;<\/td><td>38<\/td><\/tr><tr><td>18<\/td><td>A RINS<\/td><td>42<\/td><td>Yamaha<\/td><td>&#8211;<\/td><td>&#8211;<\/td><td>&#8211;<\/td><td>35<\/td><\/tr><tr><td>19<\/td><td>J MIR<\/td><td>36<\/td><td>Honda<\/td><td>&#8211;<\/td><td>&#8211;<\/td><td>&#8211;<\/td><td>32<\/td><\/tr><tr><td>20<\/td><td>T NAKAGAMI<\/td><td>30<\/td><td>LCR Honda<\/td><td>&#8211;<\/td><td>&#8211;<\/td><td>&#8211;<\/td><td>10<\/td><\/tr><tr><td>21<\/td><td>L SAVADORI<\/td><td>32<\/td><td>Aprilia<\/td><td>&#8211;<\/td><td>&#8211;<\/td><td>&#8211;<\/td><td>8<\/td><\/tr><tr><td>22<\/td><td>M OLIVEIRA<\/td><td>88<\/td><td>Pramac Yamaha<\/td><td>&#8211;<\/td><td>&#8211;<\/td><td>&#8211;<\/td><td>6<\/td><\/tr><tr><td>23<\/td><td>A FERN\u00c1NDEZ<\/td><td>7<\/td><td>Pramac Yamaha<\/td><td>&#8211;<\/td><td>&#8211;<\/td><td>&#8211;<\/td><td>6<\/td><\/tr><tr><td>24<\/td><td>S CHANTRA<\/td><td>35<\/td><td>LCR Honda<\/td><td>&#8211;<\/td><td>&#8211;<\/td><td>&#8211;<\/td><td>1<\/td><\/tr><tr><td>25<\/td><td>A ESPARGAR\u00d3<\/td><td>41<\/td><td>Honda<\/td><td>&#8211;<\/td><td>&#8211;<\/td><td>&#8211;<\/td><td>0<\/td><\/tr><tr><td>26<\/td><td>J MART\u00cdN<\/td><td>1<\/td><td>Aprilia<\/td><td>&#8211;<\/td><td>&#8211;<\/td><td>&#8211;<\/td><td>0<\/td><\/tr><\/tbody><\/table><\/figure>\n\n\n\n<h2 class=\"wp-block-heading\" id=\"h-motogp-2025-mundial-de-construtores\"><strong>MotoGP 2025, Mundial de Construtores:<\/strong><\/h2>\n\n\n\n<p class=\"wp-block-paragraph\">A\u00a0<strong>Ducati\u00a0<\/strong>segue dominante no\u00a0<strong>Mundial de Construtores<\/strong>, chegando a 368 pontos. A\u00a0<strong>Aprilia\u00a0<\/strong>aparece na vice-lideran\u00e7a, com 154, seguida por\u00a0<strong>KTM<\/strong>\u00a0(141) e\u00a0<strong>Honda<\/strong>\u00a0(131) e\u00a0<strong>Yamaha\u00a0<\/strong>(105).<\/p>\n\n\n\n<figure class=\"wp-block-table\"><table class=\"has-fixed-layout\"><tbody><tr><td>POS<\/td><td>Montadora<\/td><td>Poles<\/td><td>Vit\u00f3rias Sprint<\/td><td>Vit\u00f3rias GP<\/td><td>Pontos<\/td><\/tr><tr><td>1<\/td><td>DUCATI<\/td><td>7<\/td><td>11<\/td><td>8<\/td><td>368<\/td><\/tr><tr><td>2<\/td><td>APRILIA<\/td><td>&#8211;<\/td><td>&#8211;<\/td><td>1<\/td><td>154<\/td><\/tr><tr><td>3<\/td><td>KTM<\/td><td>&#8211;<\/td><td>&#8211;<\/td><td>&#8211;<\/td><td>141<\/td><\/tr><tr><td>4<\/td><td>HONDA<\/td><td>&#8211;<\/td><td>&#8211;<\/td><td>1<\/td><td>131<\/td><\/tr><tr><td>5<\/td><td>YAMAHA<\/td><td>4<\/td><td>&#8211;<\/td><td>&#8211;<\/td><td>105<\/td><\/tr><\/tbody><\/table><\/figure>\n\n\n\n<figure class=\"wp-block-image size-full\"><img decoding=\"async\" src=\"https:\/\/www.grandepremio.com\/br\/wp-content\/uploads\/2025\/07\/AFP__20250711__66JU8JY__v1__MidRes__MotoPrixGerMotogpPractice.jpg\" alt=\"\" class=\"wp-image-991219\"\/><figcaption class=\"wp-element-caption\">Francesco Bagnaia estacionou na terceira posi\u00e7\u00e3o, com 181 pontos (Foto: AFP)<\/figcaption><\/figure>\n\n\n\n<h2 class=\"wp-block-heading\" id=\"h-motogp-2025-mundial-de-equipes\"><strong>MotoGP 2025, Mundial de Equipes:<\/strong><\/h2>\n\n\n\n<p class=\"wp-block-paragraph\">No\u00a0<strong>Mundial de Equipes<\/strong>, o time de f\u00e1brica da\u00a0<strong>Ducati\u00a0<\/strong>segue confort\u00e1vel na lideran\u00e7a, com 500 pontos. A\u00a0<strong>Gresini\u00a0<\/strong>manteve o segundo lugar no campeonato, com 322.\u00a0<strong>VR46\u00a0<\/strong>(281),\u00a0<strong>KTM\u00a0<\/strong>(150) e\u00a0<strong>Aprilia\u00a0<\/strong>(138) fecham o top-5 da\u00a0<a href=\"https:\/\/grandepremio.com\/motovelocidade\/\" target=\"_blank\" rel=\"noreferrer noopener\">MotoGP<\/a>.<\/p>\n\n\n\n<figure class=\"wp-block-table\"><table class=\"has-fixed-layout\"><tbody><tr><td>POS<\/td><td>Equipes<\/td><td>Poles<\/td><td>Vit\u00f3rias Sprint<\/td><td>Vit\u00f3rias GP<\/td><td>Pontos<\/td><\/tr><tr><td>1<\/td><td>DUCATI<\/td><td>7<\/td><td>10<\/td><td>7<\/td><td>500<\/td><\/tr><tr><td>2<\/td><td>GRESINI<\/td><td>&#8211;<\/td><td>1<\/td><td>1<\/td><td>322<\/td><\/tr><tr><td>3<\/td><td>VR46<\/td><td>&#8211;<\/td><td>&#8211;<\/td><td>&#8211;<\/td><td>281<\/td><\/tr><tr><td>4<\/td><td>KTM<\/td><td>&#8211;<\/td><td>&#8211;<\/td><td>&#8211;<\/td><td>150<\/td><\/tr><tr><td>5<\/td><td>APRILIA<\/td><td>&#8211;<\/td><td>&#8211;<\/td><td>1<\/td><td>138<\/td><\/tr><tr><td>6<\/td><td>TECH3<\/td><td>&#8211;<\/td><td>&#8211;<\/td><td>&#8211;<\/td><td>111<\/td><\/tr><tr><td>7<\/td><td>YAMAHA<\/td><td>4<\/td><td>&#8211;<\/td><td>&#8211;<\/td><td>109<\/td><\/tr><tr><td>8<\/td><td>LCR HONDA<\/td><td>&#8211;<\/td><td>&#8211;<\/td><td>1<\/td><td>105<\/td><\/tr><tr><td>9<\/td><td>TRACKHOUSE<\/td><td>&#8211;<\/td><td>&#8211;<\/td><td>&#8211;<\/td><td>93<\/td><\/tr><tr><td>10<\/td><td>HONDA<\/td><td>&#8211;<\/td><td>&#8211;<\/td><td>&#8211;<\/td><td>70<\/td><\/tr><tr><td>11<\/td><td>PRAMAC<\/td><td>&#8211;<\/td><td>&#8211;<\/td><td>&#8211;<\/td><td>47<\/td><\/tr><\/tbody><\/table><\/figure>\n\n\n\n<p class=\"wp-block-paragraph\"><strong>\u25b6\ufe0f&nbsp;Inscreva-se nos dois canais do GRANDE PR\u00caMIO no YouTube:&nbsp;<a href=\"https:\/\/www.youtube.com\/channel\/UC9OlHEgxoaY6QY6nWPoiqQg?sub_confirmation=1\" target=\"_blank\" rel=\"noreferrer noopener\">GP<\/a>&nbsp;|&nbsp;<a href=\"https:\/\/www.youtube.com\/channel\/UC9csiS6q_C3C0FYhyr1rnFA?sub_confirmation=1\" target=\"_blank\" rel=\"noreferrer noopener\">GP2<\/a><\/strong><\/p>\n\n\n\n<figure class=\"wp-block-embed is-type-video is-provider-youtube wp-block-embed-youtube wp-embed-aspect-16-9 wp-has-aspect-ratio\"><div class=\"wp-block-embed__wrapper\">\n<iframe loading=\"lazy\" title=\"MART\u00cdN COME\u00c7A A TRILHAR CAMINHO DE VOLTA \u00c0 MOTOGP. MAS EM QUE CLIMA?\" width=\"500\" height=\"281\" src=\"https:\/\/www.youtube.com\/embed\/c6ivGDWW5vc?feature=oembed\" frameborder=\"0\" allow=\"accelerometer; autoplay; clipboard-write; encrypted-media; gyroscope; picture-in-picture; web-share\" referrerpolicy=\"strict-origin-when-cross-origin\" allowfullscreen><\/iframe>\n<\/div><\/figure>\n\n\n\n<p class=\"wp-block-paragraph\"><\/p>\n","protected":false},"excerpt":{"rendered":"<p>Marc M\u00e1rquez venceu mais uma na temporada, desta vez na Alemanha, e soma 319 pontos no campeonato, com seu irm\u00e3o e Pecco Bagnaia completando o top-3 na MotoGP<\/p>\n","protected":false},"author":0,"featured_media":1000991223,"comment_status":"closed","ping_status":"closed","sticky":false,"template":"","format":"standard","meta":{"42wp_featured_image_caption":"","42wp_featured_image_credits":"","42wp_featured_video":"","42wp_featured_image_hidden":false,"42wp_authors_list":[],"footnotes":""},"categories":[8],"tags":[983,2090,2335,133,25995,151,24853,5214,131,2276,110,28833,2327,1491,28285,3504,130,5455,1975,187,144,132,2825,10898,1300,2287,149,78,39739,847,34187,27587,136,25818,3346,42870,41828,28468,81,172],"42wp_author":[47128],"class_list":["post-20027","post","type-post","status-publish","format-standard","has-post-thumbnail","hentry","category-motogp","tag-alemanha","tag-alex-marquez","tag-alex-rins","tag-aprilia","tag-augusto-fernandez","tag-brad-binder","tag-calendario-motogp","tag-classificacao-motogp","tag-ducati","tag-fabio-di-giannantonio","tag-fabio-quartararo","tag-fermin-aldeguer","tag-francesco-bagnaia","tag-grande-premio","tag-grandepremio","tag-gresini","tag-honda","tag-horarios-motogp","tag-jack-miller","tag-joan-mir","tag-johann-zarco","tag-ktm","tag-lcr-honda","tag-lorenzo-savadori","tag-marc-marquez","tag-marco-bezzecchi","tag-miguel-oliveira","tag-motogp","tag-motogp-2025","tag-mundial-de-motovelocidade","tag-onde-assistir-motogp","tag-pedro-acosta","tag-pramac","tag-raul-fernandez","tag-sachsenring","tag-tech3-ktm","tag-temporada-2025-da-motogp","tag-trackhouse","tag-vr46","tag-yamaha","42wp_author-guilherme-bloisi"],"_links":{"self":[{"href":"https:\/\/grandepremio.com\/br\/wp-json\/wp\/v2\/posts\/20027","targetHints":{"allow":["GET"]}}],"collection":[{"href":"https:\/\/grandepremio.com\/br\/wp-json\/wp\/v2\/posts"}],"about":[{"href":"https:\/\/grandepremio.com\/br\/wp-json\/wp\/v2\/types\/post"}],"replies":[{"embeddable":true,"href":"https:\/\/grandepremio.com\/br\/wp-json\/wp\/v2\/comments?post=20027"}],"version-history":[{"count":0,"href":"https:\/\/grandepremio.com\/br\/wp-json\/wp\/v2\/posts\/20027\/revisions"}],"wp:featuredmedia":[{"embeddable":true,"href":"https:\/\/grandepremio.com\/br\/wp-json\/wp\/v2\/media\/1000991223"}],"wp:attachment":[{"href":"https:\/\/grandepremio.com\/br\/wp-json\/wp\/v2\/media?parent=20027"}],"wp:term":[{"taxonomy":"category","embeddable":true,"href":"https:\/\/grandepremio.com\/br\/wp-json\/wp\/v2\/categories?post=20027"},{"taxonomy":"post_tag","embeddable":true,"href":"https:\/\/grandepremio.com\/br\/wp-json\/wp\/v2\/tags?post=20027"},{"taxonomy":"42wp_author","embeddable":true,"href":"https:\/\/grandepremio.com\/br\/wp-json\/wp\/v2\/42wp_author?post=20027"}],"curies":[{"name":"wp","href":"https:\/\/api.w.org\/{rel}","templated":true}]}}