{"id":20030,"date":"2025-07-12T10:41:08","date_gmt":"2025-07-12T13:41:08","guid":{"rendered":"https:\/\/grandepremio.com\/br\/noticias\/marc-marquez-supera-erro-largada-escala-grid-vence-sprint-alemanha-francesco-bagnaia-12\/"},"modified":"2025-07-12T12:44:03","modified_gmt":"2025-07-12T15:44:03","slug":"marc-marquez-supera-erro-largada-escala-grid-vence-sprint-alemanha-francesco-bagnaia-12","status":"publish","type":"post","link":"https:\/\/grandepremio.com\/br\/motogp\/marc-marquez-supera-erro-largada-escala-grid-vence-sprint-alemanha-francesco-bagnaia-12\/","title":{"rendered":"Marc M\u00e1rquez supera erro na largada, escala grid e vence sprint na Alemanha. Bagnaia \u00e9 12\u00ba"},"content":{"rendered":"\n<p class=\"wp-block-paragraph\"><strong>Marc M\u00e1rquez<\/strong> mostrou por que \u00e9 o cara a ser batido na <strong>Alemanha<\/strong> at\u00e9 mesmo quando comete algum deslize em <strong>Sachsenring<\/strong> na <strong><a href=\"https:\/\/www.grandepremio.com\/br\/motogp\/\">MotoGP<\/a><\/strong>. O <strong>#93<\/strong> superou o erro na largada da corrida sprint \u2014 quando caiu de primeiro para quinto \u2014 escalou o grid durante as 15 voltas e bateu <strong>Marco Bezzecchi<\/strong> no \u00faltimo giro para vencer a prova curta deste s\u00e1bado (12).<\/p>\n\n\n\n<p class=\"wp-block-paragraph\">Bezzecchi, <strong>Fabio Quartararo<\/strong>, <strong>Fabio Di Giannantonio<\/strong>, <strong>Jack Miller<\/strong>, <strong>Brad Binder<\/strong>, <strong>Johann Zarco<\/strong>, \u00c1<strong>lex M\u00e1rquez<\/strong>, <strong>Pedro Acosta<\/strong> e <strong>Ferm\u00edn Aldeguer<\/strong>&nbsp;completaram o grupo dos dez primeiros ap\u00f3s boas disputas durante a corrida curta.<\/p>\n\n\n\n<p class=\"wp-block-paragraph\">T\u00edmido durante todo o fim de semana, <strong>Francesco Bagnaia<\/strong> sofreu em mais uma corrida sprint e fechou a corrida em <strong>12\u00ba<\/strong> para a <strong>Ducati<\/strong>.<\/p>\n\n\n\n<p class=\"wp-block-paragraph\">A&nbsp;<strong><a href=\"https:\/\/grandepremio.com\/motogp\/\" target=\"_blank\" rel=\"noreferrer noopener\">MotoGP<\/a><\/strong>&nbsp;volta a acelerar neste domingo (13), com a corrida principal do&nbsp;<strong>GP da Alemanha<\/strong>, em <strong>Sachsenring<\/strong>, 11\u00aa etapa da temporada 2025. O&nbsp;<strong>GRANDE PR\u00caMIO&nbsp;<\/strong>faz a cobertura completa do evento, assim como das outras classes do&nbsp;<strong>Mundial de&nbsp;<a href=\"https:\/\/www.grandepremio.com\/motovelocidade\/\">Motovelocidade<\/a><\/strong><a href=\"https:\/\/www.grandepremio.com\/motovelocidade\/\">&nbsp;<\/a>durante todo o ano.<\/p>\n\n\n\n<figure class=\"wp-block-image size-large\"><img decoding=\"async\" src=\"https:\/\/www.grandepremio.com\/br\/wp-content\/uploads\/2025\/07\/54647875386_4a59eee8c7_o-e1752267200910-1200x767.jpg\" alt=\"\" class=\"wp-image-991125\"\/><figcaption class=\"wp-element-caption\">Marco Bezzecchi (Foto: Michelin)<\/figcaption><\/figure>\n\n\n\n<p class=\"wp-block-paragraph\"><strong>\u25b6\ufe0f&nbsp;Inscreva-se nos dois canais do GRANDE PR\u00caMIO no YouTube:&nbsp;<a href=\"https:\/\/www.youtube.com\/channel\/UC9OlHEgxoaY6QY6nWPoiqQg?sub_confirmation=1\" target=\"_blank\" rel=\"noreferrer noopener\">GP<\/a>&nbsp;|&nbsp;<a href=\"https:\/\/www.youtube.com\/channel\/UC9csiS6q_C3C0FYhyr1rnFA?sub_confirmation=1\" target=\"_blank\" rel=\"noreferrer noopener\">GP2<\/a><\/strong><\/p>\n\n\n\n<h2 class=\"wp-block-heading\" id=\"h-confira-como-foi-a-corrida-sprint-da-motogp-em-nbsp-sachsenring\">Confira como foi a corrida sprint da MotoGP em&nbsp;Sachsenring:<\/h2>\n\n\n\n<p class=\"wp-block-paragraph\">O tempo continuou fechado e com bastante chuva ao longo do dia em Sachsenring. Os term\u00f4metros marcavam 14\u00baC no ar e 18\u00baC no asfalto, com ventos de 9 km\/h e umidade relativa de 91%. Com temperaturas mais baixas e muita \u00e1gua, a maioria dos pilotos do grid escolheu pneus de chuva m\u00e9dios na dianteira e macios na traseira.<\/p>\n\n\n\n<p class=\"wp-block-paragraph\">As \u00fanicas exce\u00e7\u00f5es foram Zarco, com pneu macio na dianteira e m\u00e9dio na traseira como durante a classifica\u00e7\u00e3o, e <strong>Ai Ogura<\/strong>, que escolheu o conjunto de pneus macios de chuva para sua moto com a <strong>Trackhouse<\/strong>.<\/p>\n\n\n\n<p class=\"wp-block-paragraph\">Na largada,&nbsp;Marc M\u00e1rquez come\u00e7ou bem, mas errou a freada na curva 1, espalhou e caiu para quinto. Bezzecchi saltou de terceiro para a primeira posi\u00e7\u00e3o, seguido de Morbidelli, Quartararo e Di Giannantonio em Sachsenring.<\/p>\n\n\n\n\n\n\n\n<p class=\"wp-block-paragraph\"><strong>\u25b6\ufe0f&nbsp;Inscreva-se nos dois canais do GRANDE PR\u00caMIO no YouTube:&nbsp;<a href=\"https:\/\/www.youtube.com\/channel\/UC9OlHEgxoaY6QY6nWPoiqQg?sub_confirmation=1\" target=\"_blank\" rel=\"noreferrer noopener\">GP<\/a>&nbsp;|&nbsp;<a href=\"https:\/\/www.youtube.com\/channel\/UC9csiS6q_C3C0FYhyr1rnFA?sub_confirmation=1\" target=\"_blank\" rel=\"noreferrer noopener\">GP2<\/a><\/strong><\/p>\n\n\n\n<p class=\"wp-block-paragraph\">Bezzecchi passou a usar a for\u00e7a da <strong>RS-GP25<\/strong> para abrir vantagem na lideran\u00e7a e chegou a ficar <strong>0s8<\/strong> \u00e0 frente de Morbidelli. Na volta 3, o <strong>#21<\/strong> cometeu um erro na terceira curva da pista alem\u00e3, caiu forte e provocou a primeira e \u00fanica bandeira amarela.<\/p>\n\n\n\n<p class=\"wp-block-paragraph\">Em quarto, Marc M\u00e1rquez tentava atacar Di Giannantonio para buscar os ponteiros, enquanto Bagnaia seguia sofrendo com a Ducati na 12\u00aa posi\u00e7\u00e3o. O <strong>#93<\/strong> conseguiu deixar Di Giannantonio para tr\u00e1s e subiu para terceiro, mas ainda <strong>1s6<\/strong> longe de Quartararo e ainda mais longe de Bezzecchi.<\/p>\n\n\n\n\n\n\n\n<p class=\"wp-block-paragraph\"><strong>\u25b6\ufe0f&nbsp;Inscreva-se nos dois canais do GRANDE PR\u00caMIO no YouTube:&nbsp;<a href=\"https:\/\/www.youtube.com\/channel\/UC9OlHEgxoaY6QY6nWPoiqQg?sub_confirmation=1\" target=\"_blank\" rel=\"noreferrer noopener\">GP<\/a>&nbsp;|&nbsp;<a href=\"https:\/\/www.youtube.com\/channel\/UC9csiS6q_C3C0FYhyr1rnFA?sub_confirmation=1\" target=\"_blank\" rel=\"noreferrer noopener\">GP2<\/a><\/strong><\/p>\n\n\n\n<p class=\"wp-block-paragraph\">Antes mesmo da d\u00e9cima volta da corrida sprint, Marc come\u00e7ou a engatar voltas r\u00e1pidas para tirar a diferen\u00e7a dos pilotos de Aprilia e <strong>Yamaha<\/strong> na Alemanha. Mesmo com a pista muito escorregadia e bastante dif\u00edcil, o piloto da Ducati foi para cima e deixou Quartararo para tr\u00e1s.<\/p>\n\n\n\n<p class=\"wp-block-paragraph\">As \u00faltimas cinco voltas da corrida sprint trouxeram um duelo muito interessante entre Marc M\u00e1rquez e Bezzecchi em Sachsenring. O catal\u00e3o passou a tirar a diferen\u00e7a de <strong>1s8<\/strong> em uma velocidade impressionante, mas o <strong>#72<\/strong> da Aprilia respondeu em seguida.<\/p>\n\n\n\n<p class=\"wp-block-paragraph\">Marc M\u00e1rquez reduziu a vantagem faltando quatro voltas para o fim da corrida e deixou para definir o vencedor nos giros finais. O piloto da Ducati fez ultrapassou Bezzecchi na \u00faltima volta e mostrou sua for\u00e7a no circuito onde venceu tantas vezes para garantir mais um triunfo e, de novo, deixar bem claro: est\u00e1 muito acima de todos no grid da MotoGP 2025.<\/p>\n\n\n\n\n\n\n\n<p class=\"wp-block-paragraph\"><strong>\u25b6\ufe0f&nbsp;Inscreva-se nos dois canais do GRANDE PR\u00caMIO no YouTube:&nbsp;<a href=\"https:\/\/www.youtube.com\/channel\/UC9OlHEgxoaY6QY6nWPoiqQg?sub_confirmation=1\" target=\"_blank\" rel=\"noreferrer noopener\">GP<\/a>&nbsp;|&nbsp;<a href=\"https:\/\/www.youtube.com\/channel\/UC9csiS6q_C3C0FYhyr1rnFA?sub_confirmation=1\" target=\"_blank\" rel=\"noreferrer noopener\">GP2<\/a><\/strong><\/p>\n\n\n\n<h2 class=\"wp-block-heading\" id=\"h-gp-da-alemanha-nbsp-de-motogp-veja-os-horarios-em-brasil-e-portugal\">GP da Alemanha&nbsp;de MotoGP: veja os hor\u00e1rios em Brasil e Portugal<\/h2>\n\n\n\n<figure class=\"wp-block-table\"><table class=\"has-fixed-layout\"><tbody><tr><td><strong>DIA<\/strong><\/td><td><strong>CATEGORIA<\/strong><\/td><td><strong>SESS\u00c3O<\/strong><\/td><td><strong>BRA*<\/strong><\/td><td><strong>POR<\/strong><\/td><\/tr><tr><td><strong>Domingo<\/strong><\/td><td>MotoGP<\/td><td>Warm-Up<\/td><td>4:40<\/td><td>8:40<\/td><\/tr><tr><td><strong>Domingo<\/strong><\/td><td>Moto3<\/td><td>Corrida<\/td><td>6:00<\/td><td>10:00<\/td><\/tr><tr><td><strong>Domingo<\/strong><\/td><td>Moto2<\/td><td>Corrida<\/td><td>7:15<\/td><td>11:15<\/td><\/tr><tr><td><strong>Domingo<\/strong><\/td><td>MotoGP<\/td><td>Corrida<\/td><td>9:00<\/td><td>13:00<\/td><\/tr><\/tbody><\/table><\/figure>\n\n\n\n<p class=\"wp-block-paragraph\">*&nbsp;<em>hor\u00e1rios de Bras\u00edlia<\/em><\/p>\n\n\n\n<h2 class=\"wp-block-heading\" id=\"h-motogp-2025-gp-da-alemanha-sachsenring-resultado-final\"><strong>MotoGP 2025, GP da Alemanha, Sachsenring, Resultado Final:<\/strong><\/h2>\n\n\n\n<figure class=\"wp-block-table\"><table class=\"has-fixed-layout\"><tbody><tr><td>POS<\/td><td>Piloto<\/td><td>Equipe<\/td><td>Diff<\/td><\/tr><tr><td>1<\/td><td>M M\u00c1RQUEZ<\/td><td>Ducati<\/td><td>15 voltas<\/td><\/tr><tr><td>2<\/td><td>M BEZZECCHI<\/td><td>Aprilia<\/td><td>+ 0.938<\/td><\/tr><tr><td>3<\/td><td>F QUARTARARO<\/td><td>Yamaha<\/td><td>+ 4.361<\/td><\/tr><tr><td>4<\/td><td>F DI GIANNANTONIO<\/td><td>VR46 Ducati<\/td><td>+ 4.683<\/td><\/tr><tr><td>5<\/td><td>J MILLER<\/td><td>Pramac Yamaha<\/td><td>+ 9.405<\/td><\/tr><tr><td>6<\/td><td>B BINDER<\/td><td>KTM<\/td><td>+ 11.720<\/td><\/tr><tr><td>7<\/td><td>J ZARCO<\/td><td>LCR Honda<\/td><td>+ 12.090<\/td><\/tr><tr><td>8<\/td><td>A M\u00c1RQUEZ<\/td><td>Gresini Ducati<\/td><td>+ 12.347<\/td><\/tr><tr><td>9<\/td><td>P ACOSTA<\/td><td>KTM<\/td><td>+ 17.236<\/td><\/tr><tr><td>10<\/td><td>F ALDEGUER<\/td><td>Gresini Ducati<\/td><td>+ 18.728<\/td><\/tr><tr><td>11<\/td><td>M OLIVEIRA<\/td><td>Pramac Yamaha<\/td><td>+ 19.486<\/td><\/tr><tr><td>12<\/td><td>F BAGNAIA<\/td><td>Ducati<\/td><td>+ 20.339<\/td><\/tr><tr><td>13<\/td><td>R FERN\u00c1NDEZ<\/td><td>Trackhouse Aprilia<\/td><td>+ 21.978<\/td><\/tr><tr><td>14<\/td><td>J MIR<\/td><td>Honda<\/td><td>+ 23.077<\/td><\/tr><tr><td>15<\/td><td>A RINS<\/td><td>Yamaha<\/td><td>+ 23.575<\/td><\/tr><tr><td>16<\/td><td>L MARINI<\/td><td>Honda<\/td><td>+ 29.220<\/td><\/tr><tr><td>17<\/td><td>A OGURA<\/td><td>Trackhouse Aprilia<\/td><td>+ 31.433<\/td><\/tr><tr><td>18<\/td><td>L SAVADORI<\/td><td>Aprilia<\/td><td>+ 50.698<\/td><\/tr><tr><td>19<\/td><td>F MORBIDELLI<\/td><td>VR46 Ducati<\/td><td>Abandonou<\/td><\/tr><tr><td>20<\/td><td>M VI\u00d1ALES<\/td><td>Tech3 KTM<\/td><td>N\u00e3o Largou<\/td><\/tr><\/tbody><\/table><\/figure>\n\n\n\n<figure class=\"wp-block-embed is-type-video is-provider-youtube wp-block-embed-youtube wp-embed-aspect-16-9 wp-has-aspect-ratio\"><div class=\"wp-block-embed__wrapper\">\n<iframe loading=\"lazy\" title=\"MART\u00cdN COME\u00c7A A TRILHAR CAMINHO DE VOLTA \u00c0 MOTOGP. MAS EM QUE CLIMA?\" width=\"500\" height=\"281\" src=\"https:\/\/www.youtube.com\/embed\/c6ivGDWW5vc?feature=oembed\" frameborder=\"0\" allow=\"accelerometer; autoplay; clipboard-write; encrypted-media; gyroscope; picture-in-picture; web-share\" referrerpolicy=\"strict-origin-when-cross-origin\" allowfullscreen><\/iframe>\n<\/div><\/figure>\n","protected":false},"excerpt":{"rendered":"<p>Marc M\u00e1rquez mostrou que \u00e9 o rei de Sachsenring mais uma vez e, mesmo sob chuva, venceu a corrida sprint ap\u00f3s errar na largada e ganhar quatro posi\u00e7\u00f5es em 15 voltas<\/p>\n","protected":false},"author":0,"featured_media":1000991224,"comment_status":"closed","ping_status":"closed","sticky":false,"template":"","format":"standard","meta":{"42wp_featured_image_caption":"","42wp_featured_image_credits":"","42wp_featured_video":"","42wp_featured_image_hidden":false,"42wp_authors_list":[],"footnotes":""},"categories":[8],"tags":[133,24853,5214,131,110,2327,1504,1491,28285,5455,1300,2287,78,39739,847,34187,3346,41828,172],"42wp_author":[47128,47161],"class_list":["post-20030","post","type-post","status-publish","format-standard","has-post-thumbnail","hentry","category-motogp","tag-aprilia","tag-calendario-motogp","tag-classificacao-motogp","tag-ducati","tag-fabio-quartararo","tag-francesco-bagnaia","tag-gp-da-alemanha","tag-grande-premio","tag-grandepremio","tag-horarios-motogp","tag-marc-marquez","tag-marco-bezzecchi","tag-motogp","tag-motogp-2025","tag-mundial-de-motovelocidade","tag-onde-assistir-motogp","tag-sachsenring","tag-temporada-2025-da-motogp","tag-yamaha","42wp_author-guilherme-bloisi","42wp_author-kaio-esteves"],"_links":{"self":[{"href":"https:\/\/grandepremio.com\/br\/wp-json\/wp\/v2\/posts\/20030","targetHints":{"allow":["GET"]}}],"collection":[{"href":"https:\/\/grandepremio.com\/br\/wp-json\/wp\/v2\/posts"}],"about":[{"href":"https:\/\/grandepremio.com\/br\/wp-json\/wp\/v2\/types\/post"}],"replies":[{"embeddable":true,"href":"https:\/\/grandepremio.com\/br\/wp-json\/wp\/v2\/comments?post=20030"}],"version-history":[{"count":0,"href":"https:\/\/grandepremio.com\/br\/wp-json\/wp\/v2\/posts\/20030\/revisions"}],"wp:featuredmedia":[{"embeddable":true,"href":"https:\/\/grandepremio.com\/br\/wp-json\/wp\/v2\/media\/1000991224"}],"wp:attachment":[{"href":"https:\/\/grandepremio.com\/br\/wp-json\/wp\/v2\/media?parent=20030"}],"wp:term":[{"taxonomy":"category","embeddable":true,"href":"https:\/\/grandepremio.com\/br\/wp-json\/wp\/v2\/categories?post=20030"},{"taxonomy":"post_tag","embeddable":true,"href":"https:\/\/grandepremio.com\/br\/wp-json\/wp\/v2\/tags?post=20030"},{"taxonomy":"42wp_author","embeddable":true,"href":"https:\/\/grandepremio.com\/br\/wp-json\/wp\/v2\/42wp_author?post=20030"}],"curies":[{"name":"wp","href":"https:\/\/api.w.org\/{rel}","templated":true}]}}