{"id":20033,"date":"2025-07-12T09:46:16","date_gmt":"2025-07-12T12:46:16","guid":{"rendered":"https:\/\/grandepremio.com\/br\/noticias\/maverick-vinales-fratura-ombro-esquerdo-durante-classificacao-perde-gp-da-alemanha\/"},"modified":"2025-07-12T09:57:29","modified_gmt":"2025-07-12T12:57:29","slug":"maverick-vinales-fratura-ombro-esquerdo-durante-classificacao-perde-gp-da-alemanha","status":"publish","type":"post","link":"https:\/\/grandepremio.com\/br\/motogp\/maverick-vinales-fratura-ombro-esquerdo-durante-classificacao-perde-gp-da-alemanha\/","title":{"rendered":"Vi\u00f1ales fratura ombro esquerdo durante classifica\u00e7\u00e3o e perde GP da Alemanha"},"content":{"rendered":"\n<p class=\"wp-block-paragraph\"><strong>Maverick Vi\u00f1ales<\/strong> sofreu uma fratura no ombro esquerdo e ser\u00e1 mais um desfalque da <strong>Tech3<\/strong> no fim de semana de <strong>GP da Alemanha<\/strong> de<strong> MotoGP<\/strong>, em <strong>Sachsenring<\/strong>. O acidente envolvendo o <strong>#12 <\/strong>aconteceu durante a classifica\u00e7\u00e3o, neste s\u00e1bado (12).<\/p>\n\n\n\n<p class=\"wp-block-paragraph\">Logo no in\u00edcio do <strong>Q2<\/strong> e sob forte chuva, Vi\u00f1ales perdeu o controle e foi ejetado da moto na <strong>curva 4<\/strong>, caindo com viol\u00eancia no ch\u00e3o. Ap\u00f3s o acidente, ele foi encaminhado para um hospital pr\u00f3ximo do circuito imediatamente e a les\u00e3o foi confirmada.<\/p>\n\n\n\n<p class=\"wp-block-paragraph\">&#8220;Vi\u00f1ales teve o ombro esquerdo deslocado, que foi imediatamente recolocado no lugar na pista, mas os m\u00e9dicos suspeitaram de uma pequena fratura, que foi confirmada no hospital Maverick n\u00e3o estar\u00e1 apto para o restante do GP da Alemanha, enquanto aguardamos novas atualiza\u00e7\u00f5es sobre o processo de recupera\u00e7\u00e3o&#8221;, informou a Tech3 nas redes sociais. &#8220;Ainda vamos ver se ele estar\u00e1 conosco ou n\u00e3o na pr\u00f3xima semana, em Brno&#8221;, concluiu o time de <strong>Herv\u00e9 Poncharal<\/strong>.<\/p>\n\n\n\n<p class=\"wp-block-paragraph\">Al\u00e9m de Vi\u00f1ales, <strong>Enea Bastianini<\/strong> <a href=\"https:\/\/www.grandepremio.com\/br\/motogp\/noticias\/enea-bastianini-perde-gp-da-alemanha-por-apendicite-tech3-corre-maverick-vinales\/\">tamb\u00e9m desfalca a equipe em Sachsenring ap\u00f3s ser diagnosticado com apendicite<\/a>. A confirma\u00e7\u00e3o da aus\u00eancia do <strong>#23<\/strong> aconteceu na sexta-feira (11). Enea precisou ser internado durante a semana e houve a tentativa era recuperar o italiano sem a necessidade de cirurgia para que ele pudesse disputar a etapa da MotoGP, mas n\u00e3o houve tempo h\u00e1bil.<\/p>\n\n\n\n\n\n\n\n<p class=\"wp-block-paragraph\">A\u00a0<strong><a href=\"https:\/\/grandepremio.com\/motogp\/\" target=\"_blank\" rel=\"noreferrer noopener\">MotoGP<\/a><\/strong>\u00a0acelera neste s\u00e1bado (12), com a corrida sprint do\u00a0<strong>GP da Alemanha<\/strong>, em <strong>Sachsenring<\/strong>, 11\u00aa etapa da temporada 2025. O\u00a0<strong>GRANDE PR\u00caMIO\u00a0<\/strong>faz a cobertura completa do evento, assim como das outras classes do\u00a0<strong>Mundial de\u00a0<a href=\"https:\/\/www.grandepremio.com\/motovelocidade\/\">Motovelocidade<\/a><\/strong><a href=\"https:\/\/www.grandepremio.com\/motovelocidade\/\">\u00a0<\/a>durante todo o ano.<\/p>\n\n\n\n<p class=\"wp-block-paragraph\"><strong>\u25b6\ufe0f\u00a0Inscreva-se nos dois canais do GRANDE PR\u00caMIO no YouTube:\u00a0<a href=\"https:\/\/www.youtube.com\/channel\/UC9OlHEgxoaY6QY6nWPoiqQg?sub_confirmation=1\" target=\"_blank\" rel=\"noreferrer noopener\">GP<\/a>\u00a0|\u00a0<a href=\"https:\/\/www.youtube.com\/channel\/UC9csiS6q_C3C0FYhyr1rnFA?sub_confirmation=1\" target=\"_blank\" rel=\"noreferrer noopener\">GP2<\/a><\/strong><\/p>\n\n\n\n<h2 class=\"wp-block-heading\" id=\"h-gp-da-alemanha-nbsp-de-motogp-veja-os-horarios-em-brasil-e-portugal\">GP da Alemanha&nbsp;de MotoGP: veja os hor\u00e1rios em Brasil e Portugal<\/h2>\n\n\n\n<figure class=\"wp-block-table\"><table class=\"has-fixed-layout\"><tbody><tr><td><strong>DIA<\/strong><\/td><td><strong>CATEGORIA<\/strong><\/td><td><strong>SESS\u00c3O<\/strong><\/td><td><strong>BRA*<\/strong><\/td><td><strong>POR<\/strong><\/td><\/tr><tr><td><strong>S\u00e1bado<\/strong><\/td><td>MotoGP<\/td><td>Corrida Sprint<\/td><td>10:00<\/td><td>14:00<\/td><\/tr><tr><td><strong>Domingo<\/strong><\/td><td>MotoGP<\/td><td>Warm-Up<\/td><td>4:40<\/td><td>8:40<\/td><\/tr><tr><td><strong>Domingo<\/strong><\/td><td>Moto3<\/td><td>Corrida<\/td><td>6:00<\/td><td>10:00<\/td><\/tr><tr><td><strong>Domingo<\/strong><\/td><td>Moto2<\/td><td>Corrida<\/td><td>7:15<\/td><td>11:15<\/td><\/tr><tr><td><strong>Domingo<\/strong><\/td><td>MotoGP<\/td><td>Corrida<\/td><td>9:00<\/td><td>13:00<\/td><\/tr><\/tbody><\/table><\/figure>\n\n\n\n<p class=\"wp-block-paragraph\">*&nbsp;<em>hor\u00e1rios de Bras\u00edlia<\/em><\/p>\n","protected":false},"excerpt":{"rendered":"<p>Maverick Vi\u00f1ales sofreu queda no in\u00edcio do Q2 da classifica\u00e7\u00e3o e \u00e9 mais um desfalque da Tech3. Antes dele, equipe confirmou aus\u00eancia de Enea Bastianini<\/p>\n","protected":false},"author":0,"featured_media":1000990829,"comment_status":"closed","ping_status":"closed","sticky":false,"template":"","format":"standard","meta":{"42wp_featured_image_caption":"","42wp_featured_image_credits":"","42wp_featured_video":"","42wp_featured_image_hidden":false,"42wp_authors_list":[],"footnotes":""},"categories":[8],"tags":[24853,5214,2282,1504,1491,28285,5455,5689,78,39739,847,34187,3346,138,41828],"42wp_author":[47161],"class_list":["post-20033","post","type-post","status-publish","format-standard","has-post-thumbnail","hentry","category-motogp","tag-calendario-motogp","tag-classificacao-motogp","tag-enea-bastianini","tag-gp-da-alemanha","tag-grande-premio","tag-grandepremio","tag-horarios-motogp","tag-maverick-vinales","tag-motogp","tag-motogp-2025","tag-mundial-de-motovelocidade","tag-onde-assistir-motogp","tag-sachsenring","tag-tech3","tag-temporada-2025-da-motogp","42wp_author-kaio-esteves"],"_links":{"self":[{"href":"https:\/\/grandepremio.com\/br\/wp-json\/wp\/v2\/posts\/20033","targetHints":{"allow":["GET"]}}],"collection":[{"href":"https:\/\/grandepremio.com\/br\/wp-json\/wp\/v2\/posts"}],"about":[{"href":"https:\/\/grandepremio.com\/br\/wp-json\/wp\/v2\/types\/post"}],"replies":[{"embeddable":true,"href":"https:\/\/grandepremio.com\/br\/wp-json\/wp\/v2\/comments?post=20033"}],"version-history":[{"count":0,"href":"https:\/\/grandepremio.com\/br\/wp-json\/wp\/v2\/posts\/20033\/revisions"}],"wp:featuredmedia":[{"embeddable":true,"href":"https:\/\/grandepremio.com\/br\/wp-json\/wp\/v2\/media\/1000990829"}],"wp:attachment":[{"href":"https:\/\/grandepremio.com\/br\/wp-json\/wp\/v2\/media?parent=20033"}],"wp:term":[{"taxonomy":"category","embeddable":true,"href":"https:\/\/grandepremio.com\/br\/wp-json\/wp\/v2\/categories?post=20033"},{"taxonomy":"post_tag","embeddable":true,"href":"https:\/\/grandepremio.com\/br\/wp-json\/wp\/v2\/tags?post=20033"},{"taxonomy":"42wp_author","embeddable":true,"href":"https:\/\/grandepremio.com\/br\/wp-json\/wp\/v2\/42wp_author?post=20033"}],"curies":[{"name":"wp","href":"https:\/\/api.w.org\/{rel}","templated":true}]}}