{"id":20057,"date":"2025-07-11T16:24:18","date_gmt":"2025-07-11T19:24:18","guid":{"rendered":"https:\/\/grandepremio.com\/br\/noticias\/sebastian-murray-recebe-veto-medicos-apos-acidente-perde-etapa-iowa-indy-nxt\/"},"modified":"2025-07-12T21:14:14","modified_gmt":"2025-07-13T00:14:14","slug":"sebastian-murray-recebe-veto-medicos-apos-acidente-perde-etapa-iowa-indy-nxt","status":"publish","type":"post","link":"https:\/\/grandepremio.com\/br\/indy\/sebastian-murray-recebe-veto-medicos-apos-acidente-perde-etapa-iowa-indy-nxt\/","title":{"rendered":"Murray recebe veto dos m\u00e9dicos ap\u00f3s acidente e perde etapa de Iowa da Indy NXT"},"content":{"rendered":"\n<p class=\"wp-block-paragraph\"><strong>Sebastian Murray<\/strong> foi vetado pelos m\u00e9dicos e est\u00e1 fora da etapa de<strong> Iowa<\/strong> da <strong>Indy NXT<\/strong>, \u00faltimo degrau antes da Indy, marcada para este <strong>s\u00e1bado (12)<\/strong>. O escoc\u00eas n\u00e3o foi liberado para voltar \u00e0s pistas ap\u00f3s o forte acidente que se envolveu com <strong>Ricardo Escotto<\/strong>, seu companheiro na <strong>Andretti Cape<\/strong>, na prova da semana passada, em Mid-Ohio.<\/p>\n\n\n\n<p class=\"wp-block-paragraph\">Tanto a Andretti Cape quanto a Indy NXT n\u00e3o forneceram informa\u00e7\u00f5es mais aprofundadas sobre o estado de sa\u00fade de Murray, apenas que o piloto n\u00e3o foi liberado pelos m\u00e9dicos para as atividades em Iowa. <\/p>\n\n\n\n<p class=\"wp-block-paragraph\">Aparentemente, a situa\u00e7\u00e3o pegou Murray e a Andretti Cape de surpresa. O piloto estava inscrito para a prova e seu nome consta no livetiming do treino livre 1, tanto que o an\u00fancio da n\u00e3o participa\u00e7\u00e3o do #2 no fim de semana veio durante a atividade da Indy NXT em Iowa.<\/p>\n\n\n\n<p class=\"wp-block-paragraph\"><strong>Inscreva-se nos dois canais do GRANDE PR\u00caMIO no YouTube:\u00a0<a href=\"https:\/\/www.youtube.com\/channel\/UC9OlHEgxoaY6QY6nWPoiqQg?sub_confirmation=1\" target=\"_blank\" rel=\"noreferrer noopener\">GP<\/a>\u00a0|\u00a0<a href=\"https:\/\/www.youtube.com\/channel\/UC9csiS6q_C3C0FYhyr1rnFA?sub_confirmation=1\" target=\"_blank\" rel=\"noreferrer noopener\">GP2<\/a><\/strong><br><strong>LEIA MAIS:\u00a0<a href=\"https:\/\/www.grandepremio.com\/br\/indy\/noticias\/duas-poles-decididas-sessao-unica-como-funciona-classificacao-indy-iowa\/\">Duas poles decididas em sess\u00e3o \u00fanica: como funciona classifica\u00e7\u00e3o da Indy em Iowa<\/a><\/strong><\/p>\n\n\n\n\n\n\n\n<p class=\"wp-block-paragraph\">Acidente entre Escotto e Murray em Mid-Ohio (V\u00eddeo: FOX)<\/p>\n\n\n\n<p class=\"wp-block-paragraph\">&#8220;Devido ao incidente em pista durante a corrida de Mid-Ohio da Indy NXT na \u00faltima semana, Seb Murray, piloto da Andretti Cape, n\u00e3o foi liberado pelos m\u00e9dicos para competir neste fim de semana no Iowa Speedway&#8221;, disse a equipe em comunicado.<\/p>\n\n\n\n<p class=\"wp-block-paragraph\">Murray tem tido uma temporada de pouco destaque at\u00e9 aqui, com a d\u00e9cima posi\u00e7\u00e3o no campeonato, com 140 pontos e apenas um top-10 no ano. <strong>Dennis Hauger<\/strong>, com cinco vit\u00f3rias em oito etapas \u00e9 o grande nome do certame, com 371 tentos, com 47 de vantagem para <strong>Lochie Hughes<\/strong> e 83 para <strong>Caio Collet<\/strong>.<\/p>\n\n\n\n<p class=\"wp-block-paragraph\">A Indy NXT corre neste fim de semana em no oval de Iowa, a segunda corrida neste tipo de tra\u00e7ado na temporada. A prova est\u00e1 marcada para as 14h [de Bras\u00edlia, GMT -3] deste s\u00e1bado (12).<\/p>\n\n\n\n<figure class=\"wp-block-embed is-type-video is-provider-youtube wp-block-embed-youtube wp-embed-aspect-16-9 wp-has-aspect-ratio\"><div class=\"wp-block-embed__wrapper\">\n<iframe loading=\"lazy\" title=\"RIVAIS N\u00c3O APROVEITAM ERRO DE QUASE PERFEITO PALOU E INDY 2025 VIRA BRIGA POR VICE\" width=\"500\" height=\"281\" src=\"https:\/\/www.youtube.com\/embed\/kaX1WwpUss8?feature=oembed\" frameborder=\"0\" allow=\"accelerometer; autoplay; clipboard-write; encrypted-media; gyroscope; picture-in-picture; web-share\" referrerpolicy=\"strict-origin-when-cross-origin\" allowfullscreen><\/iframe>\n<\/div><\/figure>\n","protected":false},"excerpt":{"rendered":"<p>Indy NXT e Andretti Cape n\u00e3o se aprofundaram no estado de sa\u00fade de Sebastian Murray, apenas que piloto foi vetado da etapa de Iowa<\/p>\n","protected":false},"author":0,"featured_media":1000989310,"comment_status":"closed","ping_status":"closed","sticky":false,"template":"","format":"standard","meta":{"42wp_featured_image_caption":"","42wp_featured_image_credits":"","42wp_featured_video":"","42wp_featured_image_hidden":false,"42wp_authors_list":[],"footnotes":""},"categories":[3],"tags":[2980,5012,9828,417,20272,2908,28552,6133,1824,831,21215,14640,3837,796,6513,147,3630,3144,176,26800,39174,180,619,1595,1826,43645,4351,3622,5100,25472,1491,28285,267,35361,2561,2555,93,39054,232,43021,94,4333,4717,1555,4157,31343,3201,1569,90,1782,4166,2140,4377,25714,29784,3135,40229,27380,265,349,4156,3838,1869,44090,1245,733,732,266,9944,321,26544,3133],"42wp_author":[47155],"class_list":["post-20057","post","type-post","status-publish","format-standard","has-post-thumbnail","hentry","category-indy","tag-500-milhas-indianapolis","tag-al-unser-jr","tag-alex-palou","tag-andretti","tag-brad-hollinger","tag-bump-day","tag-calendario-indy","tag-classificacao-indy","tag-conor-daly","tag-dale-coyne","tag-disney","tag-doug-boles","tag-elkhart-lake","tag-emerson-fittipaldi","tag-espn","tag-f1","tag-f1-2025","tag-felix-rosenqvist","tag-fernando-alonso","tag-fora-2","tag-fora-da-corrida","tag-formula-1","tag-formula-indy","tag-ganassi","tag-gateway","tag-gp-da-gateway","tag-gp-de-iowa","tag-gp-de-mid-ohio","tag-gp-de-monaco","tag-gp-de-road-america","tag-grande-premio","tag-grandepremio","tag-helio-castroneves","tag-horarios-indy","tag-indianapolis","tag-indianapolis-motor-speedway","tag-indy","tag-indy-2025","tag-indy-500","tag-indy-ao-vivo-gratis","tag-indycar","tag-iowa","tag-jacob-abel","tag-josef-newgarden","tag-juncos","tag-juncos-hollinger","tag-kyle-larson","tag-marcus-ericsson","tag-mclaren","tag-meyer-shank","tag-mid-ohio","tag-monaco","tag-newton","tag-nolan-siegel","tag-onde-assistir-indy","tag-oval","tag-oval-de-iowa","tag-pato-oward-3","tag-penske","tag-prema","tag-ricardo-juncos","tag-road-america","tag-robert-shwartzman","tag-rodada-dupla-de-iowa","tag-roger-penske","tag-ryan-briscoe","tag-scott-dixon","tag-scott-mclaughlin","tag-tim-cindric","tag-tony-kanaan","tag-tv-cultura","tag-will-power","42wp_author-daniel-balsa"],"_links":{"self":[{"href":"https:\/\/grandepremio.com\/br\/wp-json\/wp\/v2\/posts\/20057","targetHints":{"allow":["GET"]}}],"collection":[{"href":"https:\/\/grandepremio.com\/br\/wp-json\/wp\/v2\/posts"}],"about":[{"href":"https:\/\/grandepremio.com\/br\/wp-json\/wp\/v2\/types\/post"}],"replies":[{"embeddable":true,"href":"https:\/\/grandepremio.com\/br\/wp-json\/wp\/v2\/comments?post=20057"}],"version-history":[{"count":0,"href":"https:\/\/grandepremio.com\/br\/wp-json\/wp\/v2\/posts\/20057\/revisions"}],"wp:featuredmedia":[{"embeddable":true,"href":"https:\/\/grandepremio.com\/br\/wp-json\/wp\/v2\/media\/1000989310"}],"wp:attachment":[{"href":"https:\/\/grandepremio.com\/br\/wp-json\/wp\/v2\/media?parent=20057"}],"wp:term":[{"taxonomy":"category","embeddable":true,"href":"https:\/\/grandepremio.com\/br\/wp-json\/wp\/v2\/categories?post=20057"},{"taxonomy":"post_tag","embeddable":true,"href":"https:\/\/grandepremio.com\/br\/wp-json\/wp\/v2\/tags?post=20057"},{"taxonomy":"42wp_author","embeddable":true,"href":"https:\/\/grandepremio.com\/br\/wp-json\/wp\/v2\/42wp_author?post=20057"}],"curies":[{"name":"wp","href":"https:\/\/api.w.org\/{rel}","templated":true}]}}