{"id":20068,"date":"2025-07-11T12:21:00","date_gmt":"2025-07-11T15:21:00","guid":{"rendered":"https:\/\/grandepremio.com\/br\/noticias\/duas-poles-decididas-sessao-unica-como-funciona-classificacao-indy-iowa\/"},"modified":"2025-07-11T14:49:23","modified_gmt":"2025-07-11T17:49:23","slug":"duas-poles-decididas-sessao-unica-como-funciona-classificacao-indy-iowa","status":"publish","type":"post","link":"https:\/\/grandepremio.com\/br\/indy\/duas-poles-decididas-sessao-unica-como-funciona-classificacao-indy-iowa\/","title":{"rendered":"Duas poles decididas em sess\u00e3o \u00fanica: como funciona classifica\u00e7\u00e3o da Indy em Iowa"},"content":{"rendered":"\n<p class=\"wp-block-paragraph\">A Indy tem um fim de semana at\u00edpico na temporada 2025 em Iowa, quando disputar\u00e1 a \u00fanica rodada dupla do ano \u2014 e justamente em um circuito oval, quando os pilotos ficam expostos a um n\u00edvel elevado de for\u00e7a G. Por essas e outras, a classifica\u00e7\u00e3o para as duas corridas \u00e9 completamente diferente do habitual, com as duas poles definidas na mesma sess\u00e3o. Entenda como funciona.<\/p>\n\n\n\n<p class=\"wp-block-paragraph\">Com o intuito de minimizar as atividades em pista e preservar as condi\u00e7\u00f5es f\u00edsicas dos pilotos, que far\u00e3o duas corridas no oval de Newton, a defini\u00e7\u00e3o do grid de largada das provas da Indy em Iowa \u00e9 feita em somente uma sess\u00e3o. <\/p>\n\n\n\n<p class=\"wp-block-paragraph\">Por se tratar de uma classifica\u00e7\u00e3o em oval, os pilotos v\u00e3o \u00e0 pista na ordem decrescente \u00e0 pontua\u00e7\u00e3o dos carros e ter\u00e3o duas voltas lan\u00e7adas com o tra\u00e7ado livre para registrar os tempos. Em uma etapa comum da Indy, a m\u00e9dia dos dois giros define a posi\u00e7\u00e3o do piloto no grid de largada, o que n\u00e3o ocorrer\u00e1 em Iowa.<\/p>\n\n\n\n<p class=\"wp-block-paragraph\"><strong>Inscreva-se nos dois canais do GRANDE PR\u00caMIO no YouTube:\u00a0<a href=\"https:\/\/www.youtube.com\/channel\/UC9OlHEgxoaY6QY6nWPoiqQg?sub_confirmation=1\" target=\"_blank\" rel=\"noreferrer noopener\">GP<\/a>\u00a0|\u00a0<a href=\"https:\/\/www.youtube.com\/channel\/UC9csiS6q_C3C0FYhyr1rnFA?sub_confirmation=1\" target=\"_blank\" rel=\"noreferrer noopener\">GP2<\/a><\/strong><br><strong>LEIA MAIS:\u00a0<a href=\"https:\/\/www.grandepremio.com\/br\/indy\/noticias\/scott-dixon-aproveita-erro-crucial-alex-palou-vence-gp-mid-ohio-indy\/\">Dixon aproveita erro crucial de Palou e vence GP de Mid-Ohio da Indy<\/a><\/strong><\/p>\n\n\n\n<figure class=\"wp-block-image size-large\"><img decoding=\"async\" src=\"https:\/\/www.grandepremio.com\/br\/wp-content\/uploads\/2024\/07\/Scott-Dixon-Hy-Vee-INDYCAR-Race-Weekend-Hy-Vee-Homefront-250-By_-James-Black_Large-Image-Without-Watermark_m112128-1200x800.jpg\" alt=\"\" class=\"wp-image-840396\"\/><figcaption class=\"wp-element-caption\">Scott Dixon (Foto: IndyCar)<\/figcaption><\/figure>\n\n\n\n<p class=\"wp-block-paragraph\">Neste s\u00e1bado (12), \u00e0s 13h [de Bras\u00edlia, GMT -3], quando os pilotos forem \u00e0 pista, as estrat\u00e9gias estar\u00e3o em jogo na classifica\u00e7\u00e3o, pois a volta 1 vai valer para a corrida 1 e a volta 2 para a corrida 2 do fim de semana da Indy. Com isso, os competidores poder\u00e3o partir para t\u00e1ticas diferentes, privilegiando um ou outra prova, atacando mais ou menos um dos giros, podendo utilizar mais da energia do motor h\u00edbrido.<\/p>\n\n\n\n<p class=\"wp-block-paragraph\">Vale destacar que uma corrida ser\u00e1 realizada sob o por-do-sol, no final da tarde de s\u00e1bado, o que vai demandar um acerto diferente para a prova do domingo, que tem a previs\u00e3o de forte calor em decorr\u00eancia da realiza\u00e7\u00e3o no meio da tarde. O time que tiver um set-up mais aprimorado para uma dessas condi\u00e7\u00f5es pode apostar desde a classifica\u00e7\u00e3o da Indy.<\/p>\n\n\n\n<p class=\"wp-block-paragraph\">As atividades da Indy come\u00e7am nesta sexta-feira (11), com o treino para andar na linha de fora e o treino livre 1, com in\u00edcio agendado para 16h30 [de Bras\u00edlia, GMT -3]. No s\u00e1bado (12), al\u00e9m da classifica\u00e7\u00e3o, a Indy realiza a corrida 1 em Iowa, \u00e0s 18h. No domingo (13), a corrida 2 fecha o fim de semana.<\/p>\n","protected":false},"excerpt":{"rendered":"<p>Por se tratar de uma rodada dupla, Indy realiza classifica\u00e7\u00e3o de modo diferente do habitual em Iowa, com uma sess\u00e3o que define o grid para as duas corridas<\/p>\n","protected":false},"author":0,"featured_media":1000840400,"comment_status":"closed","ping_status":"closed","sticky":false,"template":"","format":"standard","meta":{"42wp_featured_image_caption":"","42wp_featured_image_credits":"","42wp_featured_video":"","42wp_featured_image_hidden":false,"42wp_authors_list":[],"footnotes":""},"categories":[3],"tags":[9828,417,2908,28552,6133,1824,831,14640,796,147,3630,3144,176,26800,39174,180,619,1595,1826,43645,4351,3622,5100,1491,28285,267,35361,2561,2555,93,39054,232,43021,94,4333,35177,4717,1555,4157,3201,35179,1569,34788,90,1782,2140,4377,31549,25714,32087,29784,3135,27380,265,349,1820,1869,44090,1245,733,732,266,321,1819,3133],"42wp_author":[47155],"class_list":["post-20068","post","type-post","status-publish","format-standard","has-post-thumbnail","hentry","category-indy","tag-alex-palou","tag-andretti","tag-bump-day","tag-calendario-indy","tag-classificacao-indy","tag-conor-daly","tag-dale-coyne","tag-doug-boles","tag-emerson-fittipaldi","tag-f1","tag-f1-2025","tag-felix-rosenqvist","tag-fernando-alonso","tag-fora-2","tag-fora-da-corrida","tag-formula-1","tag-formula-indy","tag-ganassi","tag-gateway","tag-gp-da-gateway","tag-gp-de-iowa","tag-gp-de-mid-ohio","tag-gp-de-monaco","tag-grande-premio","tag-grandepremio","tag-helio-castroneves","tag-horarios-indy","tag-indianapolis","tag-indianapolis-motor-speedway","tag-indy","tag-indy-2025","tag-indy-500","tag-indy-ao-vivo-gratis","tag-indycar","tag-iowa","tag-jack-jeffers","tag-jacob-abel","tag-josef-newgarden","tag-juncos","tag-kyle-larson","tag-lucas-fecury","tag-marcus-ericsson","tag-max-garcia","tag-mclaren","tag-meyer-shank","tag-monaco","tag-newton","tag-nicholas-monteiro","tag-nolan-siegel","tag-onde-assistir","tag-onde-assistir-indy","tag-oval","tag-pato-oward-3","tag-penske","tag-prema","tag-pro-2000","tag-robert-shwartzman","tag-rodada-dupla-de-iowa","tag-roger-penske","tag-ryan-briscoe","tag-scott-dixon","tag-scott-mclaughlin","tag-tony-kanaan","tag-usf2000","tag-will-power","42wp_author-daniel-balsa"],"_links":{"self":[{"href":"https:\/\/grandepremio.com\/br\/wp-json\/wp\/v2\/posts\/20068","targetHints":{"allow":["GET"]}}],"collection":[{"href":"https:\/\/grandepremio.com\/br\/wp-json\/wp\/v2\/posts"}],"about":[{"href":"https:\/\/grandepremio.com\/br\/wp-json\/wp\/v2\/types\/post"}],"replies":[{"embeddable":true,"href":"https:\/\/grandepremio.com\/br\/wp-json\/wp\/v2\/comments?post=20068"}],"version-history":[{"count":0,"href":"https:\/\/grandepremio.com\/br\/wp-json\/wp\/v2\/posts\/20068\/revisions"}],"wp:featuredmedia":[{"embeddable":true,"href":"https:\/\/grandepremio.com\/br\/wp-json\/wp\/v2\/media\/1000840400"}],"wp:attachment":[{"href":"https:\/\/grandepremio.com\/br\/wp-json\/wp\/v2\/media?parent=20068"}],"wp:term":[{"taxonomy":"category","embeddable":true,"href":"https:\/\/grandepremio.com\/br\/wp-json\/wp\/v2\/categories?post=20068"},{"taxonomy":"post_tag","embeddable":true,"href":"https:\/\/grandepremio.com\/br\/wp-json\/wp\/v2\/tags?post=20068"},{"taxonomy":"42wp_author","embeddable":true,"href":"https:\/\/grandepremio.com\/br\/wp-json\/wp\/v2\/42wp_author?post=20068"}],"curies":[{"name":"wp","href":"https:\/\/api.w.org\/{rel}","templated":true}]}}