{"id":20069,"date":"2025-07-11T11:56:53","date_gmt":"2025-07-11T14:56:53","guid":{"rendered":"https:\/\/grandepremio.com\/br\/noticias\/aprilia-diz-espera-confirmar-evolucao-para-evitar-queda-ranking-concessoes\/"},"modified":"2025-07-11T13:23:39","modified_gmt":"2025-07-11T16:23:39","slug":"aprilia-diz-espera-confirmar-evolucao-para-evitar-queda-ranking-concessoes","status":"publish","type":"post","link":"https:\/\/grandepremio.com\/br\/motogp\/aprilia-diz-espera-confirmar-evolucao-para-evitar-queda-ranking-concessoes\/","title":{"rendered":"Aprilia diz que espera confirmar evolu\u00e7\u00e3o para evitar queda em ranking de concess\u00f5es"},"content":{"rendered":"\n<p class=\"wp-block-paragraph\">Os <strong>GPs da Alemanha <\/strong>e da <strong>Tch\u00e9quia<\/strong>, que acontecem nos pr\u00f3ximos dois fins de semana, ser\u00e3o decisivos para o futuro da<strong> Aprilia<\/strong> na <strong>MotoGP<\/strong>. Isso porque a casa de <strong>Noale<\/strong> \u00e9 a \u00fanica fabricante do grid que poder\u00e1 mudar seu n\u00edvel de concess\u00f5es na classe rainha, caindo da classifica\u00e7\u00e3o C para a D.<\/p>\n\n\n\n<p class=\"wp-block-paragraph\">Com as \u00faltimas duas corridas que determinam o corte, todos os fabricantes manter\u00e3o seu n\u00edvel atual \u2014 exceto a Aprilia. Para evitar o rebaixamento, o\u00a0time italiano precisa somar 26 pontos em <strong>Sachsenring<\/strong> e <strong>Brno<\/strong> para permanecer no selecionado atual.<\/p>\n\n\n\n<p class=\"wp-block-paragraph\">Atualmente, o sistema de concess\u00f5es no MotoGP avalia os m\u00e9ritos dos fabricantes em dois momentos da temporada: um ao t\u00e9rmino da temporada anterior, e outro na metade do campeonato, pouco antes da pausa de ver\u00e3o \u2014 que este ano ocorre ap\u00f3s a etapa em Brno, justamente no fim de semana <a href=\"https:\/\/www.grandepremio.com\/br\/motogp\/noticias\/jorge-martin-teste-misano-confirma-volta-motogp-tchequia-incrivel-aprilia\/\">confirmado para o retorno de <strong>Jorge Mart\u00edn<\/strong><\/a>.<\/p>\n\n\n\n<p class=\"wp-block-paragraph\">No momento, a <strong>Ducati<\/strong> \u00e9 a \u00fanica marca com classifica\u00e7\u00e3o\u00a0A, com menos limita\u00e7\u00f5es e tamb\u00e9m menos concess\u00f5es para testes. <strong>KTM<\/strong> e a <strong>Aprilia<\/strong> encontram-se na classifica\u00e7\u00e3o C, considerada intermedi\u00e1ria, enquanto as fabricantes japonesas \u2014 <strong>Honda<\/strong> e <strong>Yamaha<\/strong> \u2014 est\u00e3o no grupo D, com concess\u00f5es mais amplas como testes livres com pilotos titulares, mais pneus por ano e motores abertos para melhorias, ao contr\u00e1rio das demais, que possuem motores congelados.<\/p>\n\n\n\n<figure class=\"wp-block-image size-large\"><img decoding=\"async\" src=\"https:\/\/www.grandepremio.com\/br\/wp-content\/uploads\/2025\/04\/be883f64-4f20-f1d1-668c-5e08ef7af523-1200x800.jpg\" alt=\"\" class=\"wp-image-953289\"\/><figcaption class=\"wp-element-caption\">Jorge Mart\u00edn (Foto: Divulga\u00e7\u00e3o\/MotoGP)<\/figcaption><\/figure>\n\n\n\n<p class=\"wp-block-paragraph\">Apesar do risco, a queda n\u00e3o significa necessariamente um regresso. Pelo contr\u00e1rio. Mesmo mostrando que a<strong> RS-GP25<\/strong> \u00e9 uma moto competitiva na atual temporada, a queda para a classifica\u00e7\u00e3o D daria \u00e0 Aprilia a oportunidade de ter mais liberdade para melhorar a moto. Contudo, a equipe italiana disse que trabalha para permanecer no grupo intermedi\u00e1rio.<\/p>\n\n\n\n<p class=\"wp-block-paragraph\">&#8220;Estamos trabalhando para nos manter no grupo C, porque nossa ambi\u00e7\u00e3o \u00e9 continuar crescendo e progredindo tamb\u00e9m nas categorias superiores\u201d, garantiu<strong> Paolo Bonora<\/strong>, chefe da equipe.<\/p>\n\n\n\n<p class=\"wp-block-paragraph\">\u201cEsperamos continuar melhorando neste fim de semana em Sachsenring, embora n\u00e3o seja um dos circuitos mais favor\u00e1veis para n\u00f3s, e confirmar a tend\u00eancia das \u00faltimas corridas, tanto aqui quanto em Brno na pr\u00f3xima semana&#8221;, concluiu o dirigente.<\/p>\n\n\n\n<p class=\"wp-block-paragraph\">A&nbsp;<strong><a href=\"https:\/\/grandepremio.com\/motogp\/\" target=\"_blank\" rel=\"noreferrer noopener\">MotoGP<\/a><\/strong>&nbsp;volta a acelerar neste s\u00e1bado (12) para a defini\u00e7\u00e3o do grid de largada e a corrida sprint do&nbsp;<strong>GP da Alemanha<\/strong>, em&nbsp;<strong><a href=\"https:\/\/www.grandepremio.com\/br\/circuito\/sachsenring\/\" target=\"_blank\" rel=\"noreferrer noopener\">Sachsenring<\/a><\/strong>, 11\u00aa etapa da temporada 2025. O&nbsp;<strong>GRANDE PR\u00caMIO&nbsp;<\/strong>faz a cobertura completa do evento, assim como das outras classes do&nbsp;<strong>Mundial de&nbsp;<a href=\"https:\/\/www.grandepremio.com\/motovelocidade\/\">Motovelocidade<\/a><\/strong><a href=\"https:\/\/www.grandepremio.com\/motovelocidade\/\">&nbsp;<\/a>durante todo o ano.<\/p>\n\n\n\n<p class=\"wp-block-paragraph\"><strong>\u25b6\ufe0f&nbsp;Inscreva-se nos dois canais do GRANDE PR\u00caMIO no YouTube:&nbsp;<a href=\"https:\/\/www.youtube.com\/channel\/UC9OlHEgxoaY6QY6nWPoiqQg?sub_confirmation=1\" target=\"_blank\" rel=\"noreferrer noopener\">GP<\/a>&nbsp;|&nbsp;<a href=\"https:\/\/www.youtube.com\/channel\/UC9csiS6q_C3C0FYhyr1rnFA?sub_confirmation=1\" target=\"_blank\" rel=\"noreferrer noopener\">GP2<\/a><\/strong><\/p>\n\n\n\n<h2 class=\"wp-block-heading\" id=\"h-gp-da-alemanha-nbsp-de-motogp-veja-os-horarios-em-brasil-e-portugal\">GP da Alemanha&nbsp;de MotoGP: veja os hor\u00e1rios em Brasil e Portugal<\/h2>\n\n\n\n<figure class=\"wp-block-table\"><table class=\"has-fixed-layout\"><tbody><tr><td><strong>DIA<\/strong><\/td><td><strong>CATEGORIA<\/strong><\/td><td><strong>SESS\u00c3O<\/strong><\/td><td><strong>BRA*<\/strong><\/td><td><strong>POR<\/strong><\/td><\/tr><tr><td><strong>S\u00e1bado<\/strong><\/td><td>MotoGP<\/td><td>Classifica\u00e7\u00e3o<\/td><td>5:50<\/td><td>9:50<\/td><\/tr><tr><td><strong>S\u00e1bado<\/strong><\/td><td>Moto3<\/td><td>Classifica\u00e7\u00e3o<\/td><td>7:50<\/td><td>11:50<\/td><\/tr><tr><td><strong>S\u00e1bado<\/strong><\/td><td>Moto2<\/td><td>Classifica\u00e7\u00e3o<\/td><td>8:45<\/td><td>12:45<\/td><\/tr><tr><td><strong>S\u00e1bado<\/strong><\/td><td>MotoGP<\/td><td>Corrida Sprint<\/td><td>10:00<\/td><td>14:00<\/td><\/tr><tr><td><strong>Domingo<\/strong><\/td><td>MotoGP<\/td><td>Warm-Up<\/td><td>4:40<\/td><td>8:40<\/td><\/tr><tr><td><strong>Domingo<\/strong><\/td><td>Moto3<\/td><td>Corrida<\/td><td>6:00<\/td><td>10:00<\/td><\/tr><tr><td><strong>Domingo<\/strong><\/td><td>Moto2<\/td><td>Corrida<\/td><td>7:15<\/td><td>11:15<\/td><\/tr><tr><td><strong>Domingo<\/strong><\/td><td>MotoGP<\/td><td>Corrida<\/td><td>9:00<\/td><td>13:00<\/td><\/tr><\/tbody><\/table><\/figure>\n\n\n\n<figure class=\"wp-block-embed is-type-video is-provider-youtube wp-block-embed-youtube wp-embed-aspect-16-9 wp-has-aspect-ratio\"><div class=\"wp-block-embed__wrapper\">\n<iframe loading=\"lazy\" title=\"MART\u00cdN COME\u00c7A A TRILHAR CAMINHO DE VOLTA \u00c0 MOTOGP. MAS EM QUE CLIMA?\" width=\"500\" height=\"281\" src=\"https:\/\/www.youtube.com\/embed\/c6ivGDWW5vc?feature=oembed\" frameborder=\"0\" allow=\"accelerometer; autoplay; clipboard-write; encrypted-media; gyroscope; picture-in-picture; web-share\" referrerpolicy=\"strict-origin-when-cross-origin\" allowfullscreen><\/iframe>\n<\/div><\/figure>\n","protected":false},"excerpt":{"rendered":"<p>A Aprilia \u00e9 a \u00fanica da MotoGP que pode sofrer altera\u00e7\u00e3o na classifica\u00e7\u00e3o ap\u00f3s as etapas da Alemanha e Tch\u00e9quia. Apesar de rebaixamento permitir mais concess\u00f5es, equipe garante que quer permanecer no grupo atual<\/p>\n","protected":false},"author":0,"featured_media":1000959460,"comment_status":"closed","ping_status":"closed","sticky":false,"template":"","format":"standard","meta":{"42wp_featured_image_caption":"","42wp_featured_image_credits":"","42wp_featured_video":"","42wp_featured_image_hidden":false,"42wp_authors_list":[],"footnotes":""},"categories":[8],"tags":[133,4087,24853,5214,312,1504,25775,1491,28285,5455,78,39739,847,34187,3346,41828],"42wp_author":[47161],"class_list":["post-20069","post","type-post","status-publish","format-standard","has-post-thumbnail","hentry","category-motogp","tag-aprilia","tag-brno","tag-calendario-motogp","tag-classificacao-motogp","tag-fim","tag-gp-da-alemanha","tag-gp-da-tchequia","tag-grande-premio","tag-grandepremio","tag-horarios-motogp","tag-motogp","tag-motogp-2025","tag-mundial-de-motovelocidade","tag-onde-assistir-motogp","tag-sachsenring","tag-temporada-2025-da-motogp","42wp_author-kaio-esteves"],"_links":{"self":[{"href":"https:\/\/grandepremio.com\/br\/wp-json\/wp\/v2\/posts\/20069","targetHints":{"allow":["GET"]}}],"collection":[{"href":"https:\/\/grandepremio.com\/br\/wp-json\/wp\/v2\/posts"}],"about":[{"href":"https:\/\/grandepremio.com\/br\/wp-json\/wp\/v2\/types\/post"}],"replies":[{"embeddable":true,"href":"https:\/\/grandepremio.com\/br\/wp-json\/wp\/v2\/comments?post=20069"}],"version-history":[{"count":0,"href":"https:\/\/grandepremio.com\/br\/wp-json\/wp\/v2\/posts\/20069\/revisions"}],"wp:featuredmedia":[{"embeddable":true,"href":"https:\/\/grandepremio.com\/br\/wp-json\/wp\/v2\/media\/1000959460"}],"wp:attachment":[{"href":"https:\/\/grandepremio.com\/br\/wp-json\/wp\/v2\/media?parent=20069"}],"wp:term":[{"taxonomy":"category","embeddable":true,"href":"https:\/\/grandepremio.com\/br\/wp-json\/wp\/v2\/categories?post=20069"},{"taxonomy":"post_tag","embeddable":true,"href":"https:\/\/grandepremio.com\/br\/wp-json\/wp\/v2\/tags?post=20069"},{"taxonomy":"42wp_author","embeddable":true,"href":"https:\/\/grandepremio.com\/br\/wp-json\/wp\/v2\/42wp_author?post=20069"}],"curies":[{"name":"wp","href":"https:\/\/api.w.org\/{rel}","templated":true}]}}