{"id":20094,"date":"2025-07-10T17:13:21","date_gmt":"2025-07-10T20:13:21","guid":{"rendered":"https:\/\/grandepremio.com\/br\/noticias\/stoffel-vandoorne-cobra-stellantis-meio-contratacoes-formula-e-precisam-dar-vaga\/"},"modified":"2025-07-10T20:38:22","modified_gmt":"2025-07-10T23:38:22","slug":"stoffel-vandoorne-cobra-stellantis-meio-contratacoes-formula-e-precisam-dar-vaga","status":"publish","type":"post","link":"https:\/\/grandepremio.com\/br\/formula-e\/stoffel-vandoorne-cobra-stellantis-meio-contratacoes-formula-e-precisam-dar-vaga\/","title":{"rendered":"Vandoorne cobra Stellantis em meio a aquisi\u00e7\u00f5es na F\u00f3rmula E: \u201cPrecisa me dar vaga\u201d"},"content":{"rendered":"\n<p class=\"wp-block-paragraph\">A situa\u00e7\u00e3o de <strong>Stoffel Vandoorne<\/strong> para o pr\u00f3ximo ano \u00e9, no m\u00ednimo, incerta. Enquanto o piloto belga afirma ter contrato com o grupo <strong>Stellantis<\/strong> para a pr\u00f3xima temporada, mais pilotos s\u00e3o contratados. Mais que isso, a conta da rela\u00e7\u00e3o vagas dispon\u00edveis x pilotos sob contrato vai ficando apertada, para dizer o m\u00ednimo. E Vandoorne faz quest\u00e3o de destacar que est\u00e1 no p\u00e1reo, uma vez que tem contrato para 2025\/26, mesmo enquanto o cerco se fecha.<\/p>\n\n\n\n<p class=\"wp-block-paragraph\">A atual vaga de Vandoorne est\u00e1 em risco. Com duas equipes na F\u00f3rmula E, <strong>Maserati<\/strong> e <strong>DS Penske<\/strong>, o grupo soma quatro vagas. <strong>Maximilian G\u00fcnther<\/strong> teve o contrato renovado e \u00e9 o melhor colocado no quarteto da Stellantis na atual temporada, enquanto as informa\u00e7\u00f5es que v\u00eam da Inglaterra d\u00e3o conta de que <strong>Nick Cassidy<\/strong> e <strong>Taylor Barnard<\/strong>, <strong><a href=\"https:\/\/www.grandepremio.com\/br\/formula-e\/noticias\/nick-cassidy-decide-ampliar-debandada-deixa-jaguar-fim-temporada-2024-25\/\">atualmente pilotos<\/a><\/strong> de <strong>Jaguar<\/strong> e <strong>McLaren<\/strong>, <strong><a href=\"https:\/\/www.grandepremio.com\/br\/formula-e\/noticias\/taylor-barnard-adianta-vida-mclaren-assina-penske-garantir-futuro-formula-e\/\">j\u00e1 assinaram para o ano que vem<\/a><\/strong>. A presen\u00e7a destes tr\u00eas deixaria somente mais uma vaga em aberto para os outros tr\u00eas pilotos que defendem o Grupo Stellantis no campeonato atual. <\/p>\n\n\n\n<p class=\"wp-block-paragraph\">Destes, <strong>Jake Hughes<\/strong> aparece como carta fora do baralho, enquanto Vandoorne e <strong>Jean-\u00c9ric Vergne<\/strong>, \u00fanico bicampe\u00e3o da hist\u00f3ria da F\u00f3rmula E, ainda aguardam um desfecho. O belga, campe\u00e3o da categoria na temporada 2022, n\u00e3o deixa o assunto para depois. <\/p>\n\n\n\n<p class=\"wp-block-paragraph\">&#8220;Eles obviamente precisam me dar alguma vaga onde correr. Ainda n\u00e3o sei onde estarei, mas isso \u00e9 o que todos est\u00e3o tentando descobrir no momento\u201d, apontou na chegada a Berlim para a etapa deste fim de semana. <\/p>\n\n\n\n<figure class=\"wp-block-image size-large\"><img decoding=\"async\" src=\"https:\/\/www.grandepremio.com\/br\/wp-content\/uploads\/2025\/05\/SG1_6110_BMCTwjbd_20250531122551-2048x2048-1-1200x800.jpg\" alt=\"\" class=\"wp-image-975480\"\/><figcaption class=\"wp-element-caption\">Stoffel Vandoorne pode n\u00e3o estar garantida na F\u00f3rmula E (Foto: F\u00f3rmula E)<\/figcaption><\/figure>\n\n\n\n<p class=\"wp-block-paragraph\">Apesar das complica\u00e7\u00f5es aparentes em seguir no grid, Vandoorne hesita em correr atr\u00e1s de vagas de rivais. \u201cSou um piloto contratado pela Stellantis, ent\u00e3o cabe a ela me dizer qual \u00e9 a situa\u00e7\u00e3o antes que eu possa entrar mesmo em contato com outros times\u201d, afirmou.<\/p>\n\n\n\n<p class=\"wp-block-paragraph\">Al\u00e9m da F\u00f3rmula E, Vandoorne tamb\u00e9m pilota para o grupo Stellantis na WEC, atrav\u00e9s da equipe Peugeot. &#8220;Estou com eles h\u00e1 alguns anos e tenho sido leal tanto na quanto no WEC. Ent\u00e3o, cabe a eles me darem uma perspectiva completa da situa\u00e7\u00e3o\u201d. <\/p>\n\n\n\n<p class=\"wp-block-paragraph\">Vandoorne, \u00e9 bom lembrar, <strong><a href=\"https:\/\/www.grandepremio.com\/br\/formula-e\/noticias\/stoffel-vandoorne-encerra-longo-jejum-estrategia-genial-vence-ep-toquio-1-formula-e\/\">venceu a primeira das corridas do fim de semana em T\u00f3quio<\/a><\/strong> gra\u00e7as a um golpe de sorte e acerto estrat\u00e9gico da Maserati. \u00c9 algo que se mostrou ponto fora da curva de um campeonato at\u00e9 aqui apagado. Com quatro provas pela frente, ocupa somente o 13\u00ba posto do Mundial de PIlotos, com 50 pontos. Para efeitos de compara\u00e7\u00e3o, Vergne e G\u00fcnther t\u00eam, respectivamente, 74 e 71 pontos.<\/p>\n\n\n\n<p class=\"wp-block-paragraph\">A\u00a0<a href=\"https:\/\/www.grandepremio.com\/br\/formula-e\/\" target=\"_blank\" rel=\"noreferrer noopener\"><\/a><a href=\"https:\/\/www.grandepremio.com\/br\/formula-e\/\" target=\"_blank\" rel=\"noreferrer noopener\">F\u00f3rmula E<\/a>, agora,\u00a0volta a acelerar com a rodada dupla do\u00a0<strong>eP de\u00a0<a href=\"https:\/\/www.grandepremio.com\/br\/circuito\/berlim\/\" target=\"_blank\" rel=\"noreferrer noopener\">Berlim<\/a><\/strong>, na\u00a0<strong>Alemanha<\/strong>, nos dias\u00a0<strong>12 e 13 de julho<\/strong>. Emissora oficial no Brasil, o\u00a0<strong>GRANDE PR\u00caMIO\u00a0<\/strong>transmite todas as atividades de pista\u00a0<strong>AO VIVO<\/strong>\u00a0e\u00a0<strong>COM IMAGENS<\/strong>, no\u00a0<strong><a href=\"https:\/\/www.youtube.com\/@GrandePremio1\">YouTube<\/a>\u00a0<\/strong>e no\u00a0<strong><a href=\"https:\/\/www.kwai.com\/@grandepremio?lang=pt-BR\">Kwai<\/a><\/strong>, e ainda faz a cobertura do evento\u00a0<strong>IN LOCO<\/strong>, diretamente do\u00a0<strong>Aeroporto de Tempelhof, <\/strong>com <strong>JP Nascimento<\/strong>.<\/p>\n\n\n\n<p class=\"wp-block-paragraph\"><strong>\u25b6\ufe0f<\/strong>&nbsp;<strong>Inscreva-se nos dois canais do GRANDE PR\u00caMIO no YouTube:&nbsp;<a href=\"https:\/\/www.youtube.com\/channel\/UC9OlHEgxoaY6QY6nWPoiqQg?sub_confirmation=1\" target=\"_blank\" rel=\"noreferrer noopener\">GP<\/a>&nbsp;|&nbsp;<a href=\"https:\/\/www.youtube.com\/channel\/UC9csiS6q_C3C0FYhyr1rnFA?sub_confirmation=1\" target=\"_blank\" rel=\"noreferrer noopener\">GP2<\/a><\/strong><\/p>\n\n\n\n<figure class=\"wp-block-embed is-type-video is-provider-youtube wp-block-embed-youtube wp-embed-aspect-16-9 wp-has-aspect-ratio\"><div class=\"wp-block-embed__wrapper\">\n<iframe loading=\"lazy\" title=\"RED BULL DEMITE HORNER EM TENTATIVA DE SEGURAR VERSTAPPEN: O QUE ESPERAR? | TTGP #187\" width=\"500\" height=\"281\" src=\"https:\/\/www.youtube.com\/embed\/e4kkCXUosZs?feature=oembed\" frameborder=\"0\" allow=\"accelerometer; autoplay; clipboard-write; encrypted-media; gyroscope; picture-in-picture; web-share\" referrerpolicy=\"strict-origin-when-cross-origin\" allowfullscreen><\/iframe>\n<\/div><figcaption class=\"wp-element-caption\">RED BULL DEMITE HORNER EM TENTATIVA DE SEGURAR VERSTAPPEN: O QUE ESPERAR? | TTGP #187<\/figcaption><\/figure>\n","protected":false},"excerpt":{"rendered":"<p>Stoffel Vandoorne reafirma compromisso com grupo Stellantis, que acena com contrata\u00e7\u00f5es de Nick Cassidy e Taylor Barnard para temporada 2025\/26<\/p>\n","protected":false},"author":0,"featured_media":1000906462,"comment_status":"closed","ping_status":"closed","sticky":false,"template":"","format":"standard","meta":{"42wp_featured_image_caption":"","42wp_featured_image_credits":"","42wp_featured_video":"","42wp_featured_image_hidden":false,"42wp_authors_list":[],"footnotes":""},"categories":[19],"tags":[5660,31465,38802,34647,37545,33841,41655,4621,851,8870,2128,36219,31378,967,32748],"42wp_author":[47167],"class_list":["post-20094","post","type-post","status-publish","format-standard","has-post-thumbnail","hentry","category-formula-e","tag-classificacao","tag-ds-penske","tag-formula-e-2025","tag-formula-e-ao-vivo","tag-formula-e-live","tag-formula-e-no-grande-premio","tag-formula-e-tv-2025","tag-jake-hughes","tag-jean-eric-vergne","tag-maserati","tag-nick-cassidy","tag-onde-assistir-formula-e","tag-stellantis","tag-stoffel-vandoorne","tag-taylor-barnard","42wp_author-julia-palomares-aro"],"_links":{"self":[{"href":"https:\/\/grandepremio.com\/br\/wp-json\/wp\/v2\/posts\/20094","targetHints":{"allow":["GET"]}}],"collection":[{"href":"https:\/\/grandepremio.com\/br\/wp-json\/wp\/v2\/posts"}],"about":[{"href":"https:\/\/grandepremio.com\/br\/wp-json\/wp\/v2\/types\/post"}],"replies":[{"embeddable":true,"href":"https:\/\/grandepremio.com\/br\/wp-json\/wp\/v2\/comments?post=20094"}],"version-history":[{"count":0,"href":"https:\/\/grandepremio.com\/br\/wp-json\/wp\/v2\/posts\/20094\/revisions"}],"wp:featuredmedia":[{"embeddable":true,"href":"https:\/\/grandepremio.com\/br\/wp-json\/wp\/v2\/media\/1000906462"}],"wp:attachment":[{"href":"https:\/\/grandepremio.com\/br\/wp-json\/wp\/v2\/media?parent=20094"}],"wp:term":[{"taxonomy":"category","embeddable":true,"href":"https:\/\/grandepremio.com\/br\/wp-json\/wp\/v2\/categories?post=20094"},{"taxonomy":"post_tag","embeddable":true,"href":"https:\/\/grandepremio.com\/br\/wp-json\/wp\/v2\/tags?post=20094"},{"taxonomy":"42wp_author","embeddable":true,"href":"https:\/\/grandepremio.com\/br\/wp-json\/wp\/v2\/42wp_author?post=20094"}],"curies":[{"name":"wp","href":"https:\/\/api.w.org\/{rel}","templated":true}]}}