{"id":20119,"date":"2025-07-10T09:19:09","date_gmt":"2025-07-10T12:19:09","guid":{"rendered":"https:\/\/grandepremio.com\/br\/noticias\/bernie-ecclestone-critica-red-bull-demitir-christian-horner-parece-ele-matou-alguem\/"},"modified":"2025-07-10T09:44:44","modified_gmt":"2025-07-10T12:44:44","slug":"bernie-ecclestone-critica-red-bull-demitir-christian-horner-parece-ele-matou-alguem","status":"publish","type":"post","link":"https:\/\/grandepremio.com\/br\/f1\/bernie-ecclestone-critica-red-bull-demitir-christian-horner-parece-ele-matou-alguem\/","title":{"rendered":"Ecclestone critica Red Bull por demitir Horner: &#8220;Parece que ele matou algu\u00e9m&#8221;"},"content":{"rendered":"\n<p class=\"wp-block-paragraph\"><strong>Bernie Ecclestone<\/strong> se disse surpreso com a forma como a <strong>Red Bull<\/strong> anunciou a <strong><a href=\"https:\/\/www.grandepremio.com\/br\/f1\/noticias\/red-bull-demite-christian-horner-encerra-casamento-mais-20-anos-formula-1\/\">demiss\u00e3o imediata de Christian Horner<\/a><\/strong> do cargo de chefe de equipe. Em entrevista ao site neerland\u00eas <em>RacingNews365<\/em>, o ex-CEO da F\u00f3rmula 1 afirmou que o tom do comunicado oficial sugere que <strong>\u201calgo muito s\u00e9rio\u201d motivou a decis\u00e3o<\/strong>.<\/p>\n\n\n\n<p class=\"wp-block-paragraph\">Na \u00faltima quarta-feira (9), a Red Bull confirmou a sa\u00edda de Horner ap\u00f3s 20 anos \u00e0 frente do time. O brit\u00e2nico vinha sofrendo press\u00e3o interna \u2014 <strong><a href=\"https:\/\/www.grandepremio.com\/br\/f1\/noticias\/max-verstappen-condiciona-permanencia-red-bull-esvaziamento-saida-christian-horner\/\">principalmente do estafe de Max Verstappen<\/a><\/strong> \u2014 mas a sa\u00edda imediata gerou estranheza para Ecclestone.<\/p>\n\n\n\n<p class=\"wp-block-paragraph\">\u201cPara mim, deve ser algo muito s\u00e9rio. <strong>Falei com Horner no dia anterior, e ele n\u00e3o sabia<\/strong>&#8220;, revelou.<\/p>\n\n\n\n<p class=\"wp-block-paragraph\">&#8220;Bom, talvez soubesse, <strong>mas n\u00e3o me contou<\/strong>. Foi uma conversa normal, est\u00e1vamos falando sobre Max, nada a ver com isso. Caso contr\u00e1rio, teria mencionado\u201d, emendou.<\/p>\n\n\n\n<figure class=\"wp-block-image size-large\"><img decoding=\"async\" src=\"https:\/\/www.grandepremio.com\/br\/wp-content\/uploads\/2025\/06\/SI202506140263-1200x801.jpg\" alt=\"\" class=\"wp-image-985047\"\/><figcaption class=\"wp-element-caption\">Christian Horner deixou a Red Bull ap\u00f3s 20 anos no comando da equipe (Foto: Red Bull Content Pool)<\/figcaption><\/figure>\n\n\n\n<p class=\"wp-block-paragraph\">Ecclestone tamb\u00e9m questionou <strong>o tom utilizado pela Red Bull<\/strong>, que usou a express\u00e3o \u201ccom efeito imediato\u201d no comunicado. E sugeriu que a equipe poderia ter tratado o caso <strong>de forma mais diplom\u00e1tica<\/strong>.<\/p>\n\n\n\n<p class=\"wp-block-paragraph\">\u201cO que sei \u00e9 a mensagem que o mundo inteiro recebeu: <strong>Horner foi demitido, com efeito imediato<\/strong>. Isso \u00e9 o que n\u00e3o entendo. Por que pedir para sair imediatamente? <strong>\u00c9 como se tivesse assassinado algu\u00e9m<\/strong>\u201d, ironizou.<\/p>\n\n\n\n<p class=\"wp-block-paragraph\">\u201cSe voc\u00ea vai demitir algu\u00e9m, o normal \u00e9 ter uma conversa antes e sair com algo do tipo: \u2018Concordamos em nos separar\u2019, ou algo assim. Mas para vir a p\u00fablico e dizer \u2018voc\u00ea est\u00e1 demitido com efeito imediato\u2019, <strong>deve ter acontecido algo bem dr\u00e1stico para isso acontecer<\/strong>\u201d, concluiu.<\/p>\n\n\n\n<p class=\"wp-block-paragraph\">A&nbsp;<a href=\"https:\/\/www.grandepremio.com\/br\/f1\/\" target=\"_blank\" rel=\"noreferrer noopener\"><\/a><a href=\"https:\/\/www.grandepremio.com\/br\/f1\/\" target=\"_blank\" rel=\"noreferrer noopener\">F\u00f3rmula 1<\/a>&nbsp;volta de&nbsp;<strong>25 a 27 de julho<\/strong>, em&nbsp;<strong><a href=\"https:\/\/www.grandepremio.com\/br\/circuito\/spa-francorchamps\/\" target=\"_blank\" rel=\"noreferrer noopener\">Spa-Francorchamps<\/a><\/strong>, que recebe o&nbsp;<strong>GP da B\u00e9lgica<\/strong>.<\/p>\n\n\n\n<p class=\"wp-block-paragraph\"><strong>\u25b6\ufe0f<\/strong>&nbsp;<strong>Inscreva-se nos dois canais do GRANDE PR\u00caMIO no YouTube:&nbsp;<a href=\"https:\/\/www.youtube.com\/channel\/UC9OlHEgxoaY6QY6nWPoiqQg?sub_confirmation=1\" target=\"_blank\" rel=\"noreferrer noopener\">GP<\/a>&nbsp;|&nbsp;<a href=\"https:\/\/www.youtube.com\/channel\/UC9csiS6q_C3C0FYhyr1rnFA?sub_confirmation=1\" target=\"_blank\" rel=\"noreferrer noopener\">GP2<\/a><\/strong><\/p>\n\n\n\n<figure class=\"wp-block-embed is-type-video is-provider-youtube wp-block-embed-youtube wp-embed-aspect-16-9 wp-has-aspect-ratio\"><div class=\"wp-block-embed__wrapper\">\n<iframe loading=\"lazy\" title=\"RED BULL DEMITE HORNER EM TENTATIVA DE SEGURAR VERSTAPPEN: O QUE ESPERAR? | TTGP #187\" width=\"500\" height=\"281\" src=\"https:\/\/www.youtube.com\/embed\/e4kkCXUosZs?feature=oembed\" frameborder=\"0\" allow=\"accelerometer; autoplay; clipboard-write; encrypted-media; gyroscope; picture-in-picture; web-share\" referrerpolicy=\"strict-origin-when-cross-origin\" allowfullscreen><\/iframe>\n<\/div><\/figure>\n","protected":false},"excerpt":{"rendered":"<p>Bernie Ecclestone revelou conversa com Christian Horner na v\u00e9spera da demiss\u00e3o por parte da Red Bull. Ex-CEO da F\u00f3rmula 1 demonstrou surpresa e questionou tom do an\u00fancio da equipe<\/p>\n","protected":false},"author":0,"featured_media":1000990495,"comment_status":"closed","ping_status":"closed","sticky":false,"template":"","format":"standard","meta":{"42wp_featured_image_caption":"","42wp_featured_image_credits":"","42wp_featured_video":"","42wp_featured_image_hidden":false,"42wp_authors_list":[],"footnotes":""},"categories":[2],"tags":[539,26271,655,5273,147,3630,180,3628,1491,28285,30840,203,35129,204,42001],"42wp_author":[47164],"class_list":["post-20119","post","type-post","status-publish","format-standard","has-post-thumbnail","hentry","category-f1","tag-bernie-ecclestone","tag-calendario-f1","tag-christian-horner","tag-classificacao-f1","tag-f1","tag-f1-2025","tag-formula-1","tag-formula-1-2025","tag-grande-premio","tag-grandepremio","tag-horarios-f1","tag-max-verstappen","tag-onde-assistir-f1","tag-red-bull","tag-temporada-2025-f1","42wp_author-marcos-gil-ribeiro"],"_links":{"self":[{"href":"https:\/\/grandepremio.com\/br\/wp-json\/wp\/v2\/posts\/20119","targetHints":{"allow":["GET"]}}],"collection":[{"href":"https:\/\/grandepremio.com\/br\/wp-json\/wp\/v2\/posts"}],"about":[{"href":"https:\/\/grandepremio.com\/br\/wp-json\/wp\/v2\/types\/post"}],"replies":[{"embeddable":true,"href":"https:\/\/grandepremio.com\/br\/wp-json\/wp\/v2\/comments?post=20119"}],"version-history":[{"count":0,"href":"https:\/\/grandepremio.com\/br\/wp-json\/wp\/v2\/posts\/20119\/revisions"}],"wp:featuredmedia":[{"embeddable":true,"href":"https:\/\/grandepremio.com\/br\/wp-json\/wp\/v2\/media\/1000990495"}],"wp:attachment":[{"href":"https:\/\/grandepremio.com\/br\/wp-json\/wp\/v2\/media?parent=20119"}],"wp:term":[{"taxonomy":"category","embeddable":true,"href":"https:\/\/grandepremio.com\/br\/wp-json\/wp\/v2\/categories?post=20119"},{"taxonomy":"post_tag","embeddable":true,"href":"https:\/\/grandepremio.com\/br\/wp-json\/wp\/v2\/tags?post=20119"},{"taxonomy":"42wp_author","embeddable":true,"href":"https:\/\/grandepremio.com\/br\/wp-json\/wp\/v2\/42wp_author?post=20119"}],"curies":[{"name":"wp","href":"https:\/\/api.w.org\/{rel}","templated":true}]}}