{"id":20200,"date":"2025-07-07T13:03:24","date_gmt":"2025-07-07T16:03:24","guid":{"rendered":"https:\/\/grandepremio.com\/br\/noticias\/esteban-ocon-lamenta-corrida-frustrante-inglaterra-diz-mereciamos-pontuar\/"},"modified":"2025-07-07T13:05:23","modified_gmt":"2025-07-07T16:05:23","slug":"esteban-ocon-lamenta-corrida-frustrante-inglaterra-diz-mereciamos-pontuar","status":"publish","type":"post","link":"https:\/\/grandepremio.com\/br\/f1\/esteban-ocon-lamenta-corrida-frustrante-inglaterra-diz-mereciamos-pontuar\/","title":{"rendered":"Ocon lamenta \u201ccorrida muito frustrante\u201d na Inglaterra e diz: \u201cMerec\u00edamos pontuar\u201d"},"content":{"rendered":"\n<p class=\"wp-block-paragraph\"><strong>Esteban Ocon <\/strong>teve um <strong><a href=\"https:\/\/www.grandepremio.com\/br\/f1\/noticias\/lando-norris-vence-corrida-maluca-inglaterra-nico-hulkenberg-3o-gabriel-bortoleto-abandona\/\">GP da Inglaterra<\/a><\/strong> para esquecer, j\u00e1 que esteve envolvido em uma colis\u00e3o com <strong>Liam Lawson<\/strong> logo na primeira volta e, posteriormente, foi acertado pelo pr\u00f3prio companheiro de equipe, <strong>Oliver Bearman<\/strong>. O franc\u00eas n\u00e3o escondeu o descontentamento depois de finalizar em 13\u00b0 em <strong>Silverstone<\/strong>, disse que foi uma corrida frustrante e que a <strong>Haas<\/strong> merecia pontuar.<\/p>\n\n\n\n<p class=\"wp-block-paragraph\">\u201cFoi uma corrida extremamente frustrante, com toda certeza\u201d, iniciou o piloto do <strong>#31<\/strong>. \u201cNo in\u00edcio, infelizmente fiquei no meio de dois carros, sabia que teria algum contato e tentei evitar\u201d, seguiu.<\/p>\n\n\n\n<p class=\"wp-block-paragraph\">\u201cNaquele momento, n\u00e3o havia espa\u00e7o para tr\u00eas carros, tirei o p\u00e9, mas Liam veio com tudo e me acertou. Estou feliz que ele esteja bem e foi um milagre nada ter acontecido com o <strong>VF-25<\/strong>\u201d, explicou.<\/p>\n\n\n\n<p class=\"wp-block-paragraph\">\u201cDepois disso, fizemos as escolhas certas, mas dev\u00edamos ter parado para um novo jogo de intermedi\u00e1rios. Deixamos a oportunidade escapar das nossas m\u00e3os, que \u00e9 algo raro de acontecer\u201d, lamentou.<\/p>\n\n\n\n<figure class=\"wp-block-image size-large\"><img decoding=\"async\" src=\"https:\/\/www.grandepremio.com\/br\/wp-content\/uploads\/2025\/07\/inglaterra-2025-f1-treinos-livres-haas-esteban-ocon-03-1200x800.jpg\" alt=\"\" class=\"wp-image-988206\"\/><figcaption class=\"wp-element-caption\">Esteban Ocon lamentou &#8220;corrida muito frustrante&#8221; na Inglaterra (Foto: Haas F1 Team)<\/figcaption><\/figure>\n\n\n\n<p class=\"wp-block-paragraph\">\u201cEstou bastante irritado com a corrida no geral. Tamb\u00e9m estou triste pelo que ocorreu entre eu e o Oliver, \u00e9 uma situa\u00e7\u00e3o ruim para a equipe. Merec\u00edamos mais, merec\u00edamos pontuar, considerando onde largamos. Vamos analisar para melhorar e n\u00e3o repetir esses erros\u201d, encerrou Ocon.<\/p>\n\n\n\n<p class=\"wp-block-paragraph\">A&nbsp;<a href=\"https:\/\/www.grandepremio.com\/br\/f1\/\" target=\"_blank\" rel=\"noreferrer noopener\"><\/a><a href=\"https:\/\/www.grandepremio.com\/br\/f1\/\" target=\"_blank\" rel=\"noreferrer noopener\">F\u00f3rmula 1<\/a>&nbsp;volta de&nbsp;<strong>25 a 27 de julho<\/strong>, em&nbsp;<strong><a href=\"https:\/\/www.grandepremio.com\/br\/circuito\/spa-francorchamps\/\" target=\"_blank\" rel=\"noreferrer noopener\">Spa-Francorchamps<\/a><\/strong>, que recebe o&nbsp;<strong>GP da B\u00e9lgica<\/strong>.<\/p>\n\n\n\n<p class=\"wp-block-paragraph\"><strong>\u25b6\ufe0f<\/strong>&nbsp;<strong>Inscreva-se nos dois canais do GRANDE PR\u00caMIO no YouTube:&nbsp;<a href=\"https:\/\/www.youtube.com\/channel\/UC9OlHEgxoaY6QY6nWPoiqQg?sub_confirmation=1\" target=\"_blank\" rel=\"noreferrer noopener\">GP<\/a>&nbsp;|&nbsp;<a href=\"https:\/\/www.youtube.com\/channel\/UC9csiS6q_C3C0FYhyr1rnFA?sub_confirmation=1\" target=\"_blank\" rel=\"noreferrer noopener\">GP2<\/a><\/strong><br>\u25b6\ufe0f&nbsp;<strong>LEIA TAMB\u00c9M:&nbsp;<a href=\"https:\/\/www.grandepremio.com\/br\/f1\/noticias\/opiniao-gp-nico-hulkenberg-vai-enfim-podio-faz-justica-propria-historia-formula-1\/\">Opini\u00e3o GP: H\u00fclkenberg vai enfim ao p\u00f3dio e faz justi\u00e7a \u00e0 pr\u00f3pria hist\u00f3ria na F1<\/a><\/strong><\/p>\n\n\n\n<figure class=\"wp-block-embed is-type-video is-provider-youtube wp-block-embed-youtube wp-embed-aspect-16-9 wp-has-aspect-ratio\"><div class=\"wp-block-embed__wrapper\">\n<iframe loading=\"lazy\" title=\"PIASTRI \u00c9 PUNIDO E NORRIS VENCE, H\u00dcLKENBERG \u00c9 3\u00ba E PEGA P\u00d3DIO: a F1 na INGLATERRA | BRIEFING\" width=\"500\" height=\"281\" src=\"https:\/\/www.youtube.com\/embed\/AZiRm2OUumY?feature=oembed\" frameborder=\"0\" allow=\"accelerometer; autoplay; clipboard-write; encrypted-media; gyroscope; picture-in-picture; web-share\" referrerpolicy=\"strict-origin-when-cross-origin\" allowfullscreen><\/iframe>\n<\/div><figcaption class=\"wp-element-caption\">PIASTRI \u00c9 PUNIDO E NORRIS VENCE, H\u00dcLKENBERG \u00c9 3\u00ba E PEGA P\u00d3DIO: a F1 na INGLATERRA | BRIEFING<\/figcaption><\/figure>\n","protected":false},"excerpt":{"rendered":"<p>Esteban Ocon admitiu ter um GP da Inglaterra muito frustrante e que ele e Oliver Bearman mereciam pontuar em Silverstone<\/p>\n","protected":false},"author":0,"featured_media":1000989347,"comment_status":"closed","ping_status":"closed","sticky":false,"template":"","format":"standard","meta":{"42wp_featured_image_caption":"","42wp_featured_image_credits":"","42wp_featured_video":"","42wp_featured_image_hidden":false,"42wp_authors_list":[],"footnotes":""},"categories":[2],"tags":[26271,5273,302,147,3630,180,3628,1505,40176,1491,28285,119,30840,44066,4361,35129,3632,44058,31927,42001],"42wp_author":[47163],"class_list":["post-20200","post","type-post","status-publish","format-standard","has-post-thumbnail","hentry","category-f1","tag-calendario-f1","tag-classificacao-f1","tag-esteban-ocon","tag-f1","tag-f1-2025","tag-formula-1","tag-formula-1-2025","tag-gp-da-inglaterra","tag-gp-da-inglaterra-f1","tag-grande-premio","tag-grandepremio","tag-haas","tag-horarios-f1","tag-inglaterra-2025","tag-inglaterra-f1","tag-onde-assistir-f1","tag-silverstone","tag-silverstone-2025","tag-silverstone-f1","tag-temporada-2025-f1","42wp_author-caio-cavalcante"],"_links":{"self":[{"href":"https:\/\/grandepremio.com\/br\/wp-json\/wp\/v2\/posts\/20200","targetHints":{"allow":["GET"]}}],"collection":[{"href":"https:\/\/grandepremio.com\/br\/wp-json\/wp\/v2\/posts"}],"about":[{"href":"https:\/\/grandepremio.com\/br\/wp-json\/wp\/v2\/types\/post"}],"replies":[{"embeddable":true,"href":"https:\/\/grandepremio.com\/br\/wp-json\/wp\/v2\/comments?post=20200"}],"version-history":[{"count":0,"href":"https:\/\/grandepremio.com\/br\/wp-json\/wp\/v2\/posts\/20200\/revisions"}],"wp:featuredmedia":[{"embeddable":true,"href":"https:\/\/grandepremio.com\/br\/wp-json\/wp\/v2\/media\/1000989347"}],"wp:attachment":[{"href":"https:\/\/grandepremio.com\/br\/wp-json\/wp\/v2\/media?parent=20200"}],"wp:term":[{"taxonomy":"category","embeddable":true,"href":"https:\/\/grandepremio.com\/br\/wp-json\/wp\/v2\/categories?post=20200"},{"taxonomy":"post_tag","embeddable":true,"href":"https:\/\/grandepremio.com\/br\/wp-json\/wp\/v2\/tags?post=20200"},{"taxonomy":"42wp_author","embeddable":true,"href":"https:\/\/grandepremio.com\/br\/wp-json\/wp\/v2\/42wp_author?post=20200"}],"curies":[{"name":"wp","href":"https:\/\/api.w.org\/{rel}","templated":true}]}}