{"id":20215,"date":"2025-07-07T10:56:31","date_gmt":"2025-07-07T13:56:31","guid":{"rendered":"https:\/\/grandepremio.com\/br\/noticias\/onde-assistir-ao-vivo-gp-alemanha-motogp-2025\/"},"modified":"2025-07-07T10:57:30","modified_gmt":"2025-07-07T13:57:30","slug":"onde-assistir-ao-vivo-gp-alemanha-motogp-2025","status":"publish","type":"post","link":"https:\/\/grandepremio.com\/br\/motogp\/onde-assistir-ao-vivo-gp-alemanha-motogp-2025\/","title":{"rendered":"Onde assistir ao vivo ao GP da Alemanha de MotoGP 2025"},"content":{"rendered":"\n<p class=\"wp-block-paragraph\">Depois de uma semana de descanso, a <strong>MotoGP <\/strong>chega \u00e0 11\u00aa etapa da temporada <strong>2025<\/strong>: o GP da <strong>Alemanha<\/strong>. E, assim como aconteceu no m\u00eas passado, a disputa em <strong>Sachsenring <\/strong>intensifica o campeonato, j\u00e1 que ser\u00e1 imediatamente seguida pela volta do GP da <strong>Tch\u00e9quia<\/strong>.<\/p>\n\n\n\n<p class=\"wp-block-paragraph\">No <strong>Brasil<\/strong>, o p\u00fablico pode acompanhar as principais atividades do fim de semana pela <strong>ESPN 4<\/strong> e pelo servi\u00e7o de streaming <strong>Disney +<\/strong>. A narra\u00e7\u00e3o fica por conta de <strong>Matheus Pinheiro<\/strong>, com <strong>Fausto Macieira <\/strong>e <strong>Juliana Tesser<\/strong> nos coment\u00e1rios.<\/p>\n\n\n\n<p class=\"wp-block-paragraph\">Em <strong>Portugal<\/strong>, a <strong>Sport TV 2 <\/strong>vai exibir as atividades de sexta-feira, com a<strong> Sport TV 4<\/strong> se encarregando das demais atividades. A equipe de transmiss\u00e3o tem <strong>V\u00edtor Martins<\/strong>, <strong>Francisco Galr\u00e3o<\/strong>, <strong>V\u00edtor Carvalho <\/strong>e <strong>Rui Matias<\/strong>.<\/p>\n\n\n\n<p class=\"wp-block-paragraph\">O espectador tamb\u00e9m tem a possibilidade de acompanhar todas as sess\u00f5es de pista pelo streaming oficial da categoria. A assinatura anual do <strong>VideoPass <\/strong>no combo com cronometragem tem o custo de \u20ac 93,99 (aproximadamente R$ 601), com o pacote apenas de v\u00eddeo saindo por \u20ac 84,99 (em torno de R$ 543,50). A assinatura mensal sai por \u20ac 29,99 (cerca de R$ 192).<\/p>\n\n\n\n<figure class=\"wp-block-image size-large\"><img decoding=\"async\" src=\"https:\/\/www.grandepremio.com\/br\/wp-content\/uploads\/2023\/06\/390636_Ambience_Sachsenring_Round-8_MotoGP_Sachsenring-_GER_17-06-2021-4_8th-Rnd.-MotoGP-2021-_-Sachsenring-_GER_-1024x683.jpg\" alt=\"\" class=\"wp-image-694654\"\/><figcaption class=\"wp-element-caption\">Sachsenring \u00e9 o palco da MotoGP no fim de semana (Foto: KTM)<\/figcaption><\/figure>\n\n\n\n<p class=\"wp-block-paragraph\"><strong>\u25b6\ufe0f&nbsp;Inscreva-se nos dois canais do GRANDE PR\u00caMIO no YouTube:&nbsp;<a href=\"https:\/\/www.youtube.com\/channel\/UC9OlHEgxoaY6QY6nWPoiqQg?sub_confirmation=1\" target=\"_blank\" rel=\"noreferrer noopener\">GP<\/a>&nbsp;|&nbsp;<a href=\"https:\/\/www.youtube.com\/channel\/UC9csiS6q_C3C0FYhyr1rnFA?sub_confirmation=1\" target=\"_blank\" rel=\"noreferrer noopener\">GP2<\/a><\/strong><\/p>\n\n\n\n<p class=\"wp-block-paragraph\">O <strong>GRANDE PR\u00caMIO <\/strong>faz a cobertura completa do evento, assim como das outras classes do Mundial de Motovelocidade durante todo o ano.<\/p>\n\n\n\n<h3 class=\"wp-block-heading\" id=\"h-motogp-2025-gp-da-alemanha-sachsenring-horarios-do-fim-de-semana\"><strong>MotoGP 2025, GP da Alemanha, Sachsenring, Hor\u00e1rios do fim de semana:<\/strong><\/h3>\n\n\n\n<figure class=\"wp-block-table\"><table class=\"has-fixed-layout\"><tbody><tr><td><strong>DIA<\/strong><\/td><td><strong>CATEGORIA<\/strong><\/td><td><strong>SESS\u00c3O<\/strong><\/td><td><strong>HORA DO BRASIL<\/strong><\/td><td><strong>ESPN 4<\/strong><\/td><td><strong>HORA DE PORTUGAL<\/strong><\/td><td><strong>SPORT TV 2 | 4<\/strong><\/td><\/tr><tr><td><strong>Sexta<\/strong><\/td><td>Moto3<\/td><td>Treino livre 1<\/td><td>4h &#8211; 4h35<\/td><td>&nbsp;<\/td><td>8h &#8211; 8h35<\/td><td>\u2705<\/td><\/tr><tr><td><strong>Sexta<\/strong><\/td><td>Moto2<\/td><td>Treino livre 1<\/td><td>4h50 &#8211; 5h30<\/td><td>&nbsp;<\/td><td>8h50 &#8211; 9h30<\/td><td>\u2705<\/td><\/tr><tr><td><strong>Sexta<\/strong><\/td><td>MotoGP<\/td><td>Treino livre 1<\/td><td>5h45 &#8211; 6h30<\/td><td>&nbsp;<\/td><td>9h45 &#8211; 10h30<\/td><td>\u2705<\/td><\/tr><tr><td><strong>Sexta<\/strong><\/td><td>Moto3<\/td><td>Treino<\/td><td>8h15 &#8211; 8h50<\/td><td>\u2705<\/td><td>12h15 &#8211; 12h50<\/td><td>\u2705<\/td><\/tr><tr><td><strong>Sexta<\/strong><\/td><td>Moto2<\/td><td>Treino<\/td><td>9h05 &#8211; 9h45<\/td><td>\u2705<\/td><td>13h05 &#8211; 13h45<\/td><td>\u2705<\/td><\/tr><tr><td><strong>Sexta<\/strong><\/td><td>MotoGP<\/td><td>Treino<\/td><td>10h &#8211; 11h<\/td><td>\u2705<\/td><td>14h &#8211; 15h<\/td><td>\u2705<\/td><\/tr><tr><td><strong>S\u00e1bado<\/strong><\/td><td>Moto3<\/td><td>Treino livre 2<\/td><td>3h40 &#8211; 4h10<\/td><td>&nbsp;<\/td><td>7h40 &#8211; 8h10<\/td><td>\u2705<\/td><\/tr><tr><td><strong>S\u00e1bado<\/strong><\/td><td>Moto2<\/td><td>Treino livre 2<\/td><td>4h25 &#8211; 4h55<\/td><td>&nbsp;<\/td><td>8h25 &#8211; 8h55<\/td><td>\u2705<\/td><\/tr><tr><td><strong>S\u00e1bado<\/strong><\/td><td>MotoGP<\/td><td>Treino livre 2<\/td><td>5h10 &#8211; 5h40<\/td><td>\u2705<\/td><td>9h10 &#8211; 9h40<\/td><td>\u2705<\/td><\/tr><tr><td><strong>S\u00e1bado<\/strong><\/td><td>MotoGP<\/td><td>Q1<\/td><td>5h50 &#8211; 6h05<\/td><td>\u2705<\/td><td>9h50 &#8211; 10h05<\/td><td>\u2705<\/td><\/tr><tr><td><strong>S\u00e1bado<\/strong><\/td><td>MotoGP<\/td><td>Q2<\/td><td>6h15 &#8211; 6h30<\/td><td>\u2705<\/td><td>10h15 &#8211; 10h30<\/td><td>\u2705<\/td><\/tr><tr><td><strong>S\u00e1bado<\/strong><\/td><td>Moto3<\/td><td>Q1<\/td><td>7h50 &#8211; 8h05<\/td><td>\u2705<\/td><td>11h50 &#8211; 12h05<\/td><td>\u2705<\/td><\/tr><tr><td><strong>S\u00e1bado<\/strong><\/td><td>Moto3<\/td><td>Q2<\/td><td>8h15 &#8211; 8h30<\/td><td>\u2705<\/td><td>12h15 &#8211; 12h30<\/td><td>\u2705<\/td><\/tr><tr><td><strong>S\u00e1bado<\/strong><\/td><td>Moto2<\/td><td>Q1<\/td><td>8h45 &#8211; 9h<\/td><td>\u2705<\/td><td>12h45 &#8211; 13h<\/td><td>\u2705<\/td><\/tr><tr><td><strong>S\u00e1bado<\/strong><\/td><td>Moto2<\/td><td>Q2<\/td><td>9h10 &#8211; 9h25<\/td><td>\u2705<\/td><td>13h10 &#8211; 13h25<\/td><td>\u2705<\/td><\/tr><tr><td><strong>S\u00e1bado<\/strong><\/td><td>MotoGP<\/td><td>Sprint &#8211; 15 voltas<\/td><td>10h<\/td><td>\u2705<\/td><td>14h<\/td><td>\u2705<\/td><\/tr><tr><td><strong>Domingo<\/strong><\/td><td>MotoGP<\/td><td>Warm-Up<\/td><td>4h40 &#8211; 4h50<\/td><td>&nbsp;<\/td><td>8h40 &#8211; 8h50<\/td><td>\u2705<\/td><\/tr><tr><td><strong>Domingo<\/strong><\/td><td>Moto3<\/td><td>GP &#8211; 23 voltas<\/td><td>6h<\/td><td>\u2705<\/td><td>10h<\/td><td>\u2705<\/td><\/tr><tr><td><strong>Domingo<\/strong><\/td><td>Moto2<\/td><td>GP &#8211; 25 voltas<\/td><td>7h15<\/td><td>\u2705<\/td><td>11h15<\/td><td>\u2705<\/td><\/tr><tr><td><strong>Domingo<\/strong><\/td><td>MotoGP<\/td><td>GP &#8211; 30 voltas<\/td><td>9h<\/td><td>\u2705<\/td><td>13h<\/td><td>\u2705<\/td><\/tr><\/tbody><\/table><\/figure>\n\n\n\n<figure class=\"wp-block-embed is-type-video is-provider-youtube wp-block-embed-youtube wp-embed-aspect-16-9 wp-has-aspect-ratio\"><div class=\"wp-block-embed__wrapper\">\n<iframe loading=\"lazy\" title=\"MOREIRA ALVO DAS F\u00c1BRICAS E MART\u00cdN CONTRA PAREDE PELA MOTOGP | Paddock Sprint Moto\" width=\"500\" height=\"281\" src=\"https:\/\/www.youtube.com\/embed\/yi2ls7aczF4?feature=oembed\" frameborder=\"0\" allow=\"accelerometer; autoplay; clipboard-write; encrypted-media; gyroscope; picture-in-picture; web-share\" referrerpolicy=\"strict-origin-when-cross-origin\" allowfullscreen><\/iframe>\n<\/div><\/figure>\n","protected":false},"excerpt":{"rendered":"<p>No Brasil, a transmiss\u00e3o do Mundial de Motovelocidade \u00e9 feita pela ESPN 4 e Disney +. Em Portugal, exibi\u00e7\u00e3o vai se dividir entre Sport TV 2 e 4<\/p>\n","protected":false},"author":0,"featured_media":1000694655,"comment_status":"closed","ping_status":"closed","sticky":false,"template":"","format":"standard","meta":{"42wp_featured_image_caption":"","42wp_featured_image_credits":"","42wp_featured_video":"","42wp_featured_image_hidden":false,"42wp_authors_list":[],"footnotes":""},"categories":[8],"tags":[983,5214,131,6513,2327,28285,3504,130,24704,132,137,1300,79,78,39739,42042,41956,42032,42033,25819,29345,32257,28766,307,42034,25667,26690,136,3346,2984,41398,172],"42wp_author":[47113],"class_list":["post-20215","post","type-post","status-publish","format-standard","has-post-thumbnail","hentry","category-motogp","tag-alemanha","tag-classificacao-motogp","tag-ducati","tag-espn","tag-francesco-bagnaia","tag-grandepremio","tag-gresini","tag-honda","tag-jorge-martin","tag-ktm","tag-lcr","tag-marc-marquez","tag-moto-gp","tag-motogp","tag-motogp-2025","tag-motogp-2025-calendario","tag-motogp-25","tag-motogp-calendario-2025","tag-motogp-classificacao-2025","tag-motogp-hoje","tag-motogp-horario","tag-motogp-sprint","tag-motogp-standings","tag-motor","tag-onde-assistir-motogp-2025","tag-pecco-bagnaia","tag-pilotos-motogp","tag-pramac","tag-sachsenring","tag-sprint","tag-temporada-motogp","tag-yamaha","42wp_author-juliana-tesser"],"_links":{"self":[{"href":"https:\/\/grandepremio.com\/br\/wp-json\/wp\/v2\/posts\/20215","targetHints":{"allow":["GET"]}}],"collection":[{"href":"https:\/\/grandepremio.com\/br\/wp-json\/wp\/v2\/posts"}],"about":[{"href":"https:\/\/grandepremio.com\/br\/wp-json\/wp\/v2\/types\/post"}],"replies":[{"embeddable":true,"href":"https:\/\/grandepremio.com\/br\/wp-json\/wp\/v2\/comments?post=20215"}],"version-history":[{"count":0,"href":"https:\/\/grandepremio.com\/br\/wp-json\/wp\/v2\/posts\/20215\/revisions"}],"wp:featuredmedia":[{"embeddable":true,"href":"https:\/\/grandepremio.com\/br\/wp-json\/wp\/v2\/media\/1000694655"}],"wp:attachment":[{"href":"https:\/\/grandepremio.com\/br\/wp-json\/wp\/v2\/media?parent=20215"}],"wp:term":[{"taxonomy":"category","embeddable":true,"href":"https:\/\/grandepremio.com\/br\/wp-json\/wp\/v2\/categories?post=20215"},{"taxonomy":"post_tag","embeddable":true,"href":"https:\/\/grandepremio.com\/br\/wp-json\/wp\/v2\/tags?post=20215"},{"taxonomy":"42wp_author","embeddable":true,"href":"https:\/\/grandepremio.com\/br\/wp-json\/wp\/v2\/42wp_author?post=20215"}],"curies":[{"name":"wp","href":"https:\/\/api.w.org\/{rel}","templated":true}]}}