{"id":20230,"date":"2025-07-07T07:08:28","date_gmt":"2025-07-07T10:08:28","guid":{"rendered":"https:\/\/grandepremio.com\/br\/noticias\/andrea-kimi-antonelli-admite-momento-ruim-formula-1-dificil-achar-coisas-positivas\/"},"modified":"2025-07-07T08:48:32","modified_gmt":"2025-07-07T11:48:32","slug":"andrea-kimi-antonelli-admite-momento-ruim-formula-1-dificil-achar-coisas-positivas","status":"publish","type":"post","link":"https:\/\/grandepremio.com\/br\/f1\/andrea-kimi-antonelli-admite-momento-ruim-formula-1-dificil-achar-coisas-positivas\/","title":{"rendered":"Antonelli admite \u201cmomento ruim\u201d na F\u00f3rmula 1: \u201cDif\u00edcil achar coisas positivas\u201d\u00a0"},"content":{"rendered":"\n<p class=\"wp-block-paragraph\"><strong>Andrea Kimi Antonelli<\/strong> estreou na<strong> F\u00f3rmula 1<\/strong> em 2025, mas est\u00e1 enfrentando uma s\u00e9rie de dificuldades na principal categoria do esporte a motor. Embora tenha conseguido alguns feitos interessantes para um novato, o titular da <strong>Mercedes <\/strong>sofre para terminar constantemente nos pontos e, por isso, disse que precisa se apegar \u00e0s coisas positivas para voltar a performar bem na temporada.<\/p>\n\n\n\n<p class=\"wp-block-paragraph\">A <strong>Mercedes <\/strong>pulou etapas com <strong>Antonelli <\/strong>e o colocou para estrear na <strong>F\u00f3rmula 1<\/strong> j\u00e1 em 2025 com apenas 18 anos de idade. Apesar da juventude e da pouca experi\u00eancia, o italiano teve alguns feitos interessantes, como a corrida de recupera\u00e7\u00e3o na estreia no chuvoso <strong>GP da Austr\u00e1lia<\/strong>, a pole na sprint em <strong>Miami <\/strong>e o p\u00f3dio no <strong>GP do Canad\u00e1<\/strong>.<\/p>\n\n\n\n<p class=\"wp-block-paragraph\">Mas <strong>Antonelli <\/strong>enfrenta uma mar\u00e9 de azar desde que a F1 iniciou a perna europeia e nas \u00faltimas seis corridas pontuou apenas em uma oportunidade \u2014 no <strong>Canad\u00e1<\/strong>. O #12 tem um total de 63 pontos e ocupa a s\u00e9tima posi\u00e7\u00e3o no <strong>Mundial de Pilotos<\/strong>.<\/p>\n\n\n\n<p class=\"wp-block-paragraph\">Questionado pelo <strong>GRANDE PR\u00caMIO<\/strong> durante coletiva ap\u00f3s o <strong>GP da Inglaterra<\/strong>, <strong>Antonelli <\/strong>disse que se sentiu confort\u00e1vel com o carro durante a etapa em <strong>Silverstone<\/strong>, mas reconheceu que \u00e9 dif\u00edcil dar uma avalia\u00e7\u00e3o mais precisa, uma vez que o caos foi instaurado com as condi\u00e7\u00f5es de chuva.<\/p>\n\n\n\n\n\n\n\n<p class=\"wp-block-paragraph\">\u201cHoje \u00e9 dif\u00edcil dizer. As condi\u00e7\u00f5es eram muito complicadas e estava tudo muito dif\u00edcil. Quando voltei para a pista com pneus slick, me senti muito bem no carro, estava acompanhando os caras da frente, mas fui atingido\u201d, respondeu <strong>Antonelli <\/strong>ao <strong>GP<\/strong>.<\/p>\n\n\n\n<p class=\"wp-block-paragraph\">\u201cDesde s\u00e1bado me senti muito melhor com o carro. Acho que est\u00e1vamos indo muito bem at\u00e9 o abandono. N\u00e3o estou muito feliz, pois tive muitas corridas sem pontos. Depois do Canad\u00e1, enfrentei dificuldades para encontrar coisas positivas. Parece que nada funciona a nosso favor e precisamos focar, dar um reset e achar outra vez a luz no fim do t\u00fanel, pois, com certeza, n\u00e3o estou passando por um bom momento\u201d, finalizou <strong>Antonelli<\/strong>.<\/p>\n\n\n\n<p class=\"wp-block-paragraph\">A&nbsp;<a href=\"https:\/\/www.grandepremio.com\/br\/f1\/\" target=\"_blank\" rel=\"noreferrer noopener\"><\/a><a href=\"https:\/\/www.grandepremio.com\/br\/f1\/\" target=\"_blank\" rel=\"noreferrer noopener\">F\u00f3rmula 1<\/a>&nbsp;volta de&nbsp;<strong>25 a 27 de julho<\/strong>, em&nbsp;<strong><a href=\"https:\/\/www.grandepremio.com\/br\/circuito\/spa-francorchamps\/\" target=\"_blank\" rel=\"noreferrer noopener\">Spa-Francorchamps<\/a><\/strong>, que recebe o&nbsp;<strong>GP da B\u00e9lgica<\/strong>.<\/p>\n\n\n\n<p class=\"wp-block-paragraph\"><strong>\u25b6\ufe0f<\/strong>&nbsp;<strong>Inscreva-se nos dois canais do GRANDE PR\u00caMIO no YouTube:&nbsp;<a href=\"https:\/\/www.youtube.com\/channel\/UC9OlHEgxoaY6QY6nWPoiqQg?sub_confirmation=1\" target=\"_blank\" rel=\"noreferrer noopener\">GP<\/a>&nbsp;|&nbsp;<a href=\"https:\/\/www.youtube.com\/channel\/UC9csiS6q_C3C0FYhyr1rnFA?sub_confirmation=1\" target=\"_blank\" rel=\"noreferrer noopener\">GP2<\/a><\/strong><\/p>\n\n\n\n<figure class=\"wp-block-embed is-type-video is-provider-youtube wp-block-embed-youtube wp-embed-aspect-16-9 wp-has-aspect-ratio\"><div class=\"wp-block-embed__wrapper\">\n<iframe loading=\"lazy\" title=\"PIASTRI \u00c9 PUNIDO E NORRIS VENCE, H\u00dcLKENBERG \u00c9 3\u00ba E PEGA P\u00d3DIO: a F1 na INGLATERRA | BRIEFING\" width=\"500\" height=\"281\" src=\"https:\/\/www.youtube.com\/embed\/AZiRm2OUumY?feature=oembed\" frameborder=\"0\" allow=\"accelerometer; autoplay; clipboard-write; encrypted-media; gyroscope; picture-in-picture; web-share\" referrerpolicy=\"strict-origin-when-cross-origin\" allowfullscreen><\/iframe>\n<\/div><\/figure>\n","protected":false},"excerpt":{"rendered":"<p>Em coletiva ap\u00f3s o GP da Inglaterra, Andrea Kimi Antonelli disse ao GRANDE PR\u00caMIO que se sentiu confort\u00e1vel durante a etapa em Silverstone, mas reconheceu que vive um momento ruim na temporada<\/p>\n","protected":false},"author":0,"featured_media":1000988169,"comment_status":"closed","ping_status":"closed","sticky":false,"template":"","format":"standard","meta":{"42wp_featured_image_caption":"","42wp_featured_image_credits":"","42wp_featured_video":"","42wp_featured_image_hidden":false,"42wp_authors_list":[],"footnotes":""},"categories":[2],"tags":[27861,147,1505,1491,28285,897,82,535,40832,3632],"42wp_author":[47149],"class_list":["post-20230","post","type-post","status-publish","format-standard","has-post-thumbnail","hentry","category-f1","tag-andrea-kimi-antonelli","tag-f1","tag-gp-da-inglaterra","tag-grande-premio","tag-grandepremio","tag-inglaterra","tag-mercedes","tag-mercedes-f1","tag-pilotos-mercedes","tag-silverstone","42wp_author-bernardo-castro"],"_links":{"self":[{"href":"https:\/\/grandepremio.com\/br\/wp-json\/wp\/v2\/posts\/20230","targetHints":{"allow":["GET"]}}],"collection":[{"href":"https:\/\/grandepremio.com\/br\/wp-json\/wp\/v2\/posts"}],"about":[{"href":"https:\/\/grandepremio.com\/br\/wp-json\/wp\/v2\/types\/post"}],"replies":[{"embeddable":true,"href":"https:\/\/grandepremio.com\/br\/wp-json\/wp\/v2\/comments?post=20230"}],"version-history":[{"count":0,"href":"https:\/\/grandepremio.com\/br\/wp-json\/wp\/v2\/posts\/20230\/revisions"}],"wp:featuredmedia":[{"embeddable":true,"href":"https:\/\/grandepremio.com\/br\/wp-json\/wp\/v2\/media\/1000988169"}],"wp:attachment":[{"href":"https:\/\/grandepremio.com\/br\/wp-json\/wp\/v2\/media?parent=20230"}],"wp:term":[{"taxonomy":"category","embeddable":true,"href":"https:\/\/grandepremio.com\/br\/wp-json\/wp\/v2\/categories?post=20230"},{"taxonomy":"post_tag","embeddable":true,"href":"https:\/\/grandepremio.com\/br\/wp-json\/wp\/v2\/tags?post=20230"},{"taxonomy":"42wp_author","embeddable":true,"href":"https:\/\/grandepremio.com\/br\/wp-json\/wp\/v2\/42wp_author?post=20230"}],"curies":[{"name":"wp","href":"https:\/\/api.w.org\/{rel}","templated":true}]}}