{"id":20294,"date":"2025-07-06T00:15:00","date_gmt":"2025-07-06T03:15:00","guid":{"rendered":"https:\/\/grandepremio.com\/br\/noticias\/assista-ao-vivo-4-horas-imola-elms-2025-grande-premio\/"},"modified":"2025-07-02T19:50:52","modified_gmt":"2025-07-02T22:50:52","slug":"assista-ao-vivo-4-horas-imola-elms-2025-grande-premio","status":"publish","type":"post","link":"https:\/\/grandepremio.com\/br\/endurance\/elms\/assista-ao-vivo-4-horas-imola-elms-2025-grande-premio\/","title":{"rendered":"Assista ao vivo \u00e0s 4 Horas de \u00cdmola da ELMS no GRANDE PR\u00caMIO"},"content":{"rendered":"\n<p class=\"wp-block-paragraph\">Ap\u00f3s o sucesso estrondoso das\u00a0<strong>24 Horas de Le Mans<\/strong>,\u00a0<strong><a href=\"https:\/\/www.grandepremio.com\/br\/circuito\/nurburgring\/\" target=\"_blank\" rel=\"noreferrer noopener\">N\u00fcrburgring<\/a>\u00a0<\/strong>e\u00a0<strong>Spa-Francorchamps<\/strong> nos \u00faltimos finais de semana, al\u00e9m da temporada completa do\u00a0<strong>Mundial de Endurance<\/strong>\u00a0(<strong>WEC<\/strong>) e do\u00a0<strong>IMSA SportsCar<\/strong>, o\u00a0<strong>GRANDE PR\u00caMIO<\/strong>\u00a0agora se prepara para transmitir a temporada completa da\u00a0<strong>European Le Mans Series<\/strong>\u00a0(<strong>ELMS<\/strong>). O primeiro evento com cobertura do\u00a0<strong>GP<\/strong>, as <strong>4 Horas de \u00cdmola<\/strong>, acontece neste fim de semana. Por isso, os hor\u00e1rios para n\u00e3o perder nada.<\/p>\n\n\n\n<p class=\"wp-block-paragraph\">Neste domingo (6), acompanhe todas as emo\u00e7\u00f5es da <strong>corrida<\/strong> a partir das <strong>6h25<\/strong>.<\/p>\n\n\n\n<figure class=\"wp-block-image size-large\"><img decoding=\"async\" src=\"https:\/\/www.grandepremio.com\/br\/wp-content\/uploads\/2024\/04\/largada-elms-barcelona-1024x682.jpg\" alt=\"\" class=\"wp-image-801024\"\/><figcaption class=\"wp-element-caption\">Acompanhe as emo\u00e7\u00f5es das 4 Horas de \u00cdmola da ELMS no GRANDE PR\u00caMIO (Foto: Marcel Wulf\/ELMS)<\/figcaption><\/figure>\n\n\n\n<p class=\"wp-block-paragraph\" style=\"font-size:30px\"><strong>4 Horas da \u00cdmola: veja os hor\u00e1rios em Brasil e\u00a0<a href=\"https:\/\/grandepremio.pt\/\" target=\"_blank\" rel=\"noreferrer noopener\">Portugal<\/a><\/strong><\/p>\n\n\n\n<figure class=\"wp-block-table\"><table class=\"has-fixed-layout\"><tbody><tr><td><strong>DIA<\/strong><\/td><td><strong>SESS\u00c3O<\/strong><\/td><td><strong>BRA*<\/strong><\/td><td><strong>POR<\/strong><\/td><\/tr><tr><td><strong>Domingo<\/strong><\/td><td>Corrida<\/td><td>6:35<\/td><td>10:35<\/td><\/tr><\/tbody><\/table><\/figure>\n\n\n\n<p class=\"wp-block-paragraph\"><em>*Hor\u00e1rios de Bras\u00edlia<\/em><\/p>\n\n\n\n<p class=\"wp-block-paragraph\">\u25b6\ufe0f <strong>Inscreva-se nos dois canais do GRANDE PR\u00caMIO no YouTube:\u00a0<a href=\"https:\/\/www.youtube.com\/channel\/UC9OlHEgxoaY6QY6nWPoiqQg?sub_confirmation=1\" target=\"_blank\" rel=\"noreferrer noopener\">GP<\/a>\u00a0|\u00a0<a href=\"https:\/\/www.youtube.com\/channel\/UC9csiS6q_C3C0FYhyr1rnFA?sub_confirmation=1\" target=\"_blank\" rel=\"noreferrer noopener\">GP2<\/a><\/strong><\/p>\n\n\n\n<p class=\"wp-block-paragraph\" style=\"font-size:30px\"><strong>Assista \u00e0s 4 Horas de \u00cdmola da ELMS no GRANDE PR\u00caMIO:<\/strong><\/p>\n\n\n\n<figure class=\"wp-block-embed is-type-video is-provider-youtube wp-block-embed-youtube wp-embed-aspect-16-9 wp-has-aspect-ratio\"><div class=\"wp-block-embed__wrapper\">\n<iframe loading=\"lazy\" title=\"4H DE \u00cdMOLA AO VIVO E COM IMAGENS | CORRIDA | 3\u00aa ETAPA | EUROPEAN LE MANS SERIES 2025\" width=\"500\" height=\"281\" src=\"https:\/\/www.youtube.com\/embed\/A3GEfxlFkC4?feature=oembed\" frameborder=\"0\" allow=\"accelerometer; autoplay; clipboard-write; encrypted-media; gyroscope; picture-in-picture; web-share\" referrerpolicy=\"strict-origin-when-cross-origin\" allowfullscreen><\/iframe>\n<\/div><\/figure>\n","protected":false},"excerpt":{"rendered":"<p>As 4 Horas de \u00cdmola acontecem entre os dias 5 e 6 de julho, com transmiss\u00e3o AO VIVO e COM IMAGENS do GRANDE PR\u00caMIO<\/p>\n","protected":false},"author":0,"featured_media":1000462090,"comment_status":"closed","ping_status":"closed","sticky":false,"template":"","format":"standard","meta":{"42wp_featured_image_caption":"","42wp_featured_image_credits":"","42wp_featured_video":"","42wp_featured_image_hidden":false,"42wp_authors_list":[],"footnotes":""},"categories":[67],"tags":[6265,427,25516,1491,5386,1208,25286],"42wp_author":[47160],"class_list":["post-20294","post","type-post","status-publish","format-standard","has-post-thumbnail","hentry","category-elms","tag-elms","tag-endurance","tag-european-le-mans-series","tag-grande-premio","tag-imola","tag-le-mans","tag-transmissao","42wp_author-vicente-soella"],"_links":{"self":[{"href":"https:\/\/grandepremio.com\/br\/wp-json\/wp\/v2\/posts\/20294","targetHints":{"allow":["GET"]}}],"collection":[{"href":"https:\/\/grandepremio.com\/br\/wp-json\/wp\/v2\/posts"}],"about":[{"href":"https:\/\/grandepremio.com\/br\/wp-json\/wp\/v2\/types\/post"}],"replies":[{"embeddable":true,"href":"https:\/\/grandepremio.com\/br\/wp-json\/wp\/v2\/comments?post=20294"}],"version-history":[{"count":0,"href":"https:\/\/grandepremio.com\/br\/wp-json\/wp\/v2\/posts\/20294\/revisions"}],"wp:featuredmedia":[{"embeddable":true,"href":"https:\/\/grandepremio.com\/br\/wp-json\/wp\/v2\/media\/1000462090"}],"wp:attachment":[{"href":"https:\/\/grandepremio.com\/br\/wp-json\/wp\/v2\/media?parent=20294"}],"wp:term":[{"taxonomy":"category","embeddable":true,"href":"https:\/\/grandepremio.com\/br\/wp-json\/wp\/v2\/categories?post=20294"},{"taxonomy":"post_tag","embeddable":true,"href":"https:\/\/grandepremio.com\/br\/wp-json\/wp\/v2\/tags?post=20294"},{"taxonomy":"42wp_author","embeddable":true,"href":"https:\/\/grandepremio.com\/br\/wp-json\/wp\/v2\/42wp_author?post=20294"}],"curies":[{"name":"wp","href":"https:\/\/api.w.org\/{rel}","templated":true}]}}