{"id":20297,"date":"2025-07-05T18:55:36","date_gmt":"2025-07-05T21:55:36","guid":{"rendered":"https:\/\/grandepremio.com\/br\/noticias\/christian-lundgaard-celebra-2o-lugar-classificacao-gp-de-mid-ohio-boa-posicao-para-brigar\/"},"modified":"2025-07-05T19:20:42","modified_gmt":"2025-07-05T22:20:42","slug":"christian-lundgaard-celebra-2o-lugar-classificacao-gp-de-mid-ohio-boa-posicao-para-brigar","status":"publish","type":"post","link":"https:\/\/grandepremio.com\/br\/indy\/christian-lundgaard-celebra-2o-lugar-classificacao-gp-de-mid-ohio-boa-posicao-para-brigar\/","title":{"rendered":"Lundgaard celebra 2\u00ba lugar na classifica\u00e7\u00e3o do GP de Mid-Ohio: &#8220;Boa posi\u00e7\u00e3o para brigar&#8221;"},"content":{"rendered":"\n<p class=\"wp-block-paragraph\"><strong>Christian Lundgaard<\/strong> foi a grande sombra para <strong>\u00c1lex Palou<\/strong> durante o <strong>s\u00e1bado (5)<\/strong> em <strong>Mid-Ohio<\/strong>: o dinamarqu\u00eas foi o segundo na TL2 e na classifica\u00e7\u00e3o realizada no circuito localizado em <strong>Lexington<\/strong>, <strong>Ohio<\/strong>. Apesar de ficar 0s189 atr\u00e1s da pole-position, o dinamarqu\u00eas da McLaren celebrou um lugar na primeira fila.<\/p>\n\n\n\n<p class=\"wp-block-paragraph\">&#8220;N\u00e3o foi das sess\u00f5es mais empolgantes. Fui um dos poucos que usaram pneus duros novos na 1\u00aa e 2\u00aa parte da classifica\u00e7\u00e3o como volta de seguran\u00e7a, mas sabia que colocaria o macio de qualquer forma. O debate se usar\u00edamos um terceiro jogo ou n\u00e3o. Usamos no Fast Six. O pior que poderia acontecer era largar em sexto, ent\u00e3o pelo menos estamos em uma boa posi\u00e7\u00e3o para brigar amanh\u00e3&#8221;, disse Lundgaard.<\/p>\n\n\n\n<p class=\"wp-block-paragraph\">A classifica\u00e7\u00e3o de Mid-Ohio foi marcada pela elimina\u00e7\u00e3o precoce de grandes nomes do grid, como <strong>Pato O&#8217;Ward<\/strong>, tamb\u00e9m da <strong>McLaren<\/strong>, e o trio da <strong>Penske<\/strong> \u2014 <strong>Josef Newgarden<\/strong>, <strong>Will Power<\/strong> e <strong>Scott McLaughlin<\/strong> \u2014 que ficaram ainda na primeira fase da sess\u00e3o. Lundgaard enalteceu os jovens do grid, principalmente <strong>Kyffin Simpson<\/strong> e <strong>Nolan Siegel<\/strong>, que foram ao Fast Six e v\u00e3o largar na terceira e quarta posi\u00e7\u00e3o, respectivamente.<\/p>\n\n\n\n<p class=\"wp-block-paragraph\"><strong>\u25b6\ufe0f\u00a0Inscreva-se nos dois canais do GRANDE PR\u00caMIO no YouTube:\u00a0<a href=\"https:\/\/www.youtube.com\/channel\/UC9OlHEgxoaY6QY6nWPoiqQg?sub_confirmation=1\" target=\"_blank\" rel=\"noreferrer noopener\">GP<\/a>\u00a0|\u00a0<a href=\"https:\/\/www.youtube.com\/channel\/UC9csiS6q_C3C0FYhyr1rnFA?sub_confirmation=1\" target=\"_blank\" rel=\"noreferrer noopener\">GP2<\/a><\/strong><br><strong>LEIA MAIS:\u00a0<a href=\"https:\/\/www.grandepremio.com\/br\/indy\/noticias\/alex-palou-decepciona-concorrencia-crava-pole-position-gp-mid-ohio-indy\/\">Palou decepciona concorr\u00eancia e crava pole-position do GP de Mid-Ohio da Indy<\/a><\/strong><\/p>\n\n\n\n<figure class=\"wp-block-image size-large\"><img decoding=\"async\" src=\"https:\/\/www.grandepremio.com\/br\/wp-content\/uploads\/2025\/07\/Christian-Lundgaard-Honda-Indy-200-at-Mid-Ohio-By_-James-Black_Large-Image-Without-Watermark_m136409-1200x800.jpg\" alt=\"\" class=\"wp-image-988839\"\/><figcaption class=\"wp-element-caption\">Christian Lundgaard (Foto: IndyCar)<\/figcaption><\/figure>\n\n\n\n<p class=\"wp-block-paragraph\">&#8220;N\u00e3o sei [explicar as raz\u00f5es de grandes nomes serem eliminados precocemente]. H\u00e1 cada vez mais pilotos jovens mostrando potencial ao longo deste ano. Kyffin [Simpson] \u00e9 definitivamente um deles. Tem sido muito competitivo ultimamente. Sei do que o Nolan [Siegel] \u00e9 capaz. \u00c9 r\u00e1pido, e \u00e9 bom v\u00ea-lo mostrar isso neste fim de semana, conseguindo chegar ao Fast Six&#8221;, comentou Lundgaard.<\/p>\n\n\n\n<p class=\"wp-block-paragraph\">&#8220;Mas andar na frente \u00e9 um tipo diferente de desafio, e acho que o Alex vai concordar com isso. Assim que se come\u00e7a a destacar, os pequenos detalhes que fazem a diferen\u00e7a. Alguns deles ainda n\u00e3o foram expostos a isso no passado, e \u00e9 por isso que os veteranos acabam encontrando seu caminho&#8221;, encerrou Lundgaard.<\/p>\n\n\n\n<p class=\"wp-block-paragraph\">O GP de\u00a0<a href=\"https:\/\/www.grandepremio.com\/br\/circuito\/mid-ohio\/\" target=\"_blank\" rel=\"noreferrer noopener\">Mid-Ohio<\/a>\u00a0est\u00e1 marcado para acontecer neste domingo (6), a partir das 14h00 (de Bras\u00edlia, GMT-3), com cobertura completa do\u00a0<strong>GRANDE PR\u00caMIO.<\/strong><\/p>\n\n\n\n\n","protected":false},"excerpt":{"rendered":"<p>Christian Lundgaard aproveitou para elogiar Kyffin Simpson e Nolan Siegel, que avan\u00e7aram ao Fast Six e eliminaram medalh\u00f5es da Indy<\/p>\n","protected":false},"author":0,"featured_media":1000988837,"comment_status":"closed","ping_status":"closed","sticky":false,"template":"","format":"standard","meta":{"42wp_featured_image_caption":"","42wp_featured_image_credits":"","42wp_featured_video":"","42wp_featured_image_hidden":false,"42wp_authors_list":[],"footnotes":""},"categories":[3],"tags":[2980,5012,9828,417,20272,2908,28552,231,6133,1824,831,3753,41085,14640,3837,796,147,3630,3144,176,26800,39174,180,619,322,1595,1826,43645,3622,5100,25472,1491,28285,267,130,35361,2561,2555,93,39054,232,43021,18728,94,4717,39052,43910,1555,4157,31343,3201,39053,35179,1569,34788,39496,90,1782,4166,2140,31549,25714,645,29784,27380,265,349,1820,4156,3838,1869,1245,733,830,732,266,9944,321,2052,43992,29512,33231,1819,3133],"42wp_author":[47155],"class_list":["post-20297","post","type-post","status-publish","format-standard","has-post-thumbnail","hentry","category-indy","tag-500-milhas-indianapolis","tag-al-unser-jr","tag-alex-palou","tag-andretti","tag-brad-hollinger","tag-bump-day","tag-calendario-indy","tag-chevrolet","tag-classificacao-indy","tag-conor-daly","tag-dale-coyne","tag-dallara","tag-dan-towriss","tag-doug-boles","tag-elkhart-lake","tag-emerson-fittipaldi","tag-f1","tag-f1-2025","tag-felix-rosenqvist","tag-fernando-alonso","tag-fora-2","tag-fora-da-corrida","tag-formula-1","tag-formula-indy","tag-foyt","tag-ganassi","tag-gateway","tag-gp-da-gateway","tag-gp-de-mid-ohio","tag-gp-de-monaco","tag-gp-de-road-america","tag-grande-premio","tag-grandepremio","tag-helio-castroneves","tag-honda","tag-horarios-indy","tag-indianapolis","tag-indianapolis-motor-speedway","tag-indy","tag-indy-2025","tag-indy-500","tag-indy-ao-vivo-gratis","tag-indy-em-mid-ohio","tag-indycar","tag-jacob-abel","tag-joao-vergara","tag-jonathan-diuguid","tag-josef-newgarden","tag-juncos","tag-juncos-hollinger","tag-kyle-larson","tag-leonardo-escorpioni","tag-lucas-fecury","tag-marcus-ericsson","tag-max-garcia","tag-max-taylor","tag-mclaren","tag-meyer-shank","tag-mid-ohio","tag-monaco","tag-nicholas-monteiro","tag-nolan-siegel","tag-novo-carro","tag-onde-assistir-indy","tag-pato-oward-3","tag-penske","tag-prema","tag-pro-2000","tag-ricardo-juncos","tag-road-america","tag-robert-shwartzman","tag-roger-penske","tag-ryan-briscoe","tag-santino-ferrucci","tag-scott-dixon","tag-scott-mclaughlin","tag-tim-cindric","tag-tony-kanaan","tag-treino-livre-1","tag-usf","tag-usf-juniors","tag-usf-pro-2000","tag-usf2000","tag-will-power","42wp_author-daniel-balsa"],"_links":{"self":[{"href":"https:\/\/grandepremio.com\/br\/wp-json\/wp\/v2\/posts\/20297","targetHints":{"allow":["GET"]}}],"collection":[{"href":"https:\/\/grandepremio.com\/br\/wp-json\/wp\/v2\/posts"}],"about":[{"href":"https:\/\/grandepremio.com\/br\/wp-json\/wp\/v2\/types\/post"}],"replies":[{"embeddable":true,"href":"https:\/\/grandepremio.com\/br\/wp-json\/wp\/v2\/comments?post=20297"}],"version-history":[{"count":0,"href":"https:\/\/grandepremio.com\/br\/wp-json\/wp\/v2\/posts\/20297\/revisions"}],"wp:featuredmedia":[{"embeddable":true,"href":"https:\/\/grandepremio.com\/br\/wp-json\/wp\/v2\/media\/1000988837"}],"wp:attachment":[{"href":"https:\/\/grandepremio.com\/br\/wp-json\/wp\/v2\/media?parent=20297"}],"wp:term":[{"taxonomy":"category","embeddable":true,"href":"https:\/\/grandepremio.com\/br\/wp-json\/wp\/v2\/categories?post=20297"},{"taxonomy":"post_tag","embeddable":true,"href":"https:\/\/grandepremio.com\/br\/wp-json\/wp\/v2\/tags?post=20297"},{"taxonomy":"42wp_author","embeddable":true,"href":"https:\/\/grandepremio.com\/br\/wp-json\/wp\/v2\/42wp_author?post=20297"}],"curies":[{"name":"wp","href":"https:\/\/api.w.org\/{rel}","templated":true}]}}